{"id":537392,"date":"2025-11-16T04:18:19","date_gmt":"2025-11-16T04:18:19","guid":{"rendered":"https:\/\/www.europesays.com\/fr\/537392\/"},"modified":"2025-11-16T04:18:19","modified_gmt":"2025-11-16T04:18:19","slug":"une-collecte-solidaire-organisee-pour-offrir-un-colis-de-noel-aux-residents-dun-ehpad","status":"publish","type":"post","link":"https:\/\/www.europesays.com\/fr\/537392\/","title":{"rendered":"une collecte solidaire organis\u00e9e pour offrir un colis de No\u00ebl aux r\u00e9sidents d&rsquo;un Ehpad"},"content":{"rendered":"<p>Un v\u00eatement ou accessoire chaud, des aliments bons et non p\u00e9rissables, un produit d\u2019hygi\u00e8ne ou de beaut\u00e9, un jeu ou un livre, sans oublier une bo\u00eete de chaussure\u00a0: tels sont les ingr\u00e9dients qui composeront les colis solidaires qui seront offerts \u00e0 <a href=\"https:\/\/www.laprovence.com\/article\/culture-loisirs\/2832428838237114\/maneges-de-noel-foire-aux-santons-loto-que-faire-en-provence-ce-week-end-du-14-15-et-16-novembre\" target=\"_blank\" rel=\"noopener\">No\u00ebl <\/a>aux r\u00e9sidents de l\u2019Ehpad de la Fondation Saint-Jean-de-Dieu, \u00e0 <a href=\"https:\/\/www.laprovence.com\/article\/societe\/19824312559888\/ici-on-se-nourrit-par-le-ventre-par-l-esprit-et-le-coeur-a-marseille-l-apres-m-organise-une-soiree-de-partage\" target=\"_blank\" rel=\"noopener\">Saint-Barth\u00e9lemy<\/a> (14e).<\/p>\n<p>Marina, gestionnaire des ressources humaines au sein de la Fondation, a fait le choix de donner \u00ab\u00a0une robe de chambre en pilou, toute douce et r\u00e9confortante, tr\u00e8s agr\u00e9able \u00e0 porter\u00a0\u00bb, sourit-elle.<\/p>\n<p>Collecte pour une population vuln\u00e9rable<\/p>\n<p>C\u2019est la premi\u00e8re fois qu\u2019une telle collecte est organis\u00e9e dans cette b\u00e2tisse qui, apr\u00e8s avoir jou\u00e9 le r\u00f4le d\u2019hospice d\u00e8s les ann\u00e9es\u00a01850, accueille d\u00e9sormais 245 r\u00e9sidents en Ehpad, dans trois p\u00f4les\u00a0: sant\u00e9 mentale, neuro autonomie et sant\u00e9 pr\u00e9carit\u00e9. <a href=\"https:\/\/www.laprovence.com\/article\/economie\/4563556644942414\/budget-2026-gel-des-pensions-abattement-fiscal-le-pouvoir-dachat-des-retraites-touche\" target=\"_blank\" rel=\"noopener\">Une population vuln\u00e9rable<\/a> qui, quelle que soit sa confession, trouve refuge dans cet \u00e9tablissement gr\u00e2ce \u00e0 l\u2019aide sociale, soutenue par le D\u00e9partement.<\/p>\n<p><img alt=\"La Fondation Saint-Jean-de-Dieu offre un havre de paix qui s\u2019ouvre vers le quartier de Saint-Barth\u00e9lemy o\u00f9 elle est nich\u00e9e.\" loading=\"lazy\" decoding=\"async\" data-nimg=\"fill\" class=\" TwicCore_img__i9TC1 undefined  undefined\" style=\"position:absolute;height:100%;width:100%;left:0;top:0;right:0;bottom:0;color:transparent;background-size:cover;background-position:50% 50%;background-repeat:no-repeat;background-image:url(&quot;data:image\/svg+xml;charset=utf-8,%3Csvg xmlns='http:\/\/www.w3.org\/2000\/svg' %3E%3Cfilter id='b' color-interpolation-filters='sRGB'%3E%3CfeGaussianBlur stdDeviation='20'\/%3E%3CfeColorMatrix values='1 0 0 0 0 0 1 0 0 0 0 0 1 0 0 0 0 0 100 -1' result='s'\/%3E%3CfeFlood x='0' y='0' width='100%25' height='100%25'\/%3E%3CfeComposite operator='out' in='s'\/%3E%3CfeComposite in2='SourceGraphic'\/%3E%3CfeGaussianBlur stdDeviation='20'\/%3E%3C\/filter%3E%3Cimage width='100%25' height='100%25' x='0' y='0' preserveAspectRatio='none' style='filter: url(%23b);' href='https:\/\/pictures.laprovence.com\/cdn-cgi\/image\/blur=250\/media\/melody\/2025\/11\/15\/la-fondation-saint-jean-de-dieu-offre-un-havre-de-paix-qui-s-ouvre-vers-le-quartier-de-saint-barthel-1763188427_4a02b0bb261964e02b0bb26191212bv_.jpg'\/%3E%3C\/svg%3E&quot;)\"   src=\"https:\/\/www.europesays.com\/fr\/wp-content\/uploads\/2025\/11\/la-fondation-saint-jean-de-dieu-offre-un-havre-de-paix-qui-s-ouvre-vers-le-quartier-de-saint-barthel.jpeg\"\/>La Fondation Saint-Jean-de-Dieu offre un havre de paix qui s\u2019ouvre vers le quartier de Saint-Barth\u00e9lemy o\u00f9 elle est nich\u00e9e. \/ PHOTO L.M.<\/p>\n<p>\u00ab\u00a0Depuis quelques ann\u00e9es, la Fondation a la volont\u00e9 de s\u2019ouvrir au quartier pour permettre aux habitants de profiter de nos infrastructures\u00a0\u00bb, explique Lisa Del\u2019Guidice, charg\u00e9e de d\u00e9veloppement et de l\u2019innovation. Le tiers-lieu \u00ab\u00a0Place du village\u00a0\u00bb a vu le jour \u00e0 l\u2019Ehpad apr\u00e8s un appel d\u2019offres lanc\u00e9 par l\u2019Agence r\u00e9gionale de sant\u00e9.<\/p>\n<p>\u00ab\u00a0Cela nous a permis d\u2019obtenir le financement n\u00e9cessaire \u00e0 la cr\u00e9ation de quatre espaces ouverts aux r\u00e9sidents comme au public, poursuit Lisa Del\u2019Guidice. Un caf\u00e9-rencontre, une salle d\u2019animation (comprenant un espace sc\u00e9nique, une cuisine, une biblioth\u00e8que et un piano), accessible sur r\u00e9servation, un cybercaf\u00e9 et un jardin partag\u00e9 comprenant dix parcelles ouvertes \u00e0 deux associations du quartier et aux habitants, avec notamment Terre d\u2019entraide et partage de Font-Obscure.\u00a0\u00bb<\/p>\n<p>Un \u00ab\u00a0No\u00ebl qui r\u00e9chauffe\u00a0\u00bb<\/p>\n<p>L\u2019association qui g\u00e8rera ce <a href=\"https:\/\/www.laprovence.com\/article\/societe\/1901980358224314\/ancienne-manufacture-des-tabacs-plateforme-culturelle-la-folle-histoire-de-la-friche-la-belle-de-mai\" target=\"_blank\" rel=\"noopener\">tiers-lieu<\/a> est en passe de voir le jour, comprenant dans sa gouvernance, des repr\u00e9sentants du CIQ de Saint-Barth\u00e9lemy, de l\u2019association A3 (Aide aux aidants), de l\u2019Afah (association foyers atelier handicap\u00e9s) et des r\u00e9sidents salari\u00e9s.<\/p>\n<p>C\u2019est dans ce contexte qu\u2019est n\u00e9e l\u2019id\u00e9e d\u2019organiser un \u00ab\u00a0No\u00ebl qui r\u00e9chauffe\u00a0\u00bb. La collecte, qui se tient jusqu\u2019au 18\u00a0novembre, permettra de confectionner des colis surprises destin\u00e9s \u00e0 la vingtaine de r\u00e9sidents salari\u00e9s et b\u00e9n\u00e9voles de la structure, colis qui seront pr\u00e9par\u00e9s avec l\u2019aide des r\u00e9sidents du foyer de vie Saint-Rapha\u00ebl le 26\u00a0novembre, centre de la Fondation Saint-Jean-de-Dieu qui accueille des personnes en situation de handicap mental.<\/p>\n<p><img alt=\"L\u2019Ehpad de la Fondation Saint-Jean-de-Dieu accueillera un march\u00e9 de No\u00ebl et une friperie solidaire dans ses jardins les 5 et 6 d\u00e9cembre prochains.\" loading=\"lazy\" decoding=\"async\" data-nimg=\"fill\" class=\" TwicCore_img__i9TC1 undefined  undefined\" style=\"position:absolute;height:100%;width:100%;left:0;top:0;right:0;bottom:0;color:transparent;background-size:cover;background-position:50% 50%;background-repeat:no-repeat;background-image:url(&quot;data:image\/svg+xml;charset=utf-8,%3Csvg xmlns='http:\/\/www.w3.org\/2000\/svg' %3E%3Cfilter id='b' color-interpolation-filters='sRGB'%3E%3CfeGaussianBlur stdDeviation='20'\/%3E%3CfeColorMatrix values='1 0 0 0 0 0 1 0 0 0 0 0 1 0 0 0 0 0 100 -1' result='s'\/%3E%3CfeFlood x='0' y='0' width='100%25' height='100%25'\/%3E%3CfeComposite operator='out' in='s'\/%3E%3CfeComposite in2='SourceGraphic'\/%3E%3CfeGaussianBlur stdDeviation='20'\/%3E%3C\/filter%3E%3Cimage width='100%25' height='100%25' x='0' y='0' preserveAspectRatio='none' style='filter: url(%23b);' href='https:\/\/pictures.laprovence.com\/cdn-cgi\/image\/blur=250\/media\/melody\/2025\/11\/15\/l-ehpad-de-la-fondation-saint-jean-de-dieu-accueillera-un-marche-de-noel-et-une-friperie-solidaire-d-1763188427_65f6b0bb2619689f6b0bb26195df6bv_.jpg'\/%3E%3C\/svg%3E&quot;)\"   src=\"https:\/\/www.europesays.com\/fr\/wp-content\/uploads\/2025\/11\/l-ehpad-de-la-fondation-saint-jean-de-dieu-accueillera-un-marche-de-noel-et-une-friperie-solidaire-d.jpeg\"\/>L\u2019Ehpad de la Fondation Saint-Jean-de-Dieu accueillera un march\u00e9 de No\u00ebl et une friperie solidaire dans ses jardins les 5 et 6 d\u00e9cembre prochains. \/ PHOTO L.M.<\/p>\n<p>Les 5 et 6\u00a0d\u00e9cembre, un march\u00e9 de No\u00ebl et une friperie solidaire permettront, de 10h \u00e0 16h, de vendre des biscuits et petits objets fabriqu\u00e9s par les r\u00e9sidents. Et le 18\u00a0d\u00e9cembre, place au \u00ab\u00a0No\u00ebl qui r\u00e9chauffe\u00a0\u00bb\u00a0: \u00ab\u00a0On d\u00e9corera un grand sapin de No\u00ebl dans les jardins de la Fondation, on partagera une soupe, on chantera ensemble autour d\u2019un feu de bois avec des marshmallows, et on \u00e9changera les colis surprises, se r\u00e9jouit Lisa Del\u2019Guidice. Ce sera l\u2019occasion de rappeler que ce n\u2019est pas parce qu\u2019on n\u2019a pas grand-chose qu\u2019on ne peut pas f\u00eater un vrai No\u00ebl.\u00a0\u00bb<\/p>\n","protected":false},"excerpt":{"rendered":"Un v\u00eatement ou accessoire chaud, des aliments bons et non p\u00e9rissables, un produit d\u2019hygi\u00e8ne ou de beaut\u00e9, un&hellip;\n","protected":false},"author":2,"featured_media":537393,"comment_status":"","ping_status":"","sticky":false,"template":"","format":"standard","meta":{"footnotes":""},"categories":[2814],"tags":[17,1111,11,10957,1777,674,1011,27,884,12,22818,11367,471,882,16,25,12280,96],"class_list":{"0":"post-537392","1":"post","2":"type-post","3":"status-publish","4":"format-standard","5":"has-post-thumbnail","7":"category-marseille","8":"tag-17","9":"tag-actu","10":"tag-actualites","11":"tag-collecte","12":"tag-eu","13":"tag-europe","14":"tag-fr","15":"tag-france","16":"tag-marseille","17":"tag-news","18":"tag-offrir","19":"tag-organisee","20":"tag-pour","21":"tag-provence-alpes-cote-dazur","22":"tag-region","23":"tag-republique-francaise","24":"tag-solidaire","25":"tag-une"},"share_on_mastodon":{"url":"https:\/\/pubeurope.com\/@fr\/115557454298347346","error":""},"_links":{"self":[{"href":"https:\/\/www.europesays.com\/fr\/wp-json\/wp\/v2\/posts\/537392","targetHints":{"allow":["GET"]}}],"collection":[{"href":"https:\/\/www.europesays.com\/fr\/wp-json\/wp\/v2\/posts"}],"about":[{"href":"https:\/\/www.europesays.com\/fr\/wp-json\/wp\/v2\/types\/post"}],"author":[{"embeddable":true,"href":"https:\/\/www.europesays.com\/fr\/wp-json\/wp\/v2\/users\/2"}],"replies":[{"embeddable":true,"href":"https:\/\/www.europesays.com\/fr\/wp-json\/wp\/v2\/comments?post=537392"}],"version-history":[{"count":0,"href":"https:\/\/www.europesays.com\/fr\/wp-json\/wp\/v2\/posts\/537392\/revisions"}],"wp:featuredmedia":[{"embeddable":true,"href":"https:\/\/www.europesays.com\/fr\/wp-json\/wp\/v2\/media\/537393"}],"wp:attachment":[{"href":"https:\/\/www.europesays.com\/fr\/wp-json\/wp\/v2\/media?parent=537392"}],"wp:term":[{"taxonomy":"category","embeddable":true,"href":"https:\/\/www.europesays.com\/fr\/wp-json\/wp\/v2\/categories?post=537392"},{"taxonomy":"post_tag","embeddable":true,"href":"https:\/\/www.europesays.com\/fr\/wp-json\/wp\/v2\/tags?post=537392"}],"curies":[{"name":"wp","href":"https:\/\/api.w.org\/{rel}","templated":true}]}}