{"id":537398,"date":"2025-11-16T04:21:41","date_gmt":"2025-11-16T04:21:41","guid":{"rendered":"https:\/\/www.europesays.com\/fr\/537398\/"},"modified":"2025-11-16T04:21:41","modified_gmt":"2025-11-16T04:21:41","slug":"une-equipe-de-faux-coursiers-arretee","status":"publish","type":"post","link":"https:\/\/www.europesays.com\/fr\/537398\/","title":{"rendered":"une \u00e9quipe de faux coursiers arr\u00eat\u00e9e"},"content":{"rendered":"<p>Une \u00e9quipe de voleurs qui se faisaient passer pour des coursiers a \u00e9t\u00e9 d\u00e9mantel\u00e9e mercredi 12\u00a0novembre, apr\u00e8s un mois d\u2019une enqu\u00eate minutieuse dans laquelle la vid\u00e9osurveillance et la t\u00e9l\u00e9phonie ont jou\u00e9 un r\u00f4le important.<\/p>\n<p>Tout commence le 14\u00a0octobre dernier \u00e0 Lyon (4e), quand un atelier de bijouterie de la Croix-Rousse remet \u00e0 un coursier quatorze colis renfermant quatre-vingt-quatorze bijoux, d\u2019une valeur totale de 120\u00a0000\u00a0euros.<\/p>\n<p>Tout semble alors normal, mais les colis n\u2019arriveront jamais \u00e0 destination. Pour cause, puisqu\u2019ils ont \u00e9t\u00e9 d\u00e9tourn\u00e9s gr\u00e2ce \u00e0 une complicit\u00e9 interne au sein d\u2019une soci\u00e9t\u00e9 de livraison et \u00e0 un ancien employ\u00e9 d\u2019une autre soci\u00e9t\u00e9 du secteur.<\/p>\n<p>  La complicit\u00e9 d\u2019un employ\u00e9 d\u2019une soci\u00e9t\u00e9 de transport<\/p>\n<p>Ce dernier, \u00e2g\u00e9 de 30 ans et domicili\u00e9 \u00e0 V\u00e9nissieux, a conserv\u00e9 des badges et des v\u00eatements qui lui ont permis de se faire passer pour un vrai coursier. Il a agi avec deux complices, des Lyonnais \u00e2g\u00e9s de 31 et 32 ans, et n\u2019aurait rien pu faire sans un quatri\u00e8me homme, employ\u00e9 d\u2019une soci\u00e9t\u00e9 de transport, qui leur a transmis les feuilles de route destin\u00e9es aux livreurs de l\u2019entreprise.<\/p>\n<p>Ce contenu est bloqu\u00e9 car vous n&rsquo;avez pas accept\u00e9 les cookies et autres traceurs.<\/p>\n<p>En cliquant sur \u00ab J\u2019accepte \u00bb, les cookies et autres traceurs seront d\u00e9pos\u00e9s et vous pourrez visualiser les contenus  (<a href=\"\" class=\"consentModule_policy\" target=\"_blank\" title=\"Consulter la politique de protection des donn\u00e9es du fournisseur\">plus d&rsquo;informations<\/a>).<\/p>\n<p>En cliquant sur \u00ab J\u2019accepte tous les cookies \u00bb, vous autorisez des d\u00e9p\u00f4ts de cookies et autres traceurs pour le stockage de vos donn\u00e9es sur nos sites et applications \u00e0 des fins de personnalisation et de ciblage publicitaire.<\/p>\n<p class=\"consentModule_secondaryText\">Vous gardez la possibilit\u00e9 de retirer votre consentement \u00e0 tout moment en consultant notre <a href=\"https:\/\/www.leprogres.fr\/protection-des-donnees\" target=\"_blank\" title=\"Consulter notre politique de protection des donn\u00e9es\" rel=\"noopener\">politique de protection des donn\u00e9es<\/a>. <br \/>&#13;<br \/>\n            <a href=\"https:\/\/www.leprogres.fr\/faits-divers-justice\/2025\/11\/15\/javascript:Didomi.notice.show()\" class=\"consentModule_cmp\" target=\"_blank\" rel=\"noopener\">G\u00e9rer mes choix<\/a>&#13;\n        <\/p>\n<p>&#13;<br \/>\n                        J&rsquo;accepte&#13;<br \/>\n            J&rsquo;accepte tous les cookies&#13;\n        <\/p>\n<p>Gr\u00e2ce \u00e0 ces listes, les escrocs ont rep\u00e9r\u00e9 les clients susceptibles de confier des marchandises de valeur, et ont jet\u00e9 leur d\u00e9volu sur des bijouteries. L\u2019une d\u2019elles est tomb\u00e9e dans le pi\u00e8ge, trois autres ont eu des doutes et ont d\u00e9pos\u00e9 plainte pour tentative de vol.<\/p>\n<p>  Vol dans un camion<\/p>\n<p>Au cours des investigations, les enqu\u00eateurs ont par ailleurs d\u00e9couvert que deux des suspects \u00e9taient les auteurs d\u2019un vol commis le 4\u00a0novembre vers 11\u00a0h\u00a030, devant le Grand H\u00f4tel-Dieu \u00e0 Lyon (2e). Alors qu\u2019un livreur venait de se garer, il s\u2019est fait voler dans son camion un colis destin\u00e9 \u00e0 une fabrique d\u2019or. Il ne renfermait pas de m\u00e9tal pr\u00e9cieux, mais des produits chimiques d\u2019une valeur de 115\u00a0000\u00a0euros.<\/p>\n<p>Apr\u00e8s l\u2019arrestation des suspects, les perquisitions n\u2019ont pas permis de retrouver le butin, que les voleurs auraient remis \u00e0 un tiers en raison de dettes. Ils ont \u00e9t\u00e9 pr\u00e9sent\u00e9s ce vendredi au parquet et l\u2019ancien coursier et ses deux complices ont \u00e9t\u00e9 plac\u00e9s en d\u00e9tention provisoire. L\u2019employ\u00e9 qui a fourni les feuilles de route a \u00e9t\u00e9 plac\u00e9 sous contr\u00f4le judiciaire, dans l\u2019attente d\u2019un jugement.<\/p>\n<p>\u00c0 l\u2019approche des f\u00eates, la police rappelle que le nombre d<a href=\"https:\/\/www.leprogres.fr\/faits-divers-justice\/2025\/10\/09\/arnaque-au-faux-coursier-de-banque-comment-les-victimes-plongent\" target=\"_blank\" rel=\"noopener\">\u2019arnaques aux faux coursiers<\/a> risque d\u2019augmenter. Elle recommande de v\u00e9rifier l\u2019identit\u00e9 et l\u2019affiliation \u00e0 une entreprise avant de remettre des objets de valeur.<\/p>\n","protected":false},"excerpt":{"rendered":"Une \u00e9quipe de voleurs qui se faisaient passer pour des coursiers a \u00e9t\u00e9 d\u00e9mantel\u00e9e mercredi 12\u00a0novembre, apr\u00e8s un&hellip;\n","protected":false},"author":2,"featured_media":537399,"comment_status":"","ping_status":"","sticky":false,"template":"","format":"standard","meta":{"footnotes":""},"categories":[1889],"tags":[1111,11,2430,271,272,3152,2757,1777,674,274,107,1011,27,2428,10928,10927,12,25,2429,4375],"class_list":{"0":"post-537398","1":"post","2":"type-post","3":"status-publish","4":"format-standard","5":"has-post-thumbnail","7":"category-lyon","8":"tag-actu","9":"tag-actualites","10":"tag-auvergne-rhone-alpes","11":"tag-crime","12":"tag-delit-et-contravention","13":"tag-edition-est-lyonnais","14":"tag-edition-lyon-villeurbanne","15":"tag-eu","16":"tag-europe","17":"tag-faits-divers-justice","18":"tag-fil-info","19":"tag-fr","20":"tag-france","21":"tag-lyon","22":"tag-lyon-4e","23":"tag-lyon-4e-arrondissement","24":"tag-news","25":"tag-republique-francaise","26":"tag-rhone","27":"tag-venissieux"},"share_on_mastodon":{"url":"https:\/\/pubeurope.com\/@fr\/115557465039541421","error":""},"_links":{"self":[{"href":"https:\/\/www.europesays.com\/fr\/wp-json\/wp\/v2\/posts\/537398","targetHints":{"allow":["GET"]}}],"collection":[{"href":"https:\/\/www.europesays.com\/fr\/wp-json\/wp\/v2\/posts"}],"about":[{"href":"https:\/\/www.europesays.com\/fr\/wp-json\/wp\/v2\/types\/post"}],"author":[{"embeddable":true,"href":"https:\/\/www.europesays.com\/fr\/wp-json\/wp\/v2\/users\/2"}],"replies":[{"embeddable":true,"href":"https:\/\/www.europesays.com\/fr\/wp-json\/wp\/v2\/comments?post=537398"}],"version-history":[{"count":0,"href":"https:\/\/www.europesays.com\/fr\/wp-json\/wp\/v2\/posts\/537398\/revisions"}],"wp:featuredmedia":[{"embeddable":true,"href":"https:\/\/www.europesays.com\/fr\/wp-json\/wp\/v2\/media\/537399"}],"wp:attachment":[{"href":"https:\/\/www.europesays.com\/fr\/wp-json\/wp\/v2\/media?parent=537398"}],"wp:term":[{"taxonomy":"category","embeddable":true,"href":"https:\/\/www.europesays.com\/fr\/wp-json\/wp\/v2\/categories?post=537398"},{"taxonomy":"post_tag","embeddable":true,"href":"https:\/\/www.europesays.com\/fr\/wp-json\/wp\/v2\/tags?post=537398"}],"curies":[{"name":"wp","href":"https:\/\/api.w.org\/{rel}","templated":true}]}}