{"id":537413,"date":"2025-11-16T04:32:13","date_gmt":"2025-11-16T04:32:13","guid":{"rendered":"https:\/\/www.europesays.com\/fr\/537413\/"},"modified":"2025-11-16T04:32:13","modified_gmt":"2025-11-16T04:32:13","slug":"maduro-qualifie-dirresponsables-les-exercices-militaires-des-etats-unis-avec-trinite-et-tobago","status":"publish","type":"post","link":"https:\/\/www.europesays.com\/fr\/537413\/","title":{"rendered":"Maduro qualifie d&rsquo;\u00abirresponsables\u00bb les exercices militaires des \u00c9tats-Unis avec Trinit\u00e9-et-Tobago"},"content":{"rendered":"<p>\n    Les \u00c9tats-Unis m\u00e8nent depuis septembre des frappes a\u00e9riennes au large de l\u2019Am\u00e9rique latine contre des navires pr\u00e9sent\u00e9s, sans preuve, comme appartenant \u00e0 des trafiquants de drogue.<\/p>\n<p class=\"fig-paragraph\">Le pr\u00e9sident v\u00e9n\u00e9zu\u00e9lien\u00a0<a href=\"https:\/\/video.lefigaro.fr\/figaro\/international\/nicolas-maduro-declare-etre-plus-celebre-que-taylor-swift-20251105\" data-fig-type=\"Video\" data-gtm-custom-categorie=\"navigation\" data-gtm-custom-action=\"crossclick\" data-gtm-custom-label=\"Contextuel\" data-gtm-event=\"customEventSPE\" data-fig-domain=\"LEFIGARO\" rel=\"nofollow noopener\" target=\"_blank\">Nicol\u00e1s Maduro<\/a>\u00a0a qualifi\u00e9 samedi d&rsquo;\u00abirresponsables\u00bb les nouveaux exercices militaires de Trinit\u00e9-et-Tobago avec les\u00a0<a href=\"http:\/\/www.lefigaro.fr\/international\/dossier\/presidentielle-aux-etats-unis-les-comtes-qui-comptent\" data-fig-type=\"Topic\" data-gtm-custom-categorie=\"navigation\" data-gtm-custom-action=\"crossclick\" data-gtm-custom-label=\"Contextuel\" data-gtm-event=\"customEventSPE\" data-fig-domain=\"LEFIGARO\" rel=\"nofollow noopener\" target=\"_blank\">\u00c9tats-Unis<\/a>, dont les op\u00e9rations en mer des Cara\u00efbes contre le trafic de drogue irritent Caracas. Ces man\u0153uvres conjointes, qui doivent avoir lieu de dimanche \u00e0 vendredi, sont les deuxi\u00e8mes en moins d&rsquo;un mois entre Washington et son petit alli\u00e9 insulaire voisin du Venezuela.<\/p>\n<p class=\"fig-paragraph\">\u00abLe gouvernement de Trinit\u00e9-et-Tobago a r\u00e9cemment annonc\u00e9 des exercices irresponsables, pr\u00eatant ses eaux en face de l&rsquo;\u00c9tat de Sucre (au Venezuela, ndlr) pour des exercices militaires qui pr\u00e9tendent \u00eatre mena\u00e7ants pour une r\u00e9publique comme le Venezuela, qui ne se laisse menacer par personne\u00bb, a lanc\u00e9 Nicol\u00e1s Maduro lors d&rsquo;un \u00e9v\u00e9nement public \u00e0 Caracas.<\/p>\n<p>                                    <a class=\"fig-a11y-skip a11y-hidden\" href=\"#fig-a11y-skip-main-inarticle\"><br \/>\n        Passer la publicit\u00e9<br \/>\n    <\/a><\/p>\n<p class=\"fig-paragraph\">Le dirigeant a invit\u00e9 ses sympathisants des r\u00e9gions orientales du pays \u00e0 organiser une \u00abveill\u00e9e et une marche permanente dans les rues\u00bb durant ces manoeuvres, appelant \u00e0 \u00abse mobiliser avec une ferveur patriotique pour leur dire \u2019Allez vous-en, bateaux imp\u00e9rialistes\u00a0!\u2019\u00bb. M. Maduro a n\u00e9anmoins exhort\u00e9 la population \u00e0 \u00abne tomber dans la provocation \u00e0 aucun moment\u00bb.<\/p>\n<p>20 assauts faisant au moins 80 morts<\/p>\n<p class=\"fig-paragraph\">Les exercices entre Washington et Port-d&rsquo;Espagne ont lieu alors que le d\u00e9ploiement militaire am\u00e9ricain dans la r\u00e9gion s&rsquo;est consid\u00e9rablement renforc\u00e9 avec l&rsquo;arriv\u00e9e toute r\u00e9cente du porte-avions Gerald Ford, le plus grand au monde. Un destroyer am\u00e9ricain avait d\u00e9j\u00e0 accost\u00e9 en octobre \u00e0 Trinit\u00e9-et-Tobago pour d&rsquo;autres entra\u00eenements que le Venezuela a qualifi\u00e9s de provocation.<\/p>\n<p class=\"fig-paragraph\">Les \u00c9tats-Unis m\u00e8nent depuis septembre des frappes a\u00e9riennes au large de l&rsquo;Am\u00e9rique latine contre des navires pr\u00e9sent\u00e9s, sans preuve, comme appartenant \u00e0 des trafiquants de drogue. Ces attaques ont d\u00e9truit au moins 21 navires lors de 20 assauts dans les eaux internationales, faisant au moins 80 morts. Cette campagne a nettement aggrav\u00e9 les tensions r\u00e9gionales, surtout avec le Venezuela.<\/p>\n<p class=\"fig-paragraph\">Le pr\u00e9sident Donald Trump accuse Nicol\u00e1s Maduro d&rsquo;\u00eatre \u00e0 la t\u00eate d&rsquo;un cartel et la justice am\u00e9ricaine offre une r\u00e9compense de 50 millions de dollars pour sa capture. Selon Caracas, Washington cherche \u00e0 utiliser la lutte antidrogue comme pr\u00e9texte pour imposer un changement de r\u00e9gime au Venezuela et s&#8217;emparer du p\u00e9trole du pays.<\/p>\n","protected":false},"excerpt":{"rendered":"Les \u00c9tats-Unis m\u00e8nent depuis septembre des frappes a\u00e9riennes au large de l\u2019Am\u00e9rique latine contre des navires pr\u00e9sent\u00e9s, sans&hellip;\n","protected":false},"author":2,"featured_media":537414,"comment_status":"","ping_status":"","sticky":false,"template":"","format":"standard","meta":{"footnotes":""},"categories":[1589],"tags":[11,75,73,1866,12,1864,1865,1863,308],"class_list":{"0":"post-537413","1":"post","2":"type-post","3":"status-publish","4":"format-standard","5":"has-post-thumbnail","7":"category-etats-unis","8":"tag-actualites","9":"tag-donald-trump","10":"tag-etats-unis","11":"tag-etats-unis-damerique","12":"tag-news","13":"tag-united-states","14":"tag-united-states-of-america","15":"tag-us","16":"tag-usa"},"share_on_mastodon":{"url":"https:\/\/pubeurope.com\/@fr\/115557508513399016","error":""},"_links":{"self":[{"href":"https:\/\/www.europesays.com\/fr\/wp-json\/wp\/v2\/posts\/537413","targetHints":{"allow":["GET"]}}],"collection":[{"href":"https:\/\/www.europesays.com\/fr\/wp-json\/wp\/v2\/posts"}],"about":[{"href":"https:\/\/www.europesays.com\/fr\/wp-json\/wp\/v2\/types\/post"}],"author":[{"embeddable":true,"href":"https:\/\/www.europesays.com\/fr\/wp-json\/wp\/v2\/users\/2"}],"replies":[{"embeddable":true,"href":"https:\/\/www.europesays.com\/fr\/wp-json\/wp\/v2\/comments?post=537413"}],"version-history":[{"count":0,"href":"https:\/\/www.europesays.com\/fr\/wp-json\/wp\/v2\/posts\/537413\/revisions"}],"wp:featuredmedia":[{"embeddable":true,"href":"https:\/\/www.europesays.com\/fr\/wp-json\/wp\/v2\/media\/537414"}],"wp:attachment":[{"href":"https:\/\/www.europesays.com\/fr\/wp-json\/wp\/v2\/media?parent=537413"}],"wp:term":[{"taxonomy":"category","embeddable":true,"href":"https:\/\/www.europesays.com\/fr\/wp-json\/wp\/v2\/categories?post=537413"},{"taxonomy":"post_tag","embeddable":true,"href":"https:\/\/www.europesays.com\/fr\/wp-json\/wp\/v2\/tags?post=537413"}],"curies":[{"name":"wp","href":"https:\/\/api.w.org\/{rel}","templated":true}]}}