{"id":537415,"date":"2025-11-16T04:33:21","date_gmt":"2025-11-16T04:33:21","guid":{"rendered":"https:\/\/www.europesays.com\/fr\/537415\/"},"modified":"2025-11-16T04:33:21","modified_gmt":"2025-11-16T04:33:21","slug":"londres-annonce-une-vaste-reforme-pour-dissuader-les-migrants","status":"publish","type":"post","link":"https:\/\/www.europesays.com\/fr\/537415\/","title":{"rendered":"Londres annonce une vaste r\u00e9forme pour dissuader les\u00a0migrants"},"content":{"rendered":"<p class=\"sc-jbo7hw-7 bDkRIk\">Restriction de la protection accord\u00e9e aux r\u00e9fugi\u00e9s et des aides accord\u00e9es aux demandeurs d&rsquo;asile\u00a0: le gouvernement britannique a annonc\u00e9 samedi soir qu&rsquo;il prendra des mesures \u00ab\u00a0historiques\u00a0\u00bb pour limiter les arriv\u00e9es de migrants au Royaume-Uni et pour contrer la mont\u00e9e du parti anti-immigration de Nigel\u00a0Farage.<\/p>\n<p class=\"sc-jbo7hw-7 bDkRIk\">Ce pays a une fi\u00e8re tradition d&rsquo;accueil des personnes qui fuient le danger, mais notre g\u00e9n\u00e9rosit\u00e9 attire les migrants clandestins \u00e0 travers la Manche, a d\u00e9clar\u00e9 la ministre de l&rsquo;Int\u00e9rieur, Shabana Mahmood, cit\u00e9e dans un communiqu\u00e9 de son minist\u00e8re.<\/p>\n<p class=\"sc-jbo7hw-7 bDkRIk\">Deux mesures phares ont \u00e9t\u00e9 annonc\u00e9es par des communiqu\u00e9s du minist\u00e8re de Mme\u00a0Mahmood en attendant la pr\u00e9sentation de son plan d\u00e9taill\u00e9, pr\u00e9vue devant le Parlement lundi.<\/p>\n<p><img decoding=\"async\" alt=\"Shabana Mahmood, cheveux au vent, cartable \u00e0 la main.\" class=\"absolute left-0 top-0 size-full object-cover transition-opacity ease-out print:relative html-dark:brightness-[.8]\" loading=\"lazy\" src=\"https:\/\/www.europesays.com\/fr\/wp-content\/uploads\/2025\/11\/shabana-mahmood.jpg\"\/>Ouvrir en mode plein \u00e9cran<\/p>\n<p class=\"sc-ic6be9-2 kYrgAK\">La ministre de l&rsquo;Int\u00e9rieur du Royaume-Uni, Shabana Mahmood, en ao\u00fbt 2024. (Photo d&rsquo;archives)<\/p>\n<p class=\"sc-ic6be9-1 cJJtvJ text-gray600 light:text-gray600 dark:text-gray400\">Photo : Reuters \/ Toby Melville<\/p>\n<p class=\"sc-jbo7hw-7 bDkRIk\">Le gouvernement va d&rsquo;abord r\u00e9duire la protection accord\u00e9e aux r\u00e9fugi\u00e9s, qui seront forc\u00e9s de rentrer dans leur pays d&rsquo;origine d\u00e8s que celui-ci sera jug\u00e9 s\u00e9curitaire.<\/p>\n<p class=\"sc-jbo7hw-7 bDkRIk\">Un \u00ab\u00a0billet en or\u00a0\u00bb a fait grimper le nombre de demandes d&rsquo;asile au Royaume-Uni, poussant les gens \u00e0 traverser l&rsquo;Europe, via des pays s\u00fbrs, pour monter \u00e0 bord d&#8217;embarcations de fortune, a indiqu\u00e9 la ministre. Je vais mettre fin \u00e0 ce billet en or.<\/p>\n<p class=\"sc-jbo7hw-7 bDkRIk\">Gr\u00e2ce \u00e0 des conditions bien plus g\u00e9n\u00e9reuses au Royaume-Uni, les r\u00e9fugi\u00e9s peuvent actuellement demander \u00e0 s&rsquo;installer d\u00e9finitivement, sans frais, apr\u00e8s cinq\u00a0ans au Royaume-Uni, sans avoir contribu\u00e9 au pays, a soulign\u00e9 son minist\u00e8re.<\/p>\n<p class=\"sc-jbo7hw-7 bDkRIk\">Le nouveau syst\u00e8me r\u00e9duira de moiti\u00e9 la dur\u00e9e de leur s\u00e9jour (de 5\u00a0ans \u00e0 30\u00a0mois) et multipliera par quatre le d\u00e9lai n\u00e9cessaire pour demander \u00e0 devenir r\u00e9sident permanent (de\u00a05 \u00e0 20\u00a0ans), a-t-il pr\u00e9cis\u00e9.<\/p>\n<p class=\"sc-jbo7hw-7 bDkRIk\">Les r\u00e9fugi\u00e9s qui souhaitent devenir r\u00e9sidents permanents plus vite devront travailler ou \u00e9tudier, a-t-il encore ajout\u00e9.<\/p>\n<p class=\"sc-jbo7hw-7 bDkRIk\">L&rsquo;autre mesure phare est la suppression de l&rsquo;acc\u00e8s automatique aux aides sociales \u2013\u00a0logement, allocations financi\u00e8res\u00a0\u2013 pour les demandeurs d&rsquo;asile.<\/p>\n<p class=\"sc-jbo7hw-7 bDkRIk\">Le gouvernement veut supprimer ces aides pour ceux qui ont le droit de travailler et qui peuvent subvenir \u00e0 leurs besoins mais qui choisissent de ne pas le faire ou encore pour ceux qui enfreignent la loi, selon le communiqu\u00e9.<\/p>\n<p><img decoding=\"async\" alt=\"Le chef du parti Reform UK, Nigel Farage, lors d'une r\u00e9union \u00e9lectorale \u00e0 Clacton-on-Sea, sur la c\u00f4te est de l'Angleterre.\" class=\"absolute left-0 top-0 size-full object-cover transition-opacity ease-out print:relative html-dark:brightness-[.8]\" loading=\"lazy\" src=\"https:\/\/www.europesays.com\/fr\/wp-content\/uploads\/2025\/11\/britain-election-reform-clacton.png\"\/>Ouvrir en mode plein \u00e9cran<\/p>\n<p class=\"sc-ic6be9-2 kYrgAK\">En 2024, Nigel Farage, \u00e0 la t\u00eate du parti Reform UK, a \u00e9t\u00e9 \u00e9lu d\u00e9put\u00e9 dans la circonscription de Clacton apr\u00e8s ses sept tentatives infructueuses pr\u00e9c\u00e9dentes de rejoindre la Chambre des communes. (Photo d&rsquo;archives)<\/p>\n<p class=\"sc-ic6be9-1 cJJtvJ text-gray600 light:text-gray600 dark:text-gray400\">Photo : (Isabel Infantes\/Reuters)<\/p>\n<p>Manifestations<\/p>\n<p class=\"sc-jbo7hw-7 bDkRIk\">Arriv\u00e9 au pouvoir en juillet\u00a02024, le gouvernement de Keir Starmer est sous pression quasi quotidienne pour freiner les arriv\u00e9es de migrants et pour restreindre leurs droits. Depuis plusieurs mois, il est largement devanc\u00e9 dans les sondages par le parti Reform\u00a0UK de Nigel Farage, qui a fait de cette question des migrants son sujet principal.<\/p>\n<p class=\"sc-jbo7hw-7 bDkRIk\">Cet \u00e9t\u00e9, de nombreuses manifestations ont eu lieu devant des h\u00f4tels qui h\u00e9bergeaient des demandeurs d&rsquo;asile et une <a tabindex=\"0\" class=\"border-b border-solid transition-colors text-blue600 hover:text-blue600 light:text-blue600 light:hover:text-blue600 dark:text-blue400 dark:hover:text-blue400 border-gray900\/25 light:border-gray900\/25 dark:border-gray100\/25 hover:border-linkDefault hover:bg-gray999\/10 light:hover:bg-gray999\/10 dark:hover:bg-gray0\/10\" href=\"https:\/\/ici.radio-canada.ca\/nouvelle\/2192196\/droite-britannique-manifestation-londres-immigration\" rel=\"nofollow noopener\" target=\"_blank\">manifestation organis\u00e9e par l&rsquo;extr\u00eame droite \u00e0 Londres mi-septembre<\/a> a r\u00e9uni jusqu&rsquo;\u00e0 150\u00a0000\u00a0personnes, selon la police.<\/p>\n<p class=\"sc-jbo7hw-7 bDkRIk\">Dans ce contexte, le gouvernement travailliste a promis de faire baisser le nombre de migrants qui traversent la Manche \u00e0 bord d&#8217;embarcations de fortune, sans succ\u00e8s pour l&rsquo;instant.<\/p>\n<p><img decoding=\"async\" alt=\"Un groupe de manifestants brandit des pancartes et des drapeaux.\" class=\"absolute left-0 top-0 size-full object-cover transition-opacity ease-out print:relative html-dark:brightness-[.8]\" loading=\"lazy\" src=\"https:\/\/www.europesays.com\/fr\/wp-content\/uploads\/2025\/11\/grande-bretagne-royaume-uni-anti-immigrants-manifestations.jpg\"\/>Ouvrir en mode plein \u00e9cran<\/p>\n<p class=\"sc-ic6be9-2 kYrgAK\">Des manifestants d&rsquo;un groupe anti-immigration avaient manifest\u00e9 contre l&rsquo;immigration incontr\u00f4l\u00e9e devant l&rsquo;h\u00f4tel Radisson, qui h\u00e9berge des r\u00e9fugi\u00e9s, \u00e0 Perth, en \u00c9cosse, le 23 ao\u00fbt 2025. (Photo d&rsquo;archives)<\/p>\n<p class=\"sc-ic6be9-1 cJJtvJ text-gray600 light:text-gray600 dark:text-gray400\">Photo : Getty Images \/ Jeff J Mitchell<\/p>\n<p class=\"sc-jbo7hw-7 bDkRIk\">Depuis le 1er\u00a0janvier, 39\u00a0292\u00a0personnes ont d\u00e9barqu\u00e9 sur les c\u00f4tes anglaises \u00e0 l&rsquo;issue de cette p\u00e9rilleuse travers\u00e9e, un chiffre qui d\u00e9passe les 36\u00a0816\u00a0personnes de l&rsquo;ann\u00e9e derni\u00e8re.<\/p>\n<p class=\"sc-jbo7hw-7 bDkRIk\">Par ailleurs, le nombre de demandes d&rsquo;asile a augment\u00e9 de 18\u00a0% en\u00a02024 au Royaume-Uni, alors qu&rsquo;elles ont baiss\u00e9 de 13\u00a0% dans l&rsquo;ensemble de l&rsquo;Union europ\u00e9enne sur la m\u00eame p\u00e9riode, selon les chiffres du gouvernement. Plus de 400\u00a0000\u00a0demandes ont \u00e9t\u00e9 enregistr\u00e9es depuis\u00a02021, contre 150\u00a0000 sur la p\u00e9riode\u00a02011-2015, toujours selon les chiffres officiels.<\/p>\n<p><img decoding=\"async\" alt=\"Un panneau d'affichage repr\u00e9sente le rappeur britannique Stormzy.\" class=\"absolute left-0 top-0 size-full object-cover transition-opacity ease-out print:relative html-dark:brightness-[.8]\" loading=\"lazy\" src=\"https:\/\/www.europesays.com\/fr\/wp-content\/uploads\/2025\/11\/immigration-londres-royaume-uni-stormzy.jpg\"\/>Ouvrir en mode plein \u00e9cran<\/p>\n<p class=\"sc-ic6be9-2 kYrgAK\">Un autobus passe devant un panneau d&rsquo;affichage qui repr\u00e9sente le rappeur britannique Stormzy avec la l\u00e9gende \u00ab Thank God for immigrants \u00bb (Dieu merci pour les immigrants), cr\u00e9\u00e9 par le groupe de campagne politique \u00ab Everyone Hates Elon \u00bb et inspir\u00e9 par l&rsquo;\u0153uvre de l&rsquo;artiste Jeremy Deller, laur\u00e9at du prix Turner, \u00e0 Londres, le 30 octobre 2025, afin de souligner la contribution des immigrants au Royaume-Uni. (Photo d&rsquo;archives)<\/p>\n<p class=\"sc-ic6be9-1 cJJtvJ text-gray600 light:text-gray600 dark:text-gray400\">Photo : Getty Images \/ AFP \/ TOBY SHEPHEARD<\/p>\n<p>Mod\u00e8le danois<\/p>\n<p class=\"sc-jbo7hw-7 bDkRIk\">Le minist\u00e8re a soulign\u00e9 s&rsquo;\u00eatre inspir\u00e9 de l&rsquo;exemple danois pour ces r\u00e9formes.<\/p>\n<p class=\"sc-jbo7hw-7 bDkRIk\">Ce pays scandinave de 6\u00a0millions d&rsquo;habitants, dirig\u00e9 par les sociaux-d\u00e9mocrates depuis\u00a02019, d\u00e9fend une politique stricte en mati\u00e8re de droit d&rsquo;asile.<\/p>\n<p class=\"sc-jbo7hw-7 bDkRIk\">Les r\u00e9fugi\u00e9s y obtiennent ainsi un permis de s\u00e9jour, g\u00e9n\u00e9ralement de deux\u00a0ans renouvelable, mais sont encourag\u00e9s \u00e0 prendre le chemin du retour d\u00e8s que les autorit\u00e9s estiment que le besoin de protection a disparu.<\/p>\n<p class=\"sc-jbo7hw-7 bDkRIk\">Le regroupement familial y est aussi soumis \u00e0 des exigences strictes, dont des tests de langue pour les nouveaux arrivants.<\/p>\n<p class=\"sc-jbo7hw-7 bDkRIk\">Au Royaume-Uni, la restriction de la protection des r\u00e9fugi\u00e9s \u00e9tait une mesure jusqu&rsquo;ici d\u00e9fendue par Nigel\u00a0Farage, qui avait annonc\u00e9 qu&rsquo;en cas d&rsquo;arriv\u00e9e au pouvoir, il obligerait les migrants \u2013\u00a0y compris ceux d\u00e9j\u00e0 r\u00e9gularis\u00e9s\u00a0\u2013 \u00e0 demander un visa tous les cinq\u00a0ans.<\/p>\n<p class=\"sc-jbo7hw-7 bDkRIk\">Cependant, la gauche du Parti travailliste s&rsquo;\u00e9tait dite oppos\u00e9e \u00e0 de telles restrictions et avait pr\u00e9venu que le parti, au plus bas dans les sondages, y perdrait de nombreux \u00e9lecteurs.<\/p>\n","protected":false},"excerpt":{"rendered":"Restriction de la protection accord\u00e9e aux r\u00e9fugi\u00e9s et des aides accord\u00e9es aux demandeurs d&rsquo;asile\u00a0: le gouvernement britannique a&hellip;\n","protected":false},"author":2,"featured_media":537416,"comment_status":"","ping_status":"","sticky":false,"template":"","format":"standard","meta":{"footnotes":""},"categories":[1588],"tags":[11,1777,674,12,473,1853,1851,1850,1852],"class_list":{"0":"post-537415","1":"post","2":"type-post","3":"status-publish","4":"format-standard","5":"has-post-thumbnail","7":"category-royaume-uni","8":"tag-actualites","9":"tag-eu","10":"tag-europe","11":"tag-news","12":"tag-royaume-uni","13":"tag-royaume-uni-de-grande-bretagne-et-dirlande-du-nord","14":"tag-uk","15":"tag-united-kingdom","16":"tag-united-kingdom-of-great-britain-and-northern-ireland"},"share_on_mastodon":{"url":"https:\/\/pubeurope.com\/@fr\/115557513439778196","error":""},"_links":{"self":[{"href":"https:\/\/www.europesays.com\/fr\/wp-json\/wp\/v2\/posts\/537415","targetHints":{"allow":["GET"]}}],"collection":[{"href":"https:\/\/www.europesays.com\/fr\/wp-json\/wp\/v2\/posts"}],"about":[{"href":"https:\/\/www.europesays.com\/fr\/wp-json\/wp\/v2\/types\/post"}],"author":[{"embeddable":true,"href":"https:\/\/www.europesays.com\/fr\/wp-json\/wp\/v2\/users\/2"}],"replies":[{"embeddable":true,"href":"https:\/\/www.europesays.com\/fr\/wp-json\/wp\/v2\/comments?post=537415"}],"version-history":[{"count":0,"href":"https:\/\/www.europesays.com\/fr\/wp-json\/wp\/v2\/posts\/537415\/revisions"}],"wp:featuredmedia":[{"embeddable":true,"href":"https:\/\/www.europesays.com\/fr\/wp-json\/wp\/v2\/media\/537416"}],"wp:attachment":[{"href":"https:\/\/www.europesays.com\/fr\/wp-json\/wp\/v2\/media?parent=537415"}],"wp:term":[{"taxonomy":"category","embeddable":true,"href":"https:\/\/www.europesays.com\/fr\/wp-json\/wp\/v2\/categories?post=537415"},{"taxonomy":"post_tag","embeddable":true,"href":"https:\/\/www.europesays.com\/fr\/wp-json\/wp\/v2\/tags?post=537415"}],"curies":[{"name":"wp","href":"https:\/\/api.w.org\/{rel}","templated":true}]}}