{"id":537417,"date":"2025-11-16T04:34:37","date_gmt":"2025-11-16T04:34:37","guid":{"rendered":"https:\/\/www.europesays.com\/fr\/537417\/"},"modified":"2025-11-16T04:34:37","modified_gmt":"2025-11-16T04:34:37","slug":"international-paper-prevoit-des-fermetures-en-allemagne","status":"publish","type":"post","link":"https:\/\/www.europesays.com\/fr\/537417\/","title":{"rendered":"International Paper pr\u00e9voit des fermetures en Allemagne"},"content":{"rendered":"<p>\t\t\t\t\t\t\t\t\t\t&#13;<br \/>\nInternational Paper a pr\u00e9sent\u00e9 des changements envisag\u00e9s pour ses activit\u00e9s en Europe centrale \u00e0 la suite de sa fusion avec DS Smith, finalis\u00e9e en janvier 2025.\u00a0&#13;<\/p>\n<p>L\u2019entreprise envisage de fermer plusieurs sites de production en Allemagne dans le cadre d\u2019un vaste programme de restructuration post-fusion.<\/p>\n<p>&#13;<\/p>\n<p>Selon la soci\u00e9t\u00e9, la proposition \u2014 encore soumise aux proc\u00e9dures obligatoires d\u2019information et de consultation des employ\u00e9s \u2014 pr\u00e9voit la fermeture de cinq sites en Allemagne :<\/p>\n<p>&#13;<\/p>\n<ul>&#13;<\/p>\n<li>une usine de bo\u00eetes en carton ondul\u00e9,<\/li>\n<p>&#13;<\/p>\n<li>un site de pr\u00e9sentoirs et d\u2019impression offset,<\/li>\n<p>&#13;<\/p>\n<li>trois unit\u00e9s de transformation de feuilles de carton ondul\u00e9 (sheet plants).<\/li>\n<p>&#13;\n<\/ul>\n<p>&#13;<\/p>\n<p>Un sixi\u00e8me site, sp\u00e9cialis\u00e9 dans les pr\u00e9sentoirs, ferait l\u2019objet d\u2019une fermeture partielle. International Paper estime qu\u2019environ 500 postes pourraient \u00eatre touch\u00e9s si le plan est mis en \u0153uvre.<\/p>\n<p>&#13;<\/p>\n<p>Cette mise \u00e0 jour, publi\u00e9e en vertu de la r\u00e8gle 19.6(b) du Code britannique des OPA, modifie les intentions post-offre pr\u00e9sent\u00e9es en 2024 lors du processus d\u2019acquisition. La fusion conclue le 31 janvier 2025 a donn\u00e9 naissance \u00e0 l\u2019un des plus importants groupes mondiaux de solutions d\u2019emballage, fortement implant\u00e9 en Am\u00e9rique du Nord et dans la r\u00e9gion EMEA.<\/p>\n<p>&#13;<\/p>\n<p>Selon International Paper, ces fermetures propos\u00e9es d\u00e9coulent d\u2019une revue strat\u00e9gique de ses activit\u00e9s en Europe centrale r\u00e9alis\u00e9e dans un contexte de conditions de march\u00e9 difficiles. L\u2019objectif est \u00ab d\u2019am\u00e9liorer l\u2019efficacit\u00e9 et de r\u00e9pondre aux besoins \u00e9volutifs des clients \u00bb, en alignant les capacit\u00e9s de production sur la demande et en renfor\u00e7ant la comp\u00e9titivit\u00e9 \u00e0 long terme.<\/p>\n<p>&#13;<\/p>\n<p>L\u2019entreprise pr\u00e9sente cette proposition comme une \u00e9tape de sa d\u00e9marche de transformation visant \u00e0 devenir un fournisseur plus comp\u00e9titif de solutions d\u2019emballage durables. Elle indique vouloir optimiser son empreinte op\u00e9rationnelle et concentrer ses ressources sur les march\u00e9s cl\u00e9s.<\/p>\n<p>&#13;<\/p>\n<p>Un processus de consultation avec les repr\u00e9sentants des employ\u00e9s est en cours. International Paper pr\u00e9cise qu\u2019elle ne commentera pas davantage l\u2019impact potentiel tant que les discussions ne seront pas plus avanc\u00e9es.<\/p>\n<p>&#13;<\/p>\n<p>Bas\u00e9e \u00e0 Memphis et disposant de bureaux r\u00e9gionaux EMEA \u00e0 Londres,<a href=\"https:\/\/www.internationalpaper.com\/\" target=\"_blank\" rel=\"noopener nofollow\"><strong> International Paper<\/strong><\/a> emploie plus de 65 000 personnes dans plus de 30 pays. L\u2019acquisition de DS Smith en 2025 a consid\u00e9rablement renforc\u00e9 sa pr\u00e9sence europ\u00e9enne, formant un groupe dont le chiffre d\u2019affaires net atteignait 18,6 milliards de dollars en 2024.<\/p>\n<p>&#13;<\/p>\n<p>Source : International Paper<\/p>\n","protected":false},"excerpt":{"rendered":"&#13; International Paper a pr\u00e9sent\u00e9 des changements envisag\u00e9s pour ses activit\u00e9s en Europe centrale \u00e0 la suite de&hellip;\n","protected":false},"author":2,"featured_media":537418,"comment_status":"","ping_status":"","sticky":false,"template":"","format":"standard","meta":{"footnotes":""},"categories":[1587],"tags":[11,672,1804,1805,1803,1777,674,1801,12,1802],"class_list":{"0":"post-537417","1":"post","2":"type-post","3":"status-publish","4":"format-standard","5":"has-post-thumbnail","7":"category-allemagne","8":"tag-actualites","9":"tag-allemagne","10":"tag-bundesrepublik-deutschland","11":"tag-de","12":"tag-deutschland","13":"tag-eu","14":"tag-europe","15":"tag-germany","16":"tag-news","17":"tag-republique-federale-dallemagne"},"share_on_mastodon":{"url":"https:\/\/pubeurope.com\/@fr\/115557516270274602","error":""},"_links":{"self":[{"href":"https:\/\/www.europesays.com\/fr\/wp-json\/wp\/v2\/posts\/537417","targetHints":{"allow":["GET"]}}],"collection":[{"href":"https:\/\/www.europesays.com\/fr\/wp-json\/wp\/v2\/posts"}],"about":[{"href":"https:\/\/www.europesays.com\/fr\/wp-json\/wp\/v2\/types\/post"}],"author":[{"embeddable":true,"href":"https:\/\/www.europesays.com\/fr\/wp-json\/wp\/v2\/users\/2"}],"replies":[{"embeddable":true,"href":"https:\/\/www.europesays.com\/fr\/wp-json\/wp\/v2\/comments?post=537417"}],"version-history":[{"count":0,"href":"https:\/\/www.europesays.com\/fr\/wp-json\/wp\/v2\/posts\/537417\/revisions"}],"wp:featuredmedia":[{"embeddable":true,"href":"https:\/\/www.europesays.com\/fr\/wp-json\/wp\/v2\/media\/537418"}],"wp:attachment":[{"href":"https:\/\/www.europesays.com\/fr\/wp-json\/wp\/v2\/media?parent=537417"}],"wp:term":[{"taxonomy":"category","embeddable":true,"href":"https:\/\/www.europesays.com\/fr\/wp-json\/wp\/v2\/categories?post=537417"},{"taxonomy":"post_tag","embeddable":true,"href":"https:\/\/www.europesays.com\/fr\/wp-json\/wp\/v2\/tags?post=537417"}],"curies":[{"name":"wp","href":"https:\/\/api.w.org\/{rel}","templated":true}]}}