{"id":537419,"date":"2025-11-16T04:35:13","date_gmt":"2025-11-16T04:35:13","guid":{"rendered":"https:\/\/www.europesays.com\/fr\/537419\/"},"modified":"2025-11-16T04:35:13","modified_gmt":"2025-11-16T04:35:13","slug":"christine-kelly-affole-les-compteurs-la-matinale-senvole-comment-europe-1-a-signe-sa-meilleure-rentree-depuis-six-ans","status":"publish","type":"post","link":"https:\/\/www.europesays.com\/fr\/537419\/","title":{"rendered":"Christine Kelly affole les compteurs, la matinale s\u2019envole\u2026 Comment Europe 1 a sign\u00e9 sa meilleure rentr\u00e9e depuis six ans"},"content":{"rendered":"<p><strong>Selon le dernier rap\u00adport de l\u2019in\u00adsti\u00adtut M\u00e9di\u00adam\u00e9trie, pub\u00adli\u00e9 jeu\u00addi 13 novem\u00adbre 2025, les audi\u00adences d\u2019Europe 1 se sont envol\u00e9es en l\u2019espace d\u2019un an. La sta\u00adtion compte en effet 304 000 audi\u00adteurs sup\u00adpl\u00e9\u00admen\u00adtaires en un an, soit la plus forte pro\u00adgres\u00adsion des g\u00e9n\u00e9ralistes.<\/strong><\/p>\n<p>C\u2019\u00e9tait la grande nou\u00advelle m\u00e9dias de ce jeu\u00addi 13 novem\u00adbre, atten\u00addue par l\u2019ensemble des radios. Comme \u00e0 chaque ren\u00adtr\u00e9e m\u00e9di\u00ada\u00adtique, l\u2019in\u00adsti\u00adtut M\u00e9di\u00adam\u00e9trie a pub\u00adli\u00e9 ce jeu\u00addi le pre\u00admier bul\u00adletin de notes des sta\u00adtions fran\u00e7ais\u00ades, sur la p\u00e9ri\u00adode septembre-octobre.<\/p>\n<p>Et ce n\u2019est pas peu dire que, cette ann\u00e9e, le mer\u00adca\u00adto a \u00e9t\u00e9 par\u00adti\u00adc\u00aduli\u00e8re\u00adment boulever\u00ads\u00e9. Non seule\u00adment le ser\u00advice pub\u00adlic a (s\u00e9rieuse\u00adment) d\u00e9vis\u00ads\u00e9 \u2014 France Inter a per\u00addu pas moins de 500 000 audi\u00adteurs en un \u2014 mais en plus Europe 1 a vu ses audi\u00adences d\u00e9coller en r\u00e9al\u00adisant sa meilleure ren\u00adtr\u00e9e depuis six ans. Ils sont d\u00e9sor\u00admais 2790000 audi\u00adteurs \u00e0 \u00e9couter au quo\u00adti\u00addi\u00aden la sta\u00adtion. Un suc\u00adc\u00e8s pour ses 70\u00a0ans.<\/p>\n<p>L\u2019arriv\u00e9e de Christine Kelly emballe les auditeurs<\/p>\n<p>La cl\u00e9 du suc\u00adc\u00e8s ? Une grille solide, \u00ab\u00a0des \u00e9mis\u00adsion phares\u00a0\u00bb mais aus\u00adsi de nou\u00advelles voix, Chris\u00adtine Kel\u00adly en t\u00eate. Pour sa pre\u00admi\u00e8re ren\u00adtr\u00e9e sur les ondes, la jour\u00adnal\u00adiste, qui pr\u00e9sente \u00ab\u00a0Chris\u00adtine Kel\u00adly et Vous\u00a0\u00bb de 11h30 \u00e0 13h, a su trans\u00adformer l\u2019essai en r\u00e9u\u00adnis\u00adsant pas moins de 774 000 audi\u00adteurs, faisant ain\u00adsi gag\u00adn\u00ader 180 000 audi\u00adteurs \u00e0 la tranche par rap\u00adport \u00e0 l\u2019ann\u00e9e derni\u00e8re.<\/p>\n<p>Un joli suc\u00adc\u00e8s pour celle que \u00ab\u00a0plus rien n\u2019arr\u00eate\u00a0\u00bb, <a href=\"https:\/\/toutelatele.ouest-france.fr\/christine-kelly-plus-rien-ne-l-arrete-sur-cnews-180968\" target=\"_blank\" rel=\"noopener\">recon\u00adna\u00eet Ouest-France<\/a>. Car l\u2019animatrice affole aus\u00adsi les comp\u00adteurs sur CNews avec sa c\u00e9l\u00e8bre \u00e9mis\u00adsion \u00ab\u00a0Face \u00e0 l\u2019Info\u00a0\u00bb o\u00f9 elle d\u00e9passe d\u00e9sor\u00admais r\u00e9guli\u00e8re\u00adment le mil\u00adlion de t\u00e9l\u00e9spectateurs.<\/p>\n<p>La matinale s\u2019envole<\/p>\n<p>Autre ren\u00addez-vous phare de la sta\u00adtion qui a vu ses audi\u00adences s\u2019envoler et sa base con\u00adsolid\u00e9e : Europe 1 Matin, d\u00e9sor\u00admais \u00e9cout\u00e9e par 1440000 per\u00adson\u00adnes. En l\u2019espace d\u2019un an, la mati\u00adnale a ren\u00adfor\u00adc\u00e9 sa base en gag\u00adnant 194 000 audi\u00adteurs. Cette mati\u00adnale (7h-9h), ani\u00adm\u00e9e par Dim\u00aditri Pavlenko, enreg\u00adistre donc une pro\u00adgres\u00adsion de +17% de sa part d\u2019audience. Il s\u2019agit l\u00e0 des meilleures audi\u00adences de la mati\u00adnale depuis sa mise en\u00a0place.<\/p>\n<p>Soulignons, <a href=\"https:\/\/www.europe1.fr\/medias-tele\/europe-1-signe-sa-meilleure-rentree-depuis-6-ans-decouvrez-la-progression-des-emissions-871231\" target=\"_blank\" rel=\"noopener\">comme l\u2019indique Europe 1<\/a>, que, par\u00admi les moments forts de ce ren\u00addez-vous, \u00ab\u00a0La Grande inter\u00adview\u00a0\u00bb de Sonia Mabrouk est d\u00e9sor\u00admais suiv\u00adie par 653 000 audi\u00adteurs, soit +17.000 en un\u00a0an.<\/p>\n<p>\u00ab\u00a0Une vague\u00a0bleue\u00a0\u00bb<\/p>\n<p>Enfin, notons \u00e9gale\u00adment le suc\u00adc\u00e8s de <a href=\"https:\/\/www.ojim.fr\/portraits\/portrait-pascal-praud-le-dandy-nantais\/\" target=\"_blank\" rel=\"noopener\">Pas\u00adcal Praud<\/a> et de son \u00e9mis\u00adsion \u00ab\u00a0L\u2019Heure des Pros\u00a0\u00bb (9h-10h), co-dif\u00adfus\u00e9e avec CNews. Cette derni\u00e8re, nous apprend Europe 1, attire d\u00e9sor\u00admais 802 000 audi\u00adteurs quo\u00adti\u00addi\u00adens, avec 72 000 per\u00adson\u00adnes sup\u00adpl\u00e9\u00admen\u00adtaires en un\u00a0an.<\/p>\n<p>Un joli suc\u00adc\u00e8s pour celui qui rassem\u00adble quelques heures plus tard, de 16h \u00e0 18h, dans son \u00e9mis\u00adsion \u00ab\u00a0Pas\u00adcal Praud et vous\u00a0\u00bb, pr\u00e8s de 597 000 per\u00adson\u00adnes, soit +102.000 audi\u00adteurs en un an. \u00ab\u00a0Avec +1,1 point en un an (4,1%), elle pro\u00adduit la meilleure PdA sur une vague de ren\u00adtr\u00e9e depuis 10 ans sur cette tranche\u00a0\u00bb, note la station.<\/p>\n<p>De son c\u00f4t\u00e9, l\u2019\u00e9mission \u00ab\u00a0Punch\u00adline\u00a0\u00bb (18h-19h), ani\u00adm\u00e9e par Lau\u00adrence Fer\u00adrari, r\u00e9alise \u00ab\u00a0un nou\u00adveau record his\u00adtorique\u00a0\u00bb puisque le pro\u00adgramme r\u00e9u\u00adni 120 000 audi\u00adteurs sup\u00adpl\u00e9\u00admen\u00adtaires et \u00ab\u00a0enreg\u00adistre tout sim\u00adple\u00adment la meilleure PdA (5,6%) sur une vague de ren\u00adtr\u00e9e depuis 10\u00a0ans\u00a0\u00bb.<\/p>\n<p>En cette ren\u00adtr\u00e9e m\u00e9di\u00ada\u00adtique, c\u2019est donc une \u00ab\u00a0vague bleue\u00a0\u00bb qui d\u00e9fer\u00adle sur ondes hertzi\u00adennes, pour le plus grand bon\u00adheur d\u2019Europe 1 qui se r\u00e9jouit dans ses colonnes : \u00ab\u00a0La famille Europe 1 con\u00adtin\u00adue de s\u2019agrandir\u00a0!\u00a0\u00bb<\/p>\n<p><strong>Voir aus\u00adsi :<\/strong> <a href=\"https:\/\/www.ojim.fr\/portraits\/christine-kelly\/\" target=\"_blank\" rel=\"noopener\">Chris\u00adtine Kel\u00adly, portrait<\/a><\/p>\n<p style=\"text-align: right;\"><strong>Lorelei Ban\u00adcharel<\/strong><\/p>\n","protected":false},"excerpt":{"rendered":"Selon le dernier rap\u00adport de l\u2019in\u00adsti\u00adtut M\u00e9di\u00adam\u00e9trie, pub\u00adli\u00e9 jeu\u00addi 13 novem\u00adbre 2025, les audi\u00adences d\u2019Europe 1 se sont&hellip;\n","protected":false},"author":2,"featured_media":537420,"comment_status":"","ping_status":"","sticky":false,"template":"","format":"standard","meta":{"footnotes":""},"categories":[1586],"tags":[11,26046,1777,674,1473,1011,27,65633,12,25],"class_list":{"0":"post-537419","1":"post","2":"type-post","3":"status-publish","4":"format-standard","5":"has-post-thumbnail","7":"category-europe","8":"tag-actualites","9":"tag-christine-kelly","10":"tag-eu","11":"tag-europe","12":"tag-europe-1","13":"tag-fr","14":"tag-france","15":"tag-mediametrie-et-parts-daudience","16":"tag-news","17":"tag-republique-francaise"},"share_on_mastodon":{"url":"https:\/\/pubeurope.com\/@fr\/115557520162105614","error":""},"_links":{"self":[{"href":"https:\/\/www.europesays.com\/fr\/wp-json\/wp\/v2\/posts\/537419","targetHints":{"allow":["GET"]}}],"collection":[{"href":"https:\/\/www.europesays.com\/fr\/wp-json\/wp\/v2\/posts"}],"about":[{"href":"https:\/\/www.europesays.com\/fr\/wp-json\/wp\/v2\/types\/post"}],"author":[{"embeddable":true,"href":"https:\/\/www.europesays.com\/fr\/wp-json\/wp\/v2\/users\/2"}],"replies":[{"embeddable":true,"href":"https:\/\/www.europesays.com\/fr\/wp-json\/wp\/v2\/comments?post=537419"}],"version-history":[{"count":0,"href":"https:\/\/www.europesays.com\/fr\/wp-json\/wp\/v2\/posts\/537419\/revisions"}],"wp:featuredmedia":[{"embeddable":true,"href":"https:\/\/www.europesays.com\/fr\/wp-json\/wp\/v2\/media\/537420"}],"wp:attachment":[{"href":"https:\/\/www.europesays.com\/fr\/wp-json\/wp\/v2\/media?parent=537419"}],"wp:term":[{"taxonomy":"category","embeddable":true,"href":"https:\/\/www.europesays.com\/fr\/wp-json\/wp\/v2\/categories?post=537419"},{"taxonomy":"post_tag","embeddable":true,"href":"https:\/\/www.europesays.com\/fr\/wp-json\/wp\/v2\/tags?post=537419"}],"curies":[{"name":"wp","href":"https:\/\/api.w.org\/{rel}","templated":true}]}}