{"id":537421,"date":"2025-11-16T04:36:26","date_gmt":"2025-11-16T04:36:26","guid":{"rendered":"https:\/\/www.europesays.com\/fr\/537421\/"},"modified":"2025-11-16T04:36:26","modified_gmt":"2025-11-16T04:36:26","slug":"trois-artistes-et-une-exposition-etonnante-a-la-chapelle-du-college-de-eu","status":"publish","type":"post","link":"https:\/\/www.europesays.com\/fr\/537421\/","title":{"rendered":"Trois artistes et une exposition \u00e9tonnante \u00e0 la chapelle du coll\u00e8ge de Eu"},"content":{"rendered":"<p>                    Par<br \/>\n        <strong><br \/>\n            <a href=\"https:\/\/actu.fr\/auteur\/redaction-informateur\" title=\"Consulter tous les articles de R\u00e9daction Eu\" rel=\"nofollow noopener\" target=\"_blank\">R\u00e9daction Eu<\/a><br \/>\n                    <\/strong><\/p>\n<p>        Publi\u00e9 le<\/p>\n<p>            15 nov. 2025 \u00e0 20h16        <\/p>\n<p>C\u2019est une exposition assez<b> inhabituelle <\/b>qui se tient \u00e0 la Chapelle du Coll\u00e8ge de <a href=\"https:\/\/actu.fr\/normandie\/eu_76255\" rel=\"nofollow noopener\" target=\"_blank\">Eu<\/a>, en Seine-Maritime, jusqu\u2019au 24 janvier 2026.\u00a0<\/p>\n<p class=\" wall-content\">Organis\u00e9e par la municipalit\u00e9 dans le cadre de son programme culturel, elle r\u00e9unit les \u0153uvres de<b> trois artistes <\/b>aux pratiques compl\u00e9mentaires sous le th\u00e8me du \u00ab m\u00e9tamorphisme \u00bb<\/p>\n<p>La transformation<br \/>\n    <img   decoding=\"async\" loading=\"lazy\" class=\"size-large\" src=\"https:\/\/www.europesays.com\/fr\/wp-content\/uploads\/2025\/11\/2d9888f52719611a888f52719f4a88v-960x640.jpg\" alt=\"Eu exposition metamorphisme\" width=\"960\" height=\"640\"\/><br \/>\n    Il en r\u00e9sulte des jarres et autres vases de tailles, de formes et de couleurs tr\u00e8s diverses. \u00a9L\u2019Informateur d\u2019Eu<\/p>\n<p class=\" wall-content\"><b>Pierre Barraud de Lagerie<\/b>, dessinateur originaire des Villes S\u0153urs sp\u00e9cialis\u00e9 dans la technique de la carte \u00e0 gratter, explique le concept : \u00ab Le m\u00e9tamorphisme correspond \u00e0 la transformation des roches sous l\u2019effet de la temp\u00e9rature et de la pression. Notre id\u00e9e consistait \u00e0 transposer ce ph\u00e9nom\u00e8ne aux \u00e9motions humaines \u00bb.<\/p>\n<p class=\" wall-content\">Pour illustrer ce proc\u00e9d\u00e9, l\u2019artiste install\u00e9 dans la r\u00e9gion caennaise a r\u00e9alis\u00e9 une <b>fresque monumentale <\/b>d\u2019environ 8\u00a0m\u00e8tres de long.<\/p>\n<p class=\" wall-content\">Il a utilis\u00e9 pour cela \u00ab tous les outils imaginables sur une feuille noire \u00bb de mani\u00e8re \u00e0 retranscrire la \u00ab transformation des mati\u00e8res et des \u00e9tats int\u00e9rieurs \u00e0 travers les prismes g\u00e9ologique et \u00e9motionnel \u00bb.<\/p>\n<p>Vid\u00e9os : en ce moment sur Actu<\/p>\n<p class=\" wall-content\">Une \u0153uvre qui s\u2019inscrit selon lui dans cette recherche de synergies avec le travail des deux autres artistes.<\/p>\n<p>Votre r\u00e9gion, votre actu !<\/p>\n<p>Recevez chaque jour les infos qui comptent pour vous.<\/p>\n<p>\t<a href=\"https:\/\/actu.fr\/newsletter\" class=\"ac-btn ac-btn--corner ac-btn--medium ac-btn--blue800\" rel=\"nofollow noopener\" target=\"_blank\">S&rsquo;incrire<\/a><br \/>\nC\u00e9ramiste et compositrice<br \/>\n    <img   decoding=\"async\" loading=\"lazy\" class=\"size-large\" src=\"https:\/\/www.europesays.com\/fr\/wp-content\/uploads\/2025\/11\/e6df5c75121965bdf5c7512194fdf5v-960x640.jpg\" alt=\"Trois artistes aux pratiques compl\u00e9mentaires\" width=\"960\" height=\"640\"\/><br \/>\n    Trois artistes aux pratiques compl\u00e9mentaires. \u00a9L\u2019Informateur d\u2019Eu<\/p>\n<p class=\" wall-content\"><b>Simon Barraud de Lagerie<\/b>, fr\u00e8re de Pierre, est c\u00e9ramiste dans la <b>Sarthe<\/b>.<\/p>\n<p class=\" wall-content\">Il extrait lui-m\u00eame l\u2019argile pour la fa\u00e7onner et la cuire dans un four \u00e0 bois de sa propre fabrication. Il en r\u00e9sulte des jarres et autres vases de tailles, de formes et de couleurs tr\u00e8s diverses.<\/p>\n<p class=\" wall-content\">L\u2019ensemble est accompagn\u00e9 par un fond sonore cr\u00e9\u00e9 par la compositrice-instrumentaliste <b>Nancy Mounir<\/b>.<\/p>\n<p class=\" wall-content\">Originaire du\u00a0Caire, elle a imagin\u00e9 une bande-son originale qui \u00ab dialogue avec le dessin et r\u00e9sonne dans la c\u00e9ramique \u00bb.<\/p>\n<p class=\" wall-content\">Pratiquant le violon, la fl\u00fbte traditionnelle ou encore le th\u00e9r\u00e9mine (instrument de musique \u00e9lectronique d\u2019origine sovi\u00e9tique invent\u00e9 dans les ann\u00e9es 1920), elle donnera par ailleurs un <b>concert<\/b> \u00e0 la Chapelle du Coll\u00e8ge, le samedi 29 novembre, \u00e0 20 h.<\/p>\n<p>L\u2019exposition est visible \u00e0 la Chapelle du Coll\u00e8ge jusqu\u2019au 24\u00a0janvier 2026, du mardi au samedi de 10 h \u00e0 12 h et de 14 h \u00e0 18 h, le dimanche de 14 h 30 \u00e0 18 h.<\/p>\n<p class=\" wall-content\">Personnalisez votre actualit\u00e9 en ajoutant vos villes et m\u00e9dias en favori avec <a href=\"https:\/\/moncompte.actu.fr\" title=\"D\u00e9couvez Mon Actu\" rel=\"nofollow noopener\" data-trk=\"{&quot;cta&quot;:{&quot;action&quot;:&quot;https:\\\/\\\/moncompte.actu.fr&quot;,&quot;category&quot;:&quot;mon compte&quot;,&quot;from&quot;:&quot;article footer&quot;,&quot;name&quot;:&quot;Mon actu&quot;,&quot;type&quot;:&quot;cta&quot;}}\" target=\"_blank\">Mon Actu<\/a>.<\/p>\n","protected":false},"excerpt":{"rendered":"Par R\u00e9daction Eu Publi\u00e9 le 15 nov. 2025 \u00e0 20h16 C\u2019est une exposition assez inhabituelle qui se tient&hellip;\n","protected":false},"author":2,"featured_media":537422,"comment_status":"","ping_status":"","sticky":false,"template":"","format":"standard","meta":{"footnotes":""},"categories":[1586],"tags":[11,1777,674,1779,1011,27,1652,12,2551,25,1778,364,3587],"class_list":{"0":"post-537421","1":"post","2":"type-post","3":"status-publish","4":"format-standard","5":"has-post-thumbnail","7":"category-europe","8":"tag-actualites","9":"tag-eu","10":"tag-europe","11":"tag-european-union","12":"tag-fr","13":"tag-france","14":"tag-loisirs-culture","15":"tag-news","16":"tag-patrimoine","17":"tag-republique-francaise","18":"tag-ue","19":"tag-union-europeenne","20":"tag-villes-soeurs"},"share_on_mastodon":{"url":"https:\/\/pubeurope.com\/@fr\/115557524750244637","error":""},"_links":{"self":[{"href":"https:\/\/www.europesays.com\/fr\/wp-json\/wp\/v2\/posts\/537421","targetHints":{"allow":["GET"]}}],"collection":[{"href":"https:\/\/www.europesays.com\/fr\/wp-json\/wp\/v2\/posts"}],"about":[{"href":"https:\/\/www.europesays.com\/fr\/wp-json\/wp\/v2\/types\/post"}],"author":[{"embeddable":true,"href":"https:\/\/www.europesays.com\/fr\/wp-json\/wp\/v2\/users\/2"}],"replies":[{"embeddable":true,"href":"https:\/\/www.europesays.com\/fr\/wp-json\/wp\/v2\/comments?post=537421"}],"version-history":[{"count":0,"href":"https:\/\/www.europesays.com\/fr\/wp-json\/wp\/v2\/posts\/537421\/revisions"}],"wp:featuredmedia":[{"embeddable":true,"href":"https:\/\/www.europesays.com\/fr\/wp-json\/wp\/v2\/media\/537422"}],"wp:attachment":[{"href":"https:\/\/www.europesays.com\/fr\/wp-json\/wp\/v2\/media?parent=537421"}],"wp:term":[{"taxonomy":"category","embeddable":true,"href":"https:\/\/www.europesays.com\/fr\/wp-json\/wp\/v2\/categories?post=537421"},{"taxonomy":"post_tag","embeddable":true,"href":"https:\/\/www.europesays.com\/fr\/wp-json\/wp\/v2\/tags?post=537421"}],"curies":[{"name":"wp","href":"https:\/\/api.w.org\/{rel}","templated":true}]}}