{"id":537425,"date":"2025-11-16T04:38:18","date_gmt":"2025-11-16T04:38:18","guid":{"rendered":"https:\/\/www.europesays.com\/fr\/537425\/"},"modified":"2025-11-16T04:38:18","modified_gmt":"2025-11-16T04:38:18","slug":"atp-finals-jannik-sinner-a-un-journaliste-honnetement-je-ne-sais-meme-pas-quoi-te-repondre-tu-me-poses-des-questions-qui","status":"publish","type":"post","link":"https:\/\/www.europesays.com\/fr\/537425\/","title":{"rendered":"ATP &#8211; Finals > Jannik Sinner \u00e0 un journaliste : \u00ab\u00a0Honn\u00eatement, je ne sais m\u00eame pas quoi te r\u00e9pondre. Tu me poses des questions qui&#8230;\u00a0\u00bb"},"content":{"rendered":"<p>Apr\u00e8s sa victoire contre Alex de Minaur en demi\u2010finales du Masters, la 13e en autant de confron\u00adta\u00adtions face \u00e0 l\u2019Australien, Jannik Sinner a sembl\u00e9 un peu d\u00e9sta\u00adbi\u00adlis\u00e9 par la ques\u00adtion du c\u00e9l\u00e8bre jour\u00adna\u00adliste italien, Ubaldo Scanagatta. Extrait relay\u00e9 par <a href=\"https:\/\/www.ubitennis.com\/blog\/2025\/11\/15\/atp-finals-sinner-stagione-incredibile-anche-senza-quei-tre-mesi-passo-in-avanti-rispetto-al-2024\/\" data-wpel-link=\"external\" target=\"_blank\" rel=\"nofollow external noopener\">Ubitennis<\/a>\u00a0: <\/p>\n<p>Ubaldo Scanagatta\u00a0:<strong> <\/strong>\u00ab\u202fQuand tu dis que chaque match peut avoir un r\u00e9sultat diff\u00e9\u00adrent de la victoire, est\u2010ce que tu le dis pour te convaincre toi\u2010m\u00eame ou pour nous le\u00a0dire\u202f?\u202f\u00bb<\/p>\n<p>Jannik Sinner\u00a0: <strong>\u00ab\u202fHonn\u00eatement, je ne sais m\u00eame pas quoi te r\u00e9pondre. Tu me poses des ques\u00adtions qui\u2026 Il y a quelques ann\u00e9es, j\u2019\u00e9tais dans une situa\u00adtion o\u00f9 je ne gagnais jamais contre Medvedev. Quand tu trouves la cl\u00e9 avec un joueur, cela peut fonc\u00adtionner une fois, deux fois, trois fois, mais on ne sait jamais. Il faut donc toujours \u00eatre pr\u00eat. Je vais sur le court parce que je veux donner 100\u202f% aujourd\u2019hui. Si aujourd\u2019hui je suis \u00e0 100\u202f%, je donne 100\u202f%, si je suis \u00e0 80\u202f%, je donne tout ce que j\u2019ai. Le niveau de confiance change d\u2019un jour \u00e0 l\u2019autre, chaque match est tr\u00e8s impor\u00adtant, surtout en fin d\u2019ann\u00e9e.\u202f\u00bb<\/strong><\/p>\n<p class=\"post-published-date\" style=\"color: silver; font-size: 75%; text-align: left;\">Publi\u00e9 le samedi 15 novembre 2025 \u00e0 19:14<\/p>\n","protected":false},"excerpt":{"rendered":"Apr\u00e8s sa victoire contre Alex de Minaur en demi\u2010finales du Masters, la 13e en autant de confron\u00adta\u00adtions face&hellip;\n","protected":false},"author":2,"featured_media":537426,"comment_status":"","ping_status":"","sticky":false,"template":"","format":"standard","meta":{"footnotes":""},"categories":[2],"tags":[11,3252,1011,27,12,25,2127],"class_list":{"0":"post-537425","1":"post","2":"type-post","3":"status-publish","4":"format-standard","5":"has-post-thumbnail","7":"category-actualites","8":"tag-actualites","9":"tag-daniil-medvedev","10":"tag-fr","11":"tag-france","12":"tag-news","13":"tag-republique-francaise","14":"tag-sinner"},"share_on_mastodon":{"url":"https:\/\/pubeurope.com\/@fr\/115557531908851561","error":""},"_links":{"self":[{"href":"https:\/\/www.europesays.com\/fr\/wp-json\/wp\/v2\/posts\/537425","targetHints":{"allow":["GET"]}}],"collection":[{"href":"https:\/\/www.europesays.com\/fr\/wp-json\/wp\/v2\/posts"}],"about":[{"href":"https:\/\/www.europesays.com\/fr\/wp-json\/wp\/v2\/types\/post"}],"author":[{"embeddable":true,"href":"https:\/\/www.europesays.com\/fr\/wp-json\/wp\/v2\/users\/2"}],"replies":[{"embeddable":true,"href":"https:\/\/www.europesays.com\/fr\/wp-json\/wp\/v2\/comments?post=537425"}],"version-history":[{"count":0,"href":"https:\/\/www.europesays.com\/fr\/wp-json\/wp\/v2\/posts\/537425\/revisions"}],"wp:featuredmedia":[{"embeddable":true,"href":"https:\/\/www.europesays.com\/fr\/wp-json\/wp\/v2\/media\/537426"}],"wp:attachment":[{"href":"https:\/\/www.europesays.com\/fr\/wp-json\/wp\/v2\/media?parent=537425"}],"wp:term":[{"taxonomy":"category","embeddable":true,"href":"https:\/\/www.europesays.com\/fr\/wp-json\/wp\/v2\/categories?post=537425"},{"taxonomy":"post_tag","embeddable":true,"href":"https:\/\/www.europesays.com\/fr\/wp-json\/wp\/v2\/tags?post=537425"}],"curies":[{"name":"wp","href":"https:\/\/api.w.org\/{rel}","templated":true}]}}