{"id":537431,"date":"2025-11-16T04:43:13","date_gmt":"2025-11-16T04:43:13","guid":{"rendered":"https:\/\/www.europesays.com\/fr\/537431\/"},"modified":"2025-11-16T04:43:13","modified_gmt":"2025-11-16T04:43:13","slug":"atp-finals-alcaraz-ecarte-auger-aliassime-et-defiera-sinner-en-finale-sports","status":"publish","type":"post","link":"https:\/\/www.europesays.com\/fr\/537431\/","title":{"rendered":"ATP Finals : Alcaraz \u00e9carte Auger-Aliassime et d\u00e9fiera Sinner en finale : Sports"},"content":{"rendered":"<p class=\"date\">\n                                                            Mathieu Warnier, Media365, publi\u00e9 le samedi 15 novembre 2025 \u00e0 22h20\n                                                    <\/p>\n<p>Tombeur de F\u00e9lix Auger-Aliassime en deux manches, Carlos Alcaraz va disputer ce dimanche sa premi\u00e8re finale des ATP Finals avec Jannik Sinner qui sera son adversaire pour le titre.<\/p>\n<p>La finale tant attendue aura bien lieu. Alors que Jannik Sinner a valid\u00e9 son billet plus t\u00f4t ce samedi aux d\u00e9pens d&rsquo;Alex de Minaur, Carlos Alcaraz a su avoir le dernier mot lors de son duel face \u00e0 F\u00e9lix Auger-Aliassime. Solide sur son service, le num\u00e9ro 1 mondial a tr\u00e8s vite mis le Canadien sous pression sur le sien. Toutefois, apr\u00e8s avoir \u00e9t\u00e9 men\u00e9 0-40, le 8eme au classement ATP a su se reconcentrer pour effacer ces trois balles de break une par une avant de tenir de haute lutte son engagement. Une r\u00e9sistance qui n&rsquo;a toutefois pas fait long feu. Ayant la recette pour mettre en difficult\u00e9 son adversaire, le natif de Murcie l&rsquo;a de nouveau appliqu\u00e9e.<\/p>\n<p>Auger-Aliassime domin\u00e9 en d\u00e9but de match<\/p>\n<p>Il a ainsi pu aller chercher deux nouvelles opportunit\u00e9s de faire la course en t\u00eate dans cette premi\u00e8re manche. Si la premi\u00e8re a \u00e9t\u00e9 sauv\u00e9e par \u00ab\u00a0FAA\u00a0\u00bb, la deuxi\u00e8me a permis \u00e0 Carlos Alcaraz de r\u00e9aliser le premier break dans cette demi-finale. A l&rsquo;orgueil, le natif de Montr\u00e9al a pu s&rsquo;offrir une occasion d&rsquo;inverser la tendance mais la r\u00e9ussite n&rsquo;a pas \u00e9t\u00e9 au rendez-vous. Une premi\u00e8re manche que l&rsquo;Espagnol n&rsquo;a pas h\u00e9sit\u00e9 \u00e0 conclure sur l&rsquo;engagement de son adversaire, avec un break blanc pour virer en t\u00eate dans cette rencontre. La deuxi\u00e8me manche n&rsquo;a pas d\u00e9marr\u00e9 sur les m\u00eames bases. En effet, les deux joueurs se sont montr\u00e9s intraitables sur leurs engagements respectifs.<\/p>\n<p>Alcaraz a forc\u00e9 l&rsquo;allure pour conclure<\/p>\n<p>F\u00e9lix Auger-Aliassime a toutefois \u00e9t\u00e9 le plus en difficult\u00e9, \u00e9tant pouss\u00e9 jusqu&rsquo;\u00e0 l&rsquo;\u00e9galit\u00e9 mais sans conc\u00e9der une balle de break qui aurait pu tout changer. Un scenario qui s&rsquo;est poursuivi au point qu&rsquo;imaginer un jeu d\u00e9cisif pour d\u00e9partager les deux joueurs n&rsquo;\u00e9tait pas saugrenu. Mais, au moment de servir pour rester dans le match, F\u00e9lix Auger-Aliassime a baiss\u00e9 pavillon face \u00e0 un Carlos Alcaraz d\u00e9cid\u00e9 \u00e0 ne pas prolonger le suspense. Si le Canadien a pu sauver la premi\u00e8re balle de match avec un ace, il a d\u00fb s&rsquo;avouer vaincu sur la deuxi\u00e8me (6-2, 6-4 en 1h24&prime;). Pour sa troisi\u00e8me participation au \u00ab\u00a0Tournoi des Ma\u00eetres\u00a0\u00bb, Carlos Alcaraz se qualifie pour sa premi\u00e8re finale. Il va ainsi retrouver Jannik Sinner pour ce qui sera la sixi\u00e8me finale entre les deux joueurs cette ann\u00e9e, avec l&rsquo;Espagnol qui m\u00e8ne quatre succ\u00e8s \u00e0 un.<\/p>\n","protected":false},"excerpt":{"rendered":"Mathieu Warnier, Media365, publi\u00e9 le samedi 15 novembre 2025 \u00e0 22h20 Tombeur de F\u00e9lix Auger-Aliassime en deux manches,&hellip;\n","protected":false},"author":2,"featured_media":537432,"comment_status":"","ping_status":"","sticky":false,"template":"","format":"standard","meta":{"footnotes":""},"categories":[1415],"tags":[1011,27,60,1467],"class_list":{"0":"post-537431","1":"post","2":"type-post","3":"status-publish","4":"format-standard","5":"has-post-thumbnail","7":"category-tennis","8":"tag-fr","9":"tag-france","10":"tag-sports","11":"tag-tennis"},"share_on_mastodon":{"url":"https:\/\/pubeurope.com\/@fr\/115557551498358240","error":""},"_links":{"self":[{"href":"https:\/\/www.europesays.com\/fr\/wp-json\/wp\/v2\/posts\/537431","targetHints":{"allow":["GET"]}}],"collection":[{"href":"https:\/\/www.europesays.com\/fr\/wp-json\/wp\/v2\/posts"}],"about":[{"href":"https:\/\/www.europesays.com\/fr\/wp-json\/wp\/v2\/types\/post"}],"author":[{"embeddable":true,"href":"https:\/\/www.europesays.com\/fr\/wp-json\/wp\/v2\/users\/2"}],"replies":[{"embeddable":true,"href":"https:\/\/www.europesays.com\/fr\/wp-json\/wp\/v2\/comments?post=537431"}],"version-history":[{"count":0,"href":"https:\/\/www.europesays.com\/fr\/wp-json\/wp\/v2\/posts\/537431\/revisions"}],"wp:featuredmedia":[{"embeddable":true,"href":"https:\/\/www.europesays.com\/fr\/wp-json\/wp\/v2\/media\/537432"}],"wp:attachment":[{"href":"https:\/\/www.europesays.com\/fr\/wp-json\/wp\/v2\/media?parent=537431"}],"wp:term":[{"taxonomy":"category","embeddable":true,"href":"https:\/\/www.europesays.com\/fr\/wp-json\/wp\/v2\/categories?post=537431"},{"taxonomy":"post_tag","embeddable":true,"href":"https:\/\/www.europesays.com\/fr\/wp-json\/wp\/v2\/tags?post=537431"}],"curies":[{"name":"wp","href":"https:\/\/api.w.org\/{rel}","templated":true}]}}