{"id":537445,"date":"2025-11-16T04:54:32","date_gmt":"2025-11-16T04:54:32","guid":{"rendered":"https:\/\/www.europesays.com\/fr\/537445\/"},"modified":"2025-11-16T04:54:32","modified_gmt":"2025-11-16T04:54:32","slug":"le-chant-des-forets-des-8-ans-en-presence-du-realisateur-vincent-munier","status":"publish","type":"post","link":"https:\/\/www.europesays.com\/fr\/537445\/","title":{"rendered":"\u00ab\u00a0Le chant des for\u00eats\u00a0\u00bb (d\u00e8s 8 ans) en pr\u00e9sence du r\u00e9alisateur Vincent Munier"},"content":{"rendered":"<p><strong><a href=\"https:\/\/www.europesays.com\/fr\/wp-content\/uploads\/2025\/11\/le-chant-des-forets-le-191225.jpg\" data-slb-active=\"1\" data-slb-asset=\"1650693105\" data-slb-internal=\"0\" data-slb-group=\"slb\"><img fetchpriority=\"high\" decoding=\"async\" class=\"alignnone size-full wp-image-84664 lazyload\" alt=\"\" width=\"1200\" height=\"628\" src=\"https:\/\/www.europesays.com\/fr\/wp-content\/uploads\/2025\/11\/le-chant-des-forets-le-191225.jpg\"  data- data-eio-rwidth=\"1200\" data-eio-rheight=\"628\"\/><\/a>Pour f\u00eater le d\u00e9but des vacances de No\u00ebl, la MCL de G\u00e9rardmer a le plaisir d\u2019accueillir le r\u00e9alisateur et photographe Vincent Munier pour une s\u00e9ance de son nouveau film Le chant des for\u00eats !<\/strong><\/p>\n<p>Le chant des for\u00eats \u2013 1h36 \u2013 Documentaire<br \/>Apr\u00e8s La Panth\u00e8re des neiges, Vincent Munier nous invite au c\u0153ur des for\u00eats des Vosges. C\u2019est ici qu\u2019il a tout appris gr\u00e2ce \u00e0 son p\u00e8re Michel, naturaliste, ayant pass\u00e9 sa vie \u00e0 l\u2019affut dans les bois. Il est l\u2019heure pour eux de transmettre ce savoir \u00e0 Simon, le fils de Vincent. Trois regards, trois g\u00e9n\u00e9rations, une m\u00eame fascination pour la vie sauvage. Nous d\u00e9couvrirons avec eux cerfs, oiseaux rares, renards et lynx\u2026 et parfois, le battement d\u2019ailes d\u2019un animal l\u00e9gendaire : le Grand T\u00e9tras.<\/p>\n<p>Bande annonce du film : <a href=\"https:\/\/www.youtube.com\/watch?v=heoMyS_hjm8\" rel=\"nofollow noopener\" target=\"_blank\">https:\/\/www.youtube.com\/watch?v=heoMyS_hjm8<\/a><\/p>\n<p>Tarif Plein \u2013 6.50\u20ac \/ Adh\u00e9rents MCL 5.70\u20ac \/ Moins de 16 ans : 4,00\u20ac<\/p>\n<p><strong>Achat des places en amont vivement recommand\u00e9 !<\/strong><br \/>Billetterie\u00a0\u00e0 la MCL ou en ligne:\u00a0<a href=\"http:\/\/urlr.me\/UN4hYP\" rel=\"nofollow noopener\" target=\"_blank\">urlr.me\/UN4hYP<\/a><\/p>\n","protected":false},"excerpt":{"rendered":"Pour f\u00eater le d\u00e9but des vacances de No\u00ebl, la MCL de G\u00e9rardmer a le plaisir d\u2019accueillir le r\u00e9alisateur&hellip;\n","protected":false},"author":2,"featured_media":537446,"comment_status":"","ping_status":"","sticky":false,"template":"","format":"standard","meta":{"footnotes":""},"categories":[1354],"tags":[58,59,1346,1011,27,1360],"class_list":{"0":"post-537445","1":"post","2":"type-post","3":"status-publish","4":"format-standard","5":"has-post-thumbnail","7":"category-films","8":"tag-divertissement","9":"tag-entertainment","10":"tag-films","11":"tag-fr","12":"tag-france","13":"tag-movies"},"share_on_mastodon":{"url":"https:\/\/pubeurope.com\/@fr\/115557595345019266","error":""},"_links":{"self":[{"href":"https:\/\/www.europesays.com\/fr\/wp-json\/wp\/v2\/posts\/537445","targetHints":{"allow":["GET"]}}],"collection":[{"href":"https:\/\/www.europesays.com\/fr\/wp-json\/wp\/v2\/posts"}],"about":[{"href":"https:\/\/www.europesays.com\/fr\/wp-json\/wp\/v2\/types\/post"}],"author":[{"embeddable":true,"href":"https:\/\/www.europesays.com\/fr\/wp-json\/wp\/v2\/users\/2"}],"replies":[{"embeddable":true,"href":"https:\/\/www.europesays.com\/fr\/wp-json\/wp\/v2\/comments?post=537445"}],"version-history":[{"count":0,"href":"https:\/\/www.europesays.com\/fr\/wp-json\/wp\/v2\/posts\/537445\/revisions"}],"wp:featuredmedia":[{"embeddable":true,"href":"https:\/\/www.europesays.com\/fr\/wp-json\/wp\/v2\/media\/537446"}],"wp:attachment":[{"href":"https:\/\/www.europesays.com\/fr\/wp-json\/wp\/v2\/media?parent=537445"}],"wp:term":[{"taxonomy":"category","embeddable":true,"href":"https:\/\/www.europesays.com\/fr\/wp-json\/wp\/v2\/categories?post=537445"},{"taxonomy":"post_tag","embeddable":true,"href":"https:\/\/www.europesays.com\/fr\/wp-json\/wp\/v2\/tags?post=537445"}],"curies":[{"name":"wp","href":"https:\/\/api.w.org\/{rel}","templated":true}]}}