{"id":537465,"date":"2025-11-16T05:04:12","date_gmt":"2025-11-16T05:04:12","guid":{"rendered":"https:\/\/www.europesays.com\/fr\/537465\/"},"modified":"2025-11-16T05:04:12","modified_gmt":"2025-11-16T05:04:12","slug":"pourquoi-les-artigues-demandent-un-million-deuros","status":"publish","type":"post","link":"https:\/\/www.europesays.com\/fr\/537465\/","title":{"rendered":"pourquoi les Artigues demandent un million d\u2019euros"},"content":{"rendered":"<p>Une bombe. C\u2019est Me Germain H\u00e9kimian, avocat du \u00ab barbouzeur \u00bb <a href=\"https:\/\/www.leprogres.fr\/p\/gilles-rossary-lenglet\" target=\"_blank\" rel=\"noopener\">Gilles Rossary-Lenglet<\/a>, qui a balanc\u00e9 publiquement le chiffre au proc\u00e8s de la sextape. \u00ab <a href=\"https:\/\/www.leprogres.fr\/p\/gilles-artigues\" target=\"_blank\" rel=\"noopener\">Gilles Artigues<\/a> fait une demande exorbitante de l\u2019ordre d\u2019un million d\u2019euros pour son pr\u00e9judice moral \u00bb. Un million ! L\u2019info s\u2019est noy\u00e9e dans la masse des r\u00e9v\u00e9lations de l\u2019audience. Mais quand m\u00eame. Un million\u2026<\/p>\n<p>Le Progr\u00e8s a men\u00e9 l\u2019enqu\u00eate. Le pr\u00e9judice moral, tout d\u2019abord, c\u2019est quoi ? Il se r\u00e9f\u00e8re aux souffrances \u00e9motionnelles et psychologiques subies par une personne \u00e0 la suite d\u2019un \u00e9v\u00e8nement traumatisant ou d\u2019une situation dommageable. Il peut inclure la douleur, le stress, l\u2019angoisse et d\u2019autres perturbations \u00e9motionnelles.<\/p>\n<p>Un orphelin pourra obtenir entre 25 000 et 30 000 euros<\/p>\n<p>Difficile de poser un chiffre sur des notions telles que <a href=\"https:\/\/www.leprogres.fr\/faits-divers-justice\/2025\/08\/20\/les-victimes-n-imaginent-pas-le-parcours-qui-les-attend-cet-avocat-publie-un-livre-pour-les-aider\" target=\"_blank\" rel=\"noopener\">le choc psychologique ou la souffrance morale<\/a> endur\u00e9s par la victime directe ou indirecte d\u2019une infraction. Mais des documents de travail existent. Les magistrats peuvent s\u2019appuyer sur le r\u00e9f\u00e9rentiel&#8230;<\/p>\n","protected":false},"excerpt":{"rendered":"Une bombe. C\u2019est Me Germain H\u00e9kimian, avocat du \u00ab barbouzeur \u00bb Gilles Rossary-Lenglet, qui a balanc\u00e9 publiquement le&hellip;\n","protected":false},"author":2,"featured_media":537466,"comment_status":"","ping_status":"","sticky":false,"template":"","format":"standard","meta":{"footnotes":""},"categories":[9653],"tags":[1111,11,42797,2430,271,272,7539,1777,674,274,107,1011,27,3367,12,25,4001,7538],"class_list":{"0":"post-537465","1":"post","2":"type-post","3":"status-publish","4":"format-standard","5":"has-post-thumbnail","7":"category-saint-etienne","8":"tag-actu","9":"tag-actualites","10":"tag-affaire-perdriau","11":"tag-auvergne-rhone-alpes","12":"tag-crime","13":"tag-delit-et-contravention","14":"tag-edition-loire-sud","15":"tag-eu","16":"tag-europe","17":"tag-faits-divers-justice","18":"tag-fil-info","19":"tag-fr","20":"tag-france","21":"tag-loire","22":"tag-news","23":"tag-republique-francaise","24":"tag-saint-etienne","25":"tag-saint-etienne-ville"},"share_on_mastodon":{"url":"https:\/\/pubeurope.com\/@fr\/115557634101272080","error":""},"_links":{"self":[{"href":"https:\/\/www.europesays.com\/fr\/wp-json\/wp\/v2\/posts\/537465","targetHints":{"allow":["GET"]}}],"collection":[{"href":"https:\/\/www.europesays.com\/fr\/wp-json\/wp\/v2\/posts"}],"about":[{"href":"https:\/\/www.europesays.com\/fr\/wp-json\/wp\/v2\/types\/post"}],"author":[{"embeddable":true,"href":"https:\/\/www.europesays.com\/fr\/wp-json\/wp\/v2\/users\/2"}],"replies":[{"embeddable":true,"href":"https:\/\/www.europesays.com\/fr\/wp-json\/wp\/v2\/comments?post=537465"}],"version-history":[{"count":0,"href":"https:\/\/www.europesays.com\/fr\/wp-json\/wp\/v2\/posts\/537465\/revisions"}],"wp:featuredmedia":[{"embeddable":true,"href":"https:\/\/www.europesays.com\/fr\/wp-json\/wp\/v2\/media\/537466"}],"wp:attachment":[{"href":"https:\/\/www.europesays.com\/fr\/wp-json\/wp\/v2\/media?parent=537465"}],"wp:term":[{"taxonomy":"category","embeddable":true,"href":"https:\/\/www.europesays.com\/fr\/wp-json\/wp\/v2\/categories?post=537465"},{"taxonomy":"post_tag","embeddable":true,"href":"https:\/\/www.europesays.com\/fr\/wp-json\/wp\/v2\/tags?post=537465"}],"curies":[{"name":"wp","href":"https:\/\/api.w.org\/{rel}","templated":true}]}}