{"id":537475,"date":"2025-11-16T05:13:25","date_gmt":"2025-11-16T05:13:25","guid":{"rendered":"https:\/\/www.europesays.com\/fr\/537475\/"},"modified":"2025-11-16T05:13:25","modified_gmt":"2025-11-16T05:13:25","slug":"beauvais-rejette-une-offre-de-rachat-diwan-postel-lancien-president-du-fc-rouen","status":"publish","type":"post","link":"https:\/\/www.europesays.com\/fr\/537475\/","title":{"rendered":"Beauvais rejette une offre de rachat d&rsquo;Iwan Postel, l&rsquo;ancien pr\u00e9sident du FC Rouen"},"content":{"rendered":"<p>L&rsquo;AS Beauvais-Oise traverse actuellement une p\u00e9riode d&rsquo;incertitude. Le club a r\u00e9cemment enregistr\u00e9 le d\u00e9part de Corinne Corillion, qui occupait le fauteuil de pr\u00e9sidente depuis l&rsquo;\u00e9t\u00e9 2024. Ce changement de gouvernance s&rsquo;est rapidement accompagn\u00e9 d&rsquo;une autre d\u00e9cision forte de la nouvelle direction : la s\u00e9paration avec le manager g\u00e9n\u00e9ral, S\u00e9bastien Piocelle, pr\u00e9sent au club depuis un an et demi. Face \u00e0 une situation financi\u00e8re d\u00e9licate, l&rsquo;ASBO a par ailleurs \u00e9t\u00e9 contraint de faire reporter son audience devant la DNCG (Direction Nationale du Contr\u00f4le de Gestion).<\/p>\n<p><strong>Tentative de rachat et ultimatum rejet\u00e9<\/strong><\/p>\n<p>Dans ce contexte tendu, une tentative de reprise a fait surface. Selon les informations conjointes de <a href=\"https:\/\/www.lobservateurdebeauvais.fr\/new-repreneur-interet-asbo-postel\/\" rel=\"nofollow noopener\" target=\"_blank\">l&rsquo;Observateur de Beauvais<\/a> et du <a href=\"https:\/\/www.courrier-picard.fr\/id673767\/article\/2025-11-12\/football-lancien-president-du-fc-rouen-sest-manifeste-pour-reprendre-las\" rel=\"nofollow noopener\" target=\"_blank\">Courrier Picard<\/a>, Iwan Postel, l&rsquo;ancien pr\u00e9sident du FC Rouen, et un investisseur se sont port\u00e9s candidats pour reprendre l&rsquo;AS Beauvais-Oise. Postel a fait part de ses intentions en assurant, par mail, pouvoir injecter 500 000 euros imm\u00e9diatement. Cependant, cette d\u00e9marche n&rsquo;a pas abouti. La direction de Beauvais n&rsquo;aurait pas appr\u00e9ci\u00e9 la m\u00e9thode et le fait que l&rsquo;offre soit assortie d&rsquo;un ultimatum de 48 heures, et n&rsquo;a pas donn\u00e9 suite aux propositions.<\/p>\n<p>Partagez cette info avec vos amis et vos proches en cliquant ici<br \/>Pour r\u00e9sumer<\/p>\n<p>L&rsquo;AS Beauvais-Oise a r\u00e9cemment \u00e9t\u00e9 l&rsquo;objet d&rsquo;une tentative de rachat inattendue. Selon la presse locale, l&rsquo;ancien pr\u00e9sident du FC Rouen, Iwan Postel, s&rsquo;est port\u00e9 candidat \u00e0 la reprise en promettant une injection imm\u00e9diate de 500 000 euros.<\/p>\n<p> <img decoding=\"async\" width=\"76\" height=\"76\" loading=\"lazy\" src=\"https:\/\/static.wui.fr\/images_v3\/avatar-footnational.png\" alt=\"Aris Djennadi\"\/><\/p>\n","protected":false},"excerpt":{"rendered":"L&rsquo;AS Beauvais-Oise traverse actuellement une p\u00e9riode d&rsquo;incertitude. Le club a r\u00e9cemment enregistr\u00e9 le d\u00e9part de Corinne Corillion, qui&hellip;\n","protected":false},"author":2,"featured_media":537476,"comment_status":"","ping_status":"","sticky":false,"template":"","format":"standard","meta":{"footnotes":""},"categories":[9587],"tags":[1111,11,1777,674,1011,27,59520,12,5161,25,9590],"class_list":{"0":"post-537475","1":"post","2":"type-post","3":"status-publish","4":"format-standard","5":"has-post-thumbnail","7":"category-rouen","8":"tag-actu","9":"tag-actualites","10":"tag-eu","11":"tag-europe","12":"tag-fr","13":"tag-france","14":"tag-national-2-actus","15":"tag-news","16":"tag-normandie","17":"tag-republique-francaise","18":"tag-rouen"},"share_on_mastodon":{"url":"https:\/\/pubeurope.com\/@fr\/115557670269180781","error":""},"_links":{"self":[{"href":"https:\/\/www.europesays.com\/fr\/wp-json\/wp\/v2\/posts\/537475","targetHints":{"allow":["GET"]}}],"collection":[{"href":"https:\/\/www.europesays.com\/fr\/wp-json\/wp\/v2\/posts"}],"about":[{"href":"https:\/\/www.europesays.com\/fr\/wp-json\/wp\/v2\/types\/post"}],"author":[{"embeddable":true,"href":"https:\/\/www.europesays.com\/fr\/wp-json\/wp\/v2\/users\/2"}],"replies":[{"embeddable":true,"href":"https:\/\/www.europesays.com\/fr\/wp-json\/wp\/v2\/comments?post=537475"}],"version-history":[{"count":0,"href":"https:\/\/www.europesays.com\/fr\/wp-json\/wp\/v2\/posts\/537475\/revisions"}],"wp:featuredmedia":[{"embeddable":true,"href":"https:\/\/www.europesays.com\/fr\/wp-json\/wp\/v2\/media\/537476"}],"wp:attachment":[{"href":"https:\/\/www.europesays.com\/fr\/wp-json\/wp\/v2\/media?parent=537475"}],"wp:term":[{"taxonomy":"category","embeddable":true,"href":"https:\/\/www.europesays.com\/fr\/wp-json\/wp\/v2\/categories?post=537475"},{"taxonomy":"post_tag","embeddable":true,"href":"https:\/\/www.europesays.com\/fr\/wp-json\/wp\/v2\/tags?post=537475"}],"curies":[{"name":"wp","href":"https:\/\/api.w.org\/{rel}","templated":true}]}}