{"id":537477,"date":"2025-11-16T05:16:15","date_gmt":"2025-11-16T05:16:15","guid":{"rendered":"https:\/\/www.europesays.com\/fr\/537477\/"},"modified":"2025-11-16T05:16:15","modified_gmt":"2025-11-16T05:16:15","slug":"football-france-espoirs-iles-feroe-au-stade-des-alpes","status":"publish","type":"post","link":"https:\/\/www.europesays.com\/fr\/537477\/","title":{"rendered":"Football : France Espoirs \/\u00celes F\u00e9ro\u00e9 au Stade des Alpes"},"content":{"rendered":"<p><img loading=\"lazy\" decoding=\"async\" alt=\"\u00a9 Caroline Thermoz-Liaudy - Le stade des Alpes de Grenoble sera le th\u00e9\u00e2tre d'un nouveau match de l'\u00e9quipe de France Espoirs ce 17 novembre 2025.\" data-zoom-src=\"https:\/\/www.europesays.com\/fr\/wp-content\/uploads\/2025\/11\/initial-grenoble-stade-des-alpes.jpg\" data-zoomable=\"\" height=\"702\" src=\"https:\/\/www.europesays.com\/fr\/wp-content\/uploads\/2025\/11\/initial-grenoble-stade-des-alpes.jpg\" width=\"1248\"\/>  <\/p>\n<p class=\"article-desc\">\u00a9 Caroline Thermoz-Liaudy &#8211; Le stade des Alpes de Grenoble sera le th\u00e9\u00e2tre d&rsquo;un nouveau match de l&rsquo;\u00e9quipe de France Espoirs ce 17 novembre 2025. <\/p>\n<p>Apr\u00e8s le match des Bleuets face \u00e0 l&rsquo;Estonie le 13 octobre dernier, que les jeunes joueurs de l&rsquo;\u00e9quipe de France ont largement remport\u00e9 six buts \u00e0 un,<a href=\"https:\/\/mesinfos.fr\/38000-grenoble\/stade-des-alpes-a-grenoble-vers-un-accord-entre-la-metropole-et-les-clubs-professionnels-226412.html\" rel=\"noopener\" target=\"_blank\"> le stade des Alpes <\/a>accueille de nouveau les jeunes porteurs du maillot de l&rsquo;\u00e9quipe de France.\u00a0Le match aura lieu ce lundi 27 novembre \u00e0 21 h, et la France affrontera les \u00eeles F\u00e9ro\u00e9. <\/p>\n<p>France \/ \u00celes Fero\u00e9 : des billets toujours disponibles pour le match <\/p>\n<p>La rencontre se joue dans le cadre des qualifications \u00e0 l&rsquo;Euro 2027 des moins de 21 ans, qui se d\u00e9roulera en Albanie et en Serbie.<a href=\"https:\/\/billetterie.fff.fr\/fr\/france_iles_feroe_lundi_17_novembre_2025_21_00\/grand_public\" rel=\"noopener\" target=\"_blank\"> Les billets sont encore disponibles \u00e0 la vente<\/a> (8 \u00e0 20 euros). <\/p>\n<p>L&rsquo;\u00e9quipe de France Espoirs avait \u00e9t\u00e9 demi-finaliste de l&rsquo;Euro 2025 en Slovaquie.<\/p>\n","protected":false},"excerpt":{"rendered":"\u00a9 Caroline Thermoz-Liaudy &#8211; Le stade des Alpes de Grenoble sera le th\u00e9\u00e2tre d&rsquo;un nouveau match de l&rsquo;\u00e9quipe&hellip;\n","protected":false},"author":2,"featured_media":537478,"comment_status":"","ping_status":"","sticky":false,"template":"","format":"standard","meta":{"footnotes":""},"categories":[9566],"tags":[1111,11,2430,6713,1777,674,1011,27,2731,12,25,37578],"class_list":{"0":"post-537477","1":"post","2":"type-post","3":"status-publish","4":"format-standard","5":"has-post-thumbnail","7":"category-grenoble","8":"tag-actu","9":"tag-actualites","10":"tag-auvergne-rhone-alpes","11":"tag-equipe-de-france-de-football","12":"tag-eu","13":"tag-europe","14":"tag-fr","15":"tag-france","16":"tag-grenoble","17":"tag-news","18":"tag-republique-francaise","19":"tag-stade-des-alpes"},"share_on_mastodon":{"url":"https:\/\/pubeurope.com\/@fr\/115557681951229913","error":""},"_links":{"self":[{"href":"https:\/\/www.europesays.com\/fr\/wp-json\/wp\/v2\/posts\/537477","targetHints":{"allow":["GET"]}}],"collection":[{"href":"https:\/\/www.europesays.com\/fr\/wp-json\/wp\/v2\/posts"}],"about":[{"href":"https:\/\/www.europesays.com\/fr\/wp-json\/wp\/v2\/types\/post"}],"author":[{"embeddable":true,"href":"https:\/\/www.europesays.com\/fr\/wp-json\/wp\/v2\/users\/2"}],"replies":[{"embeddable":true,"href":"https:\/\/www.europesays.com\/fr\/wp-json\/wp\/v2\/comments?post=537477"}],"version-history":[{"count":0,"href":"https:\/\/www.europesays.com\/fr\/wp-json\/wp\/v2\/posts\/537477\/revisions"}],"wp:featuredmedia":[{"embeddable":true,"href":"https:\/\/www.europesays.com\/fr\/wp-json\/wp\/v2\/media\/537478"}],"wp:attachment":[{"href":"https:\/\/www.europesays.com\/fr\/wp-json\/wp\/v2\/media?parent=537477"}],"wp:term":[{"taxonomy":"category","embeddable":true,"href":"https:\/\/www.europesays.com\/fr\/wp-json\/wp\/v2\/categories?post=537477"},{"taxonomy":"post_tag","embeddable":true,"href":"https:\/\/www.europesays.com\/fr\/wp-json\/wp\/v2\/tags?post=537477"}],"curies":[{"name":"wp","href":"https:\/\/api.w.org\/{rel}","templated":true}]}}