{"id":537507,"date":"2025-11-16T05:33:16","date_gmt":"2025-11-16T05:33:16","guid":{"rendered":"https:\/\/www.europesays.com\/fr\/537507\/"},"modified":"2025-11-16T05:33:16","modified_gmt":"2025-11-16T05:33:16","slug":"100-chalets-horaires-dates-a-quoi-sattendre","status":"publish","type":"post","link":"https:\/\/www.europesays.com\/fr\/537507\/","title":{"rendered":"100 chalets, horaires, dates&#8230; \u00e0 quoi s&rsquo;attendre"},"content":{"rendered":"<p>                    Par<br \/>\n        <strong><br \/>\n            <a href=\"https:\/\/actu.fr\/auteur\/theo-zuili\" title=\"Consulter tous les articles de Th\u00e9o Zuili\" rel=\"nofollow noopener\" target=\"_blank\">Th\u00e9o Zuili<\/a><br \/>\n                    <\/strong><\/p>\n<p>        Publi\u00e9 le<\/p>\n<p>            16 nov. 2025 \u00e0 6h14        <\/p>\n<p>Le <strong>village de No\u00ebl<\/strong> rouvre ses chalets \u00e0 <a href=\"https:\/\/actu.fr\/auvergne-rhone-alpes\/lyon_69123\" rel=\"nofollow noopener\" target=\"_blank\">Lyon<\/a> du 21 novembre au 24 d\u00e9cembre 2025, place Carnot (2e arrondissement). Au programme : un mois d\u2019animations, de gourmandises et d\u2019artisanat, avec quelques nouveaut\u00e9s et un accent encore renforc\u00e9 sur le savoir-faire local.<\/p>\n<p class=\" wall-content\">Malgr\u00e9 une p\u00e9tition r\u00e9clamant \u00ab\u00a0un march\u00e9 de No\u00ebl magistral \u00e0 Bellecour\u00a0\u00bb <a href=\"https:\/\/actu.fr\/auvergne-rhone-alpes\/lyon_69123\/lyon-un-marche-de-noel-magistral-et-geant-place-bellecour-la-proposition-d-un-lyonnais_63149902.html\" rel=\"nofollow noopener\" target=\"_blank\">sign\u00e9e plus de 10 000 fois<\/a>, l\u2019\u00e9v\u00e8nement aura lieu<strong> \u00e0 son emplacement traditionnel<\/strong> cette ann\u00e9e (et au moins jusqu\u2019en 2028). Voici ce qui attend les visiteurs pour cette \u00e9dition.<\/p>\n<p>Un mois de march\u00e9 de No\u00ebl<\/p>\n<p class=\" wall-content\">Install\u00e9 au pied du centre d\u2019\u00e9changes de Perrache, le march\u00e9 de No\u00ebl transformera \u00e0 nouveau la place Carnot en <strong>village illumin\u00e9 \u00e9ph\u00e9m\u00e8re<\/strong> o\u00f9 pourront se croiser familles, touristes, gourmands et curieux pendant tout un mois.<\/p>\n<p class=\" wall-content\">La Ville de Lyon confirme les dates : l\u2019ouverture est <strong>pr\u00e9vue le vendredi 21 novembre<\/strong> et les chalets fermeront le mercredi 24 d\u00e9cembre. Les horaires 2025 restent globalement identiques \u00e0 ceux annonc\u00e9s l\u2019an dernier :<\/p>\n<ul class=\" wall-content\">\n<li>Lundi \u00e0 jeudi : 11h \u2013 20h<\/li>\n<li>Vendredi : 11h \u2013 22h<\/li>\n<li>Samedi : 10h30 \u2013 22h<\/li>\n<li>Dimanche : 10h30 \u2013 20h<\/li>\n<\/ul>\n<p>    <img   decoding=\"async\" loading=\"lazy\" src=\"https:\/\/www.europesays.com\/fr\/wp-content\/uploads\/2025\/11\/b9ff2b37d78568dff2b37d78581003v-960x640.png\" alt=\"Des commer\u00e7ants pourront s'installer dans un march\u00e9 de No\u00ebl au port de Vannes (Morbihan).\" width=\"960\" height=\"640\"\/><br \/>\n    Les traditionnels vins chauds seront de retour. (\u00a9Th\u00e9o Zuili \/ actu Lyon)<\/p>\n<p class=\" wall-content\">Comme chaque ann\u00e9e, la municipalit\u00e9 pr\u00e9vient que les horaires \u00ab\u00a0pourront \u00eatre restreints durant la F\u00eate des Lumi\u00e8res pour des raisons de s\u00e9curit\u00e9\u00a0\u00bb. Une mesure qui, traditionnellement, <a href=\"https:\/\/actu.fr\/auvergne-rhone-alpes\/lyon_69123\/fete-des-lumieres-a-lyon-ca-n-a-pas-de-sens-le-marche-de-noel-force-de-fermer-plus-tot_61965586.html\" rel=\"nofollow noopener\" target=\"_blank\">irrite une partie des commer\u00e7ants<\/a>, estimant que ces fermetures anticip\u00e9es <strong>limitent leur chiffre d\u2019affaires<\/strong> lors de la p\u00e9riode de plus grande affluence.<\/p>\n<p>Votre r\u00e9gion, votre actu !<\/p>\n<p>Recevez chaque jour les infos qui comptent pour vous.<\/p>\n<p>\t<a href=\"https:\/\/actu.fr\/newsletter\" class=\"ac-btn ac-btn--corner ac-btn--medium ac-btn--blue800\" rel=\"nofollow noopener\" target=\"_blank\">S&rsquo;incrire<\/a><br \/>\n100 chalets et un large choix d\u2019artisans<\/p>\n<p class=\" wall-content\">Cette \u00e9dition 2025 comptera <strong>une centaine de chalets<\/strong>, confirm\u00e9s par la Ville. La municipalit\u00e9 promet une offre diversifi\u00e9e et de qualit\u00e9, centr\u00e9e sur l\u2019artisanat, les produits locaux de la r\u00e9gion Auvergne-Rh\u00f4ne-Alpes et les cr\u00e9ations originales.<\/p>\n<p class=\" wall-content\">Les visiteurs retrouveront notamment des d\u00e9corations de <a href=\"https:\/\/actu.fr\/tag\/noel\" rel=\"nofollow noopener\" target=\"_blank\">No\u00ebl<\/a> (guirlandes, boules, \u00e9toiles, santons, couronnes, accessoires de table), jouets (peluches, puzzles, jeux en bois, kits cr\u00e9atifs) produits du terroir (confitures, marrons glac\u00e9s, ch\u00e2taignes, miel, pain d\u2019\u00e9pice, foie gras, vins, liqueurs, gourmandises r\u00e9gionales)\u2026<\/p>\n<p>    <img   decoding=\"async\" loading=\"lazy\" src=\"https:\/\/www.europesays.com\/fr\/wp-content\/uploads\/2025\/11\/marche-de-noel-bonde-lyon-960x640.jpeg\" alt=\"Le march\u00e9 de No\u00ebl de Lyon bond\u00e9 de monde samedi 16 d\u00e9cembre 2023.\" width=\"960\" height=\"640\"\/><br \/>\n    Le march\u00e9 de No\u00ebl de Lyon peut parfois \u00eatre bond\u00e9 de monde, comme ici le samedi 16 d\u00e9cembre 2023. (\u00a9Nicolas Zaugra\/ archives actu Lyon)<\/p>\n<p class=\" wall-content\">Sans oublier <strong>les cadeaux et artisanats<\/strong> (textiles, savons solides, bijoux r\u00e9tro ou en soie, maroquinerie locale, accessoires en feutre, illustrations, cyanotypes, miniatures en verre fil\u00e9, graphisme, peintures sur soie, bougies parfum\u00e9es\u2026).<\/p>\n<p>Le P\u00e8re No\u00ebl sera pr\u00e9sent<\/p>\n<p class=\" wall-content\">Les enfants pourront trouver leur bonheur via diff\u00e9rents ateliers maquillage ou<br \/>lectures de contes, tandis que<strong> le P\u00e8re No\u00ebl lui-m\u00eame<\/strong> sera \u00e0 nouveau de retour dans sa maison d\u00e9cor\u00e9e pour l\u2019occasion.<\/p>\n<p>    <img   decoding=\"async\" loading=\"lazy\" src=\"https:\/\/www.europesays.com\/fr\/wp-content\/uploads\/2025\/11\/pere-noel-place-carnot-marche-du-pere-noel-lyon-enfant-lettre-960x640.png\" alt=\"Chaque ann\u00e9e, le P\u00e8re-No\u00ebl fait une halte \u00e0 Lyon pour rencontrer les enfants : nous l'avons rencontr\u00e9.\" width=\"960\" height=\"640\"\/><br \/>\n    Chaque ann\u00e9e, le P\u00e8re-No\u00ebl fait une halte \u00e0 Lyon pour rencontrer les enfants. (\u00a9Th\u00e9o Zuili \/ archives actu Lyon)<\/p>\n<p class=\" wall-content\">Plusieurs chalets (dont celui du P\u00e8re No\u00ebl) seront mis \u00e0 disposition d\u2019associations caritatives et de structures d\u2019insertion. Et comme chaque ann\u00e9e, il y aura <strong>de quoi boire et manger<\/strong> sur place.<\/p>\n<p class=\" wall-content\">Personnalisez votre actualit\u00e9 en ajoutant vos villes et m\u00e9dias en favori avec <a href=\"https:\/\/moncompte.actu.fr\" title=\"D\u00e9couvez Mon Actu\" rel=\"nofollow noopener\" data-trk=\"{&quot;cta&quot;:{&quot;action&quot;:&quot;https:\\\/\\\/moncompte.actu.fr&quot;,&quot;category&quot;:&quot;mon compte&quot;,&quot;from&quot;:&quot;article footer&quot;,&quot;name&quot;:&quot;Mon actu&quot;,&quot;type&quot;:&quot;cta&quot;}}\" target=\"_blank\">Mon Actu<\/a>.<\/p>\n","protected":false},"excerpt":{"rendered":"Par Th\u00e9o Zuili Publi\u00e9 le 16 nov. 2025 \u00e0 6h14 Le village de No\u00ebl rouvre ses chalets \u00e0&hellip;\n","protected":false},"author":2,"featured_media":537508,"comment_status":"","ping_status":"","sticky":false,"template":"","format":"standard","meta":{"footnotes":""},"categories":[1889],"tags":[1111,11,2430,1777,674,1011,27,1652,2428,2089,12,15830,5274,25],"class_list":{"0":"post-537507","1":"post","2":"type-post","3":"status-publish","4":"format-standard","5":"has-post-thumbnail","7":"category-lyon","8":"tag-actu","9":"tag-actualites","10":"tag-auvergne-rhone-alpes","11":"tag-eu","12":"tag-europe","13":"tag-fr","14":"tag-france","15":"tag-loisirs-culture","16":"tag-lyon","17":"tag-marche","18":"tag-news","19":"tag-noel","20":"tag-perrache","21":"tag-republique-francaise"},"share_on_mastodon":{"url":"https:\/\/pubeurope.com\/@fr\/115557749360233709","error":""},"_links":{"self":[{"href":"https:\/\/www.europesays.com\/fr\/wp-json\/wp\/v2\/posts\/537507","targetHints":{"allow":["GET"]}}],"collection":[{"href":"https:\/\/www.europesays.com\/fr\/wp-json\/wp\/v2\/posts"}],"about":[{"href":"https:\/\/www.europesays.com\/fr\/wp-json\/wp\/v2\/types\/post"}],"author":[{"embeddable":true,"href":"https:\/\/www.europesays.com\/fr\/wp-json\/wp\/v2\/users\/2"}],"replies":[{"embeddable":true,"href":"https:\/\/www.europesays.com\/fr\/wp-json\/wp\/v2\/comments?post=537507"}],"version-history":[{"count":0,"href":"https:\/\/www.europesays.com\/fr\/wp-json\/wp\/v2\/posts\/537507\/revisions"}],"wp:featuredmedia":[{"embeddable":true,"href":"https:\/\/www.europesays.com\/fr\/wp-json\/wp\/v2\/media\/537508"}],"wp:attachment":[{"href":"https:\/\/www.europesays.com\/fr\/wp-json\/wp\/v2\/media?parent=537507"}],"wp:term":[{"taxonomy":"category","embeddable":true,"href":"https:\/\/www.europesays.com\/fr\/wp-json\/wp\/v2\/categories?post=537507"},{"taxonomy":"post_tag","embeddable":true,"href":"https:\/\/www.europesays.com\/fr\/wp-json\/wp\/v2\/tags?post=537507"}],"curies":[{"name":"wp","href":"https:\/\/api.w.org\/{rel}","templated":true}]}}