{"id":537511,"date":"2025-11-16T05:37:54","date_gmt":"2025-11-16T05:37:54","guid":{"rendered":"https:\/\/www.europesays.com\/fr\/537511\/"},"modified":"2025-11-16T05:37:54","modified_gmt":"2025-11-16T05:37:54","slug":"video-le-premier-telepherique-urbainen-ile-de-france-va-ouvrir","status":"publish","type":"post","link":"https:\/\/www.europesays.com\/fr\/537511\/","title":{"rendered":"Vid\u00e9o. Le premier t\u00e9l\u00e9ph\u00e9rique urbainen \u00cele-de-France va ouvrir"},"content":{"rendered":"<p>Un t\u00e9l\u00e9ph\u00e9rique survolant les tours et le b\u00e9ton peut sembler insolite, mais l\u2019\u00cele-de-France verra bient\u00f4t son premier entrer en service.<\/p>\n<p>\u00c0 partir du 13 d\u00e9cembre, les cabines commenceront \u00e0 transporter des passagers \u00e0 travers Limeil-Br\u00e9vannes, dans le Val-de-Marne, une banlieue longtemps desservie uniquement par les bus. Le trac\u00e9 de 4,5 kilom\u00e8tres, avec cinq stations, ne prendra que 18 minutes de bout en bout. Les habitants se disent impatients d\u2019essayer ces cabines silencieuses et confortables.<\/p>\n<p>Pour les autorit\u00e9s locales, le t\u00e9l\u00e9ph\u00e9rique offrait une option moins co\u00fbteuse et plus pratique que la construction d\u2019un tramway ou d\u2019un m\u00e9tro dans cette zone dens\u00e9ment peupl\u00e9e.<\/p>\n<p>L\u2019id\u00e9e n\u2019est pas nouvelle : plus de 80 villes \u00e0 travers le monde utilisent d\u00e9j\u00e0 des t\u00e9l\u00e9ph\u00e9riques urbains, dont Toulouse, qui a inaugur\u00e9 sa ligne en 2022, et Grenoble, dont les embl\u00e9matiques \u00ab bulles \u00bb flottent au-dessus de la ville depuis plus de 90 ans.<\/p>\n","protected":false},"excerpt":{"rendered":"Un t\u00e9l\u00e9ph\u00e9rique survolant les tours et le b\u00e9ton peut sembler insolite, mais l\u2019\u00cele-de-France verra bient\u00f4t son premier entrer&hellip;\n","protected":false},"author":2,"featured_media":537512,"comment_status":"","ping_status":"","sticky":false,"template":"","format":"standard","meta":{"footnotes":""},"categories":[1592],"tags":[37666,65638,50016,1111,11,1777,674,1011,27,662,12,626,25,65639,37667,50017,37669,50019,65641,37668,50018,65640],"class_list":{"0":"post-537511","1":"post","2":"type-post","3":"status-publish","4":"format-standard","5":"has-post-thumbnail","7":"category-ile-de-france","8":"tag-id117","9":"tag-id25932","10":"tag-id412","11":"tag-actu","12":"tag-actualites","13":"tag-eu","14":"tag-europe","15":"tag-fr","16":"tag-france","17":"tag-ile-de-france","18":"tag-news","19":"tag-paris","20":"tag-republique-francaise","21":"tag-slugcable-car","22":"tag-slugfrance","23":"tag-slugparis","24":"tag-titlefrance","25":"tag-titleparis","26":"tag-titletu00e9lu00e9phu00e9rique","27":"tag-urlsafevaluefrance","28":"tag-urlsafevalueparis","29":"tag-urlsafevaluetelepherique"},"share_on_mastodon":{"url":"https:\/\/pubeurope.com\/@fr\/115557767798712210","error":""},"_links":{"self":[{"href":"https:\/\/www.europesays.com\/fr\/wp-json\/wp\/v2\/posts\/537511","targetHints":{"allow":["GET"]}}],"collection":[{"href":"https:\/\/www.europesays.com\/fr\/wp-json\/wp\/v2\/posts"}],"about":[{"href":"https:\/\/www.europesays.com\/fr\/wp-json\/wp\/v2\/types\/post"}],"author":[{"embeddable":true,"href":"https:\/\/www.europesays.com\/fr\/wp-json\/wp\/v2\/users\/2"}],"replies":[{"embeddable":true,"href":"https:\/\/www.europesays.com\/fr\/wp-json\/wp\/v2\/comments?post=537511"}],"version-history":[{"count":0,"href":"https:\/\/www.europesays.com\/fr\/wp-json\/wp\/v2\/posts\/537511\/revisions"}],"wp:featuredmedia":[{"embeddable":true,"href":"https:\/\/www.europesays.com\/fr\/wp-json\/wp\/v2\/media\/537512"}],"wp:attachment":[{"href":"https:\/\/www.europesays.com\/fr\/wp-json\/wp\/v2\/media?parent=537511"}],"wp:term":[{"taxonomy":"category","embeddable":true,"href":"https:\/\/www.europesays.com\/fr\/wp-json\/wp\/v2\/categories?post=537511"},{"taxonomy":"post_tag","embeddable":true,"href":"https:\/\/www.europesays.com\/fr\/wp-json\/wp\/v2\/tags?post=537511"}],"curies":[{"name":"wp","href":"https:\/\/api.w.org\/{rel}","templated":true}]}}