{"id":537515,"date":"2025-11-16T05:40:19","date_gmt":"2025-11-16T05:40:19","guid":{"rendered":"https:\/\/www.europesays.com\/fr\/537515\/"},"modified":"2025-11-16T05:40:19","modified_gmt":"2025-11-16T05:40:19","slug":"on-sait-jamais-paris-fc-ligue-1-lenigmatique-reponse-de-ngolo-kante-sur-son-avenir","status":"publish","type":"post","link":"https:\/\/www.europesays.com\/fr\/537515\/","title":{"rendered":"\u00ab\u00a0On sait jamais\u00a0\u00bb\u00a0: Paris FC, Ligue 1&#8230; l\u2019\u00e9nigmatique r\u00e9ponse de N\u2019Golo Kant\u00e9 sur son avenir"},"content":{"rendered":"<p class=\"paragraph text_align_left lp-f-body-02\">Apr\u00e8s Pogba, Giroud, Thauvin, Pavard ou encore Sidib\u00e9, un autre champion du monde 2018 va-t-il faire son retour en France ? <a href=\"https:\/\/www.leparisien.fr\/sports\/football\/mercato-paris-fc-et-si-le-club-parisien-tentait-le-gros-coup-ngolo-kante-29-08-2025-6P3R2ESYOZHEZCLMWEINBUGHLY.php\" target=\"_blank\" rel=\"noreferrer nofollow noopener\">D\u00e9j\u00e0 \u00e9voqu\u00e9e du c\u00f4t\u00e9 de Monaco et du Paris FC<\/a> l\u2019\u00e9t\u00e9 dernier, une arriv\u00e9e de N\u2019Golo Kant\u00e9 en<a href=\"https:\/\/www.leparisien.fr\/sports\/football\/ligue-1\/\" target=\"_blank\" rel=\"noreferrer nofollow noopener\"> Ligue 1<\/a> reste envisageable \u00e0 terme si on en croit l\u2019int\u00e9ress\u00e9 lui-m\u00eame. Interrog\u00e9 \u00e0 ce sujet par T\u00e9l\u00e9foot apr\u00e8s la victoire des Bleus face \u00e0 l\u2019Ukraine (4-0), le milieu de terrain n\u2019a pas ferm\u00e9 la porte.<\/p>\n<p class=\"paragraph text_align_left lp-f-body-02\">\u00ab On reste focus sur la saison \u00e0 Al-Ittihad, on verra ce qui se pr\u00e9sentera apr\u00e8s, assure celui qui n\u2019a pas manqu\u00e9 une seule rencontre de championnat en Arabie saoudite avec Al-Ittihad. Mais ce que l\u2019on veut, c\u2019est profiter un maximum des ann\u00e9es de foot qui sont devant moi. J\u2019esp\u00e8re que ce sera une ann\u00e9e compl\u00e8te \u00e0 tous les niveaux. Faire mon retour en Ligue 1 ? On sait jamais. Au Paris FC ? On sait jamais. \u00bb<\/p>\n<p class=\"paragraph text_align_left lp-f-body-02\">Avec Kant\u00e9, le <a href=\"https:\/\/www.leparisien.fr\/sports\/football\/paris-fc\/\" target=\"_blank\" rel=\"noreferrer nofollow noopener\">Paris FC<\/a>, qui est <a href=\"https:\/\/www.leparisien.fr\/sports\/football\/ligue-1\/il-y-en-a-qui-sont-en-dessous-de-leur-potentiel-au-paris-fc-les-recrues-tardent-a-repondre-aux-attentes-01-11-2025-YEJET2ZYU5BXPAWQBJSX6S4244.php\" target=\"_blank\" rel=\"noreferrer nofollow noopener\">\u00e0 la recherche d\u2019un milieu de terrain athl\u00e9tique<\/a>, s\u2019offrirait un joueur embl\u00e9matique et une v\u00e9ritable t\u00eate d\u2019affiche pour lancer son ambitieux projet. \u00ab Sa qualit\u00e9 et sa valeur ne sont plus \u00e0 d\u00e9montrer. C\u2019est un grand joueur avec beaucoup d\u2019exp\u00e9rience. Mais si on avait \u00e9cout\u00e9 toutes les rumeurs depuis le d\u00e9but du mercato, l\u2019effectif du Paris FC compterait 60 ou 70 joueurs ! \u00bb, confiait l\u2019entra\u00eeneur St\u00e9phane Gilli en conf\u00e9rence de presse l\u2019\u00e9t\u00e9 dernier.<\/p>\n<p class=\"paragraph text_align_left lp-f-body-02\">Les discussions avaient \u00e9t\u00e9 davantage avanc\u00e9es avec Monaco, puisque le directeur sportif de l\u2019ASM Thiago Scuro avait d\u00e9j\u00e0 confirm\u00e9 un rapprochement entre les deux clans durant toute la p\u00e9riode estivale. \u00ab Kant\u00e9 ? On discute depuis deux mois d\u00e9j\u00e0. C\u2019est un dossier difficile, on a d\u00e9j\u00e0 un bon effectif, \u00e9quilibr\u00e9, c\u2019est un grand joueur, qui joue encore au haut niveau, mais \u00e0 ce stade, c\u2019est complexe \u00bb, avait-il lanc\u00e9 fin ao\u00fbt \u00e0 l\u2019occasion du tirage au sort de la <a href=\"https:\/\/www.leparisien.fr\/sports\/football\/ligue-des-champions\/\" target=\"_blank\" rel=\"noreferrer nofollow noopener\">Ligue des champions<\/a>.<\/p>\n","protected":false},"excerpt":{"rendered":"Apr\u00e8s Pogba, Giroud, Thauvin, Pavard ou encore Sidib\u00e9, un autre champion du monde 2018 va-t-il faire son retour&hellip;\n","protected":false},"author":2,"featured_media":537516,"comment_status":"","ping_status":"","sticky":false,"template":"","format":"standard","meta":{"footnotes":""},"categories":[1888],"tags":[1111,1928,11,1927,1777,674,63,1011,27,66,12,1926,626,1925,25,60],"class_list":{"0":"post-537515","1":"post","2":"type-post","3":"status-publish","4":"format-standard","5":"has-post-thumbnail","7":"category-paris","8":"tag-actu","9":"tag-actu-paris","10":"tag-actualites","11":"tag-actualites-paris","12":"tag-eu","13":"tag-europe","14":"tag-football","15":"tag-fr","16":"tag-france","17":"tag-ligue-1","18":"tag-news","19":"tag-news-paris","20":"tag-paris","21":"tag-paris-news","22":"tag-republique-francaise","23":"tag-sports"},"share_on_mastodon":{"url":"https:\/\/pubeurope.com\/@fr\/115557775983243129","error":""},"_links":{"self":[{"href":"https:\/\/www.europesays.com\/fr\/wp-json\/wp\/v2\/posts\/537515","targetHints":{"allow":["GET"]}}],"collection":[{"href":"https:\/\/www.europesays.com\/fr\/wp-json\/wp\/v2\/posts"}],"about":[{"href":"https:\/\/www.europesays.com\/fr\/wp-json\/wp\/v2\/types\/post"}],"author":[{"embeddable":true,"href":"https:\/\/www.europesays.com\/fr\/wp-json\/wp\/v2\/users\/2"}],"replies":[{"embeddable":true,"href":"https:\/\/www.europesays.com\/fr\/wp-json\/wp\/v2\/comments?post=537515"}],"version-history":[{"count":0,"href":"https:\/\/www.europesays.com\/fr\/wp-json\/wp\/v2\/posts\/537515\/revisions"}],"wp:featuredmedia":[{"embeddable":true,"href":"https:\/\/www.europesays.com\/fr\/wp-json\/wp\/v2\/media\/537516"}],"wp:attachment":[{"href":"https:\/\/www.europesays.com\/fr\/wp-json\/wp\/v2\/media?parent=537515"}],"wp:term":[{"taxonomy":"category","embeddable":true,"href":"https:\/\/www.europesays.com\/fr\/wp-json\/wp\/v2\/categories?post=537515"},{"taxonomy":"post_tag","embeddable":true,"href":"https:\/\/www.europesays.com\/fr\/wp-json\/wp\/v2\/tags?post=537515"}],"curies":[{"name":"wp","href":"https:\/\/api.w.org\/{rel}","templated":true}]}}