{"id":537521,"date":"2025-11-16T05:43:11","date_gmt":"2025-11-16T05:43:11","guid":{"rendered":"https:\/\/www.europesays.com\/fr\/537521\/"},"modified":"2025-11-16T05:43:11","modified_gmt":"2025-11-16T05:43:11","slug":"deployer-les-armees-europeennes-en-quelques-jours","status":"publish","type":"post","link":"https:\/\/www.europesays.com\/fr\/537521\/","title":{"rendered":"d\u00e9ployer les arm\u00e9es europ\u00e9ennes en quelques jours"},"content":{"rendered":"\n<p class=\"article__paragraph article__paragraph--lf \">S\u2019il est une sp\u00e9cificit\u00e9 du\u00a0d\u00e9tachement alsacien du 6e\u202fr\u00e9giment du mat\u00e9riel (6e\u202fRMat), ce sont les deux voies qui le raccordent au r\u00e9seau ferroviaire civil. Les militaires de cette unit\u00e9\u00a0situ\u00e9e \u00e0 Gresswiller, un bourg de 1\u00a0700 habitants dans le Bas-Rhin, sp\u00e9cialis\u00e9e dans le soutien aux op\u00e9rations, les ont d\u2019ailleurs baptis\u00e9es \u00ab\u00a0le quai de la Voie-Sacr\u00e9e\u00a0\u00bb. Un hommage \u00e0 l\u2019axe logistique vital qui, durant la bataille de Verdun, en\u00a01916, permit d\u2019acheminer soldats, munitions et ravitaillement. Derri\u00e8re la voie ferr\u00e9e, m\u00e9caniciens, techniciens et logisticiens s\u2019activent dans d\u2019immenses hangars o\u00f9 sont stock\u00e9s les \u00e9quipements, pr\u00eats \u00e0 \u00eatre test\u00e9s, r\u00e9par\u00e9s, puis exp\u00e9di\u00e9s aux forces fran\u00e7aises. Une sorte d\u2019Amazon des arm\u00e9es, d\u2019o\u00f9 les convois peuvent entrer ou sortir gr\u00e2ce \u00e0 deux portails ouvrant sur les rails de la SNCF.<\/p>\n<p>                                  <img viewbox=\"0 0 664 443\"   width=\"664\" height=\"443\" alt=\"Le colonel Philippe Le Bot, chef de corps du 6\u1d49\u00a0RMat, au d\u00e9tachement de Gresswiller (Bas-Rhin), le 14\u00a0octobre\u00a02025.\"\/>    Le colonel Philippe Le Bot, chef de corps du 6\u1d49\u00a0RMat, au d\u00e9tachement de Gresswiller (Bas-Rhin), le 14\u00a0octobre\u00a02025.  KAMIL ZIHNIOGLU POUR \u00ab\u00a0LE MONDE\u00a0\u00bb                                       <img viewbox=\"0 0 664 443\"   width=\"664\" height=\"443\" alt=\"La photo encadr\u00e9e d\u2019un v\u00e9hicule blind\u00e9, au d\u00e9tachement du 6\u1d49\u00a0RMat de Gresswiller (Bas-Rhin), le 14\u00a0octobre\u00a02025.\"\/>    La photo encadr\u00e9e d\u2019un v\u00e9hicule blind\u00e9, au d\u00e9tachement du 6\u1d49\u00a0RMat de Gresswiller (Bas-Rhin), le 14\u00a0octobre\u00a02025.  KAMIL ZIHNIOGLU POUR \u00ab\u00a0LE MONDE\u00a0\u00bb                                       <img viewbox=\"0 0 664 443\"   width=\"664\" height=\"443\" alt=\"R\u00e9vision d\u2019un v\u00e9hicule au d\u00e9tachement du 6\u1d49\u00a0RMat de Gresswiller (Bas-Rhin), le 14\u00a0octobre\u00a02025.\"\/>    R\u00e9vision d\u2019un v\u00e9hicule au d\u00e9tachement du 6\u1d49\u00a0RMat de Gresswiller (Bas-Rhin), le 14\u00a0octobre\u00a02025.  KAMIL ZIHNIOGLU POUR \u00ab\u00a0LE MONDE\u00a0\u00bb                        <\/p>\n<p class=\"article__paragraph article__paragraph--lf \">Ce raccordement au r\u00e9seau ferroviaire civil est un atout pr\u00e9cieux. Depuis 2022, les \u00e9tats-majors ont tir\u00e9 les le\u00e7ons de la guerre en Ukraine, en particulier de l\u2019\u00e9chec de l\u2019offensive \u00e9clair russe sur Kiev, li\u00e9 \u00e0 des d\u00e9faillances dans l\u2019approvisionnement en carburant. Face \u00e0 la perspective d\u2019une pouss\u00e9e militaire de Moscou au-del\u00e0 de l\u2019Ukraine, dans un pays de l\u2019Organisation du trait\u00e9 de l\u2019Atlantique Nord (OTAN), disposer d\u2019une cha\u00eene de soutien logistique efficace pour envoyer des troupes sur le flanc est de l\u2019Europe est redevenu l\u2019une des priorit\u00e9s.<\/p>\n<p class=\"reading-mode-only \"><strong>Il vous reste 92.89% de cet article \u00e0 lire. La suite est r\u00e9serv\u00e9e aux abonn\u00e9s.<\/strong><\/p>\n","protected":false},"excerpt":{"rendered":"S\u2019il est une sp\u00e9cificit\u00e9 du\u00a0d\u00e9tachement alsacien du 6e\u202fr\u00e9giment du mat\u00e9riel (6e\u202fRMat), ce sont les deux voies qui le&hellip;\n","protected":false},"author":2,"featured_media":537522,"comment_status":"","ping_status":"","sticky":false,"template":"","format":"standard","meta":{"footnotes":""},"categories":[1591],"tags":[11,1887,12,1885,1886,132],"class_list":{"0":"post-537521","1":"post","2":"type-post","3":"status-publish","4":"format-standard","5":"has-post-thumbnail","7":"category-russie","8":"tag-actualites","9":"tag-federation-de-russie","10":"tag-news","11":"tag-russia","12":"tag-russian-federation","13":"tag-russie"},"share_on_mastodon":{"url":"https:\/\/pubeurope.com\/@fr\/115557787498628646","error":""},"_links":{"self":[{"href":"https:\/\/www.europesays.com\/fr\/wp-json\/wp\/v2\/posts\/537521","targetHints":{"allow":["GET"]}}],"collection":[{"href":"https:\/\/www.europesays.com\/fr\/wp-json\/wp\/v2\/posts"}],"about":[{"href":"https:\/\/www.europesays.com\/fr\/wp-json\/wp\/v2\/types\/post"}],"author":[{"embeddable":true,"href":"https:\/\/www.europesays.com\/fr\/wp-json\/wp\/v2\/users\/2"}],"replies":[{"embeddable":true,"href":"https:\/\/www.europesays.com\/fr\/wp-json\/wp\/v2\/comments?post=537521"}],"version-history":[{"count":0,"href":"https:\/\/www.europesays.com\/fr\/wp-json\/wp\/v2\/posts\/537521\/revisions"}],"wp:featuredmedia":[{"embeddable":true,"href":"https:\/\/www.europesays.com\/fr\/wp-json\/wp\/v2\/media\/537522"}],"wp:attachment":[{"href":"https:\/\/www.europesays.com\/fr\/wp-json\/wp\/v2\/media?parent=537521"}],"wp:term":[{"taxonomy":"category","embeddable":true,"href":"https:\/\/www.europesays.com\/fr\/wp-json\/wp\/v2\/categories?post=537521"},{"taxonomy":"post_tag","embeddable":true,"href":"https:\/\/www.europesays.com\/fr\/wp-json\/wp\/v2\/tags?post=537521"}],"curies":[{"name":"wp","href":"https:\/\/api.w.org\/{rel}","templated":true}]}}