{"id":537527,"date":"2025-11-16T05:46:18","date_gmt":"2025-11-16T05:46:18","guid":{"rendered":"https:\/\/www.europesays.com\/fr\/537527\/"},"modified":"2025-11-16T05:46:18","modified_gmt":"2025-11-16T05:46:18","slug":"reveil-courrier-du-16-novembre-2025","status":"publish","type":"post","link":"https:\/\/www.europesays.com\/fr\/537527\/","title":{"rendered":"R\u00e9veil Courrier du 16 novembre 2025"},"content":{"rendered":"\n<p>La ministre de l\u2019Int\u00e9rieur britannique Shabana Mahmood d\u00e9voilera lundi un train de mesures \u201cvisant \u00e0 accro\u00eetre le nombre d\u2019expulsions et \u00e0 r\u00e9duire l\u2019attractivit\u00e9 du Royaume-Uni pour les migrants\u201d, les qualifiant de \u201cchangements les plus importants apport\u00e9s \u00e0 notre politique d\u2019asile syst\u00e8me d\u2019asile\u201d depuis la Seconde guerre mondiale, <a class=\"ithalc\" data-ithal=\"lien_externe\" data-ithalc=\"[nav_article]\" target=\"_blank\" href=\"https:\/\/www.telegraph.co.uk\/politics\/2025\/11\/14\/mahmood-to-end-permanent-asylum\/\" rel=\"nofollow noopener\">rapporte <strong>The Telegraph<\/strong>.<\/a><\/p>\n<p>\u201cActuellement, les demandeurs d\u2019asile ayant obtenu le statut de r\u00e9fugi\u00e9 se voient accorder automatiquement un droit de s\u00e9jour permanent au Royaume-Uni apr\u00e8s cinq ans, sauf rares exceptions\u201d, pr\u00e9cise le quotidien conservateur.<\/p>\n<p>Mais en vertu des nouvelles propositions \u2013 dont les grandes lignes ont \u00e9t\u00e9 d\u00e9voil\u00e9es par la ministre travailliste vendredi et samedi \u2013, \u201cles r\u00e9fugi\u00e9s ne se verront accorder qu\u2019un droit de s\u00e9jour temporaire [de trente mois au lieu de cinq ans], soumis \u00e0 un examen r\u00e9gulier. Et ils seront renvoy\u00e9s dans leur pays d\u2019origine si les autorit\u00e9s estiment que celui-ci est \u00e0 nouveau s\u00fbr\u201d.<\/p>\n<p>En outre, \u201cles personnes ayant obtenu l\u2019asile au Royaume-Uni devront attendre vingt ans avant de pouvoir demander un permis de s\u00e9jour permanent\u201d, <a class=\"ithalc\" data-ithal=\"lien_externe\" data-ithalc=\"[nav_article]\" target=\"_blank\" href=\"https:\/\/www.bbc.com\/news\/articles\/c7970p2wx7ro\" rel=\"nofollow noopener\">ajoute la <strong>BBC<\/strong>.<\/a><\/p>\n<p>         Aides \u201cdiscr\u00e9tionnaires\u201d       <\/p>\n<p>La r\u00e9forme concernera \u00e9galement les aides accord\u00e9es aux r\u00e9fugi\u00e9s\u00a0: la ministre pr\u00e9voit en effet de supprimer l\u2019acc\u00e8s automatique aux aides sociales \u2013 logement, allocations financi\u00e8res \u2013 pour les demandeurs d\u2019asile.<\/p>\n<p>\u201cLe gouvernement a annonc\u00e9 que l\u2019aide deviendrait \u2018discr\u00e9tionnaire\u2019, et qu\u2019il pourra donc la refuser aux personnes en mesure de travailler ou poss\u00e9dant des biens\u201d, <a class=\"ithalc\" data-ithal=\"lien_externe\" data-ithalc=\"[nav_article]\" target=\"_blank\" href=\"https:\/\/www.theguardian.com\/uk-news\/2025\/nov\/15\/uk-government-set-to-make-support-for-asylum-seekers-discretionary\" rel=\"nofollow noopener\">rel\u00e8ve <strong>The Guardian<\/strong>.<\/a><\/p>\n<p>Toutefois, \u201cla majorit\u00e9 des demandeurs d\u2019asile b\u00e9n\u00e9ficiant actuellement d\u2019une aide ne devraient pas \u00eatre touch\u00e9s\u201d, nuance le quotidien. Car \u201cselon des sources gouvernementales, les r\u00e8gles interdisant \u00e0 la plupart des demandeurs d\u2019asile d\u2019exercer un emploi resteront inchang\u00e9es\u201d.<\/p>\n<p>Pour le titre de gauche, \u201cces changements sont per\u00e7us comme une tentative de s\u00e9duire les \u00e9lecteurs travaillistes qui envisagent de soutenir le parti Reform UK [la formation anti-immigration de Nigel Farage] lors des prochaines \u00e9lections g\u00e9n\u00e9rales\u201d.<\/p>\n<p>Mme\u00a0Mahmood cherche \u00e0 \u201ccontrer les accusations selon lesquelles le gouvernement ne parvient pas \u00e0 lutter contre l\u2019immigration clandestine vers la Grande-Bretagne, notamment \u00e0 bord de petites embarcations\u201d, <a class=\"ithalc\" data-ithal=\"lien_externe\" data-ithalc=\"[nav_article]\" target=\"_blank\" href=\"https:\/\/www.ft.com\/content\/83b677d0-23f8-4769-9c97-02451794985e\" rel=\"nofollow noopener\">rench\u00e9rit le <strong>Financial Times<\/strong>.<\/a><\/p>\n<p>         Objectif de dissuasion       <\/p>\n<p>Selon les chiffres officiels, depuis le 1er\u00a0janvier, 39\u00a0292 personnes ont d\u00e9barqu\u00e9 sur les c\u00f4tes anglaises apr\u00e8s avoir travers\u00e9 la Manche \u00e0 bord d\u2019embarcations de fortune, soir d\u00e9j\u00e0 plus que sur l\u2019ensemble de l\u2019ann\u00e9e 2024 (36\u00a0816).<\/p>\n<p>Par ailleurs, les demandes d\u2019asile ont augment\u00e9 de 18\u00a0% en 2024 au Royaume-Uni, contre une baisse de 13\u00a0% dans l\u2019ensemble de l\u2019Union europ\u00e9enne.<\/p>\n<p><a class=\"ithalc\" data-ithal=\"lien_externe\" data-ithalc=\"[nav_article]\" target=\"_blank\" href=\"https:\/\/www.thetimes.com\/uk\/politics\/article\/shabana-mahmood-immigration-asylum-reforms-interview-rdzhs2thg\" rel=\"nofollow noopener\">Pour <strong>The Times<\/strong><\/a>, la r\u00e9forme annonc\u00e9e vise \u00e0 changer \u201cles calculs et la mentalit\u00e9\u201d de ceux qui \u201crisquent leur vie sur de petites embarcations, en r\u00e9duisant les facteurs d\u2019attraction qui attirent les migrants clandestins\u201d.<\/p>\n<p>Un objectif de dissuasion revendiqu\u00e9 par la ministre. \u201cIl s\u2019agit essentiellement de dire aux gens\u00a0: ne venez pas dans ce pays en tant que migrants clandestins, ne prenez pas la mer\u201d, d\u00e9clare-t-elle dans un entretien au quotidien. \u201cJe pense qu\u2019il est important d\u2019envoyer un message tr\u00e8s clair \u00e0 ceux qui traversent actuellement plusieurs pays s\u00fbrs d\u2019Europe dans l\u2019espoir de rejoindre un bateau dans le nord de la France\u00a0: ce voyage n\u2019en vaut pas la peine\u201d.<\/p>\n","protected":false},"excerpt":{"rendered":"La ministre de l\u2019Int\u00e9rieur britannique Shabana Mahmood d\u00e9voilera lundi un train de mesures \u201cvisant \u00e0 accro\u00eetre le nombre&hellip;\n","protected":false},"author":2,"featured_media":537528,"comment_status":"","ping_status":"","sticky":false,"template":"","format":"standard","meta":{"footnotes":""},"categories":[1588],"tags":[11,1777,674,12,473,1853,1851,1850,1852],"class_list":{"0":"post-537527","1":"post","2":"type-post","3":"status-publish","4":"format-standard","5":"has-post-thumbnail","7":"category-royaume-uni","8":"tag-actualites","9":"tag-eu","10":"tag-europe","11":"tag-news","12":"tag-royaume-uni","13":"tag-royaume-uni-de-grande-bretagne-et-dirlande-du-nord","14":"tag-uk","15":"tag-united-kingdom","16":"tag-united-kingdom-of-great-britain-and-northern-ireland"},"share_on_mastodon":{"url":"https:\/\/pubeurope.com\/@fr\/115557799256340056","error":""},"_links":{"self":[{"href":"https:\/\/www.europesays.com\/fr\/wp-json\/wp\/v2\/posts\/537527","targetHints":{"allow":["GET"]}}],"collection":[{"href":"https:\/\/www.europesays.com\/fr\/wp-json\/wp\/v2\/posts"}],"about":[{"href":"https:\/\/www.europesays.com\/fr\/wp-json\/wp\/v2\/types\/post"}],"author":[{"embeddable":true,"href":"https:\/\/www.europesays.com\/fr\/wp-json\/wp\/v2\/users\/2"}],"replies":[{"embeddable":true,"href":"https:\/\/www.europesays.com\/fr\/wp-json\/wp\/v2\/comments?post=537527"}],"version-history":[{"count":0,"href":"https:\/\/www.europesays.com\/fr\/wp-json\/wp\/v2\/posts\/537527\/revisions"}],"wp:featuredmedia":[{"embeddable":true,"href":"https:\/\/www.europesays.com\/fr\/wp-json\/wp\/v2\/media\/537528"}],"wp:attachment":[{"href":"https:\/\/www.europesays.com\/fr\/wp-json\/wp\/v2\/media?parent=537527"}],"wp:term":[{"taxonomy":"category","embeddable":true,"href":"https:\/\/www.europesays.com\/fr\/wp-json\/wp\/v2\/categories?post=537527"},{"taxonomy":"post_tag","embeddable":true,"href":"https:\/\/www.europesays.com\/fr\/wp-json\/wp\/v2\/tags?post=537527"}],"curies":[{"name":"wp","href":"https:\/\/api.w.org\/{rel}","templated":true}]}}