{"id":537533,"date":"2025-11-16T05:49:13","date_gmt":"2025-11-16T05:49:13","guid":{"rendered":"https:\/\/www.europesays.com\/fr\/537533\/"},"modified":"2025-11-16T05:49:13","modified_gmt":"2025-11-16T05:49:13","slug":"hongrie-viktor-orban-porte-plainte-contre-lue-et-ses-sanctions-contre-les-hydrocarbures-russes","status":"publish","type":"post","link":"https:\/\/www.europesays.com\/fr\/537533\/","title":{"rendered":"Hongrie: Viktor Orban porte plainte contre l&rsquo;UE et ses sanctions contre les hydrocarbures russes"},"content":{"rendered":"<p class=\"mb-4 text-lg md:leading-8 break-words\">Avec notre correspondante \u00e0 Budapest, <strong>Florence La Bruy\u00e8re<\/strong><\/p>\n<p class=\"mb-4 text-lg md:leading-8 break-words\">C&rsquo;est gr\u00e2ce aux ventes de p\u00e9trole et de gaz que la <strong><a href=\"https:\/\/www.rfi.fr\/fr\/tag\/russie\/\" rel=\"nofollow noopener\" target=\"_blank\" data-ylk=\"slk:Russie;elm:context_link;itc:0;sec:content-canvas\" class=\"link \">Russie<\/a><\/strong> finance sa guerre en <strong><a href=\"https:\/\/www.rfi.fr\/fr\/tag\/ukraine\/\" rel=\"nofollow noopener\" target=\"_blank\" data-ylk=\"slk:Ukraine;elm:context_link;itc:0;sec:content-canvas\" class=\"link \">Ukraine<\/a><\/strong>. Et pour ass\u00e9cher ce financement, l&rsquo;<strong><a href=\"https:\/\/www.rfi.fr\/fr\/tag\/union-europ\u00e9enne\/\" rel=\"nofollow noopener\" target=\"_blank\" data-ylk=\"slk:Union europ\u00e9enne;elm:context_link;itc:0;sec:content-canvas\" class=\"link \">Union europ\u00e9enne<\/a><\/strong> (UE) a d\u00e9cid\u00e9 d&rsquo;interdire les importations d&rsquo;hydrocarbures russes d&rsquo;ici 2027. Nouveaut\u00e9 : cette mesure de principe a \u00e9t\u00e9 adopt\u00e9e par un vote \u00e0 la majorit\u00e9, et non \u00e0 l&rsquo;unanimit\u00e9.<\/p>\n<p class=\"mb-4 text-lg md:leading-8 break-words\">Une d\u00e9cision d\u00e9sormais contest\u00e9e par <strong><a href=\"https:\/\/www.rfi.fr\/fr\/tag\/viktor-orban\/\" rel=\"nofollow noopener\" target=\"_blank\" data-ylk=\"slk:Viktor Orban;elm:context_link;itc:0;sec:content-canvas\" class=\"link \">Viktor Orban<\/a><\/strong>, qui \u00e9gratigne ceux qu&rsquo;il appelle les \u00ab\u00a0technocrates de Bruxelles\u00a0\u00bb.\u00a0\u00ab\u00a0Ils disent que les d\u00e9cisions li\u00e9es au p\u00e9trole russe ne sont pas des sanctions, mais des mesures commerciales qui peuvent \u00eatre vot\u00e9es \u00e0 la majorit\u00e9, et non \u00e0 l&rsquo;unanimit\u00e9 comme les sanctions. (\u2026) C&rsquo;est ill\u00e9gal et contraire aux valeurs de l&rsquo;Union (..) Alors, nous portons plainte\u00a0\u00bb, a d\u00e9clar\u00e9 le Premier ministre hongrois.<\/p>\n<p class=\"mb-4 text-lg md:leading-8 break-words\">L&rsquo;homme d&rsquo;\u00c9tat\u00a0soutient que la <strong><a href=\"https:\/\/www.rfi.fr\/fr\/tag\/hongrie\/\" rel=\"nofollow noopener\" target=\"_blank\" data-ylk=\"slk:Hongrie;elm:context_link;itc:0;sec:content-canvas\" class=\"link \">Hongrie<\/a><\/strong>, un pays enclav\u00e9, est forc\u00e9 d&rsquo;acheter du p\u00e9trole et du gaz \u00e0 Moscou. Un argument qui a convaincu son alli\u00e9 <strong><a href=\"https:\/\/www.rfi.fr\/fr\/tag\/donald-trump\/\" rel=\"nofollow noopener\" target=\"_blank\" data-ylk=\"slk:Donald Trump;elm:context_link;itc:0;sec:content-canvas\" class=\"link \">Donald Trump<\/a><\/strong> ; le 7 novembre, \u00e0 Washington, o\u00f9 il accueillait Viktor Orban, le pr\u00e9sident am\u00e9ricain a d\u00e9cid\u00e9 d&rsquo;exempter la Hongrie des sanctions impos\u00e9es par Washington aux pays qui commercent avec la Russie.<\/p>\n<p class=\"mb-4 text-lg md:leading-8 break-words\">En Europe, la R\u00e9publique tch\u00e8que, elle, a r\u00e9ussi \u00e0 sevrer son \u00e9conomie de l&rsquo;\u00e9nergie russe. Prague ach\u00e8te son gaz et son p\u00e9trole ailleurs, et le consommateur tch\u00e8que ne paie pas plus cher. Alors, si Viktor Orban refuse d&rsquo;en faire autant, c&rsquo;est parce qu&rsquo;il est dans la main de Moscou, d\u00e9noncent ses opposants. Le dirigeant hongrois a fond\u00e9 toute sa communication sur le fait que son pays ne peut pas se passer du gaz ni du p\u00e9trole russe ; \u00e0 cinq\u00a0mois des <strong><a href=\"https:\/\/fr.news.yahoo.com\/l%C3%A9gislatives-hongrie-camp-viktor-orban-080257520.html\" data-ylk=\"slk:\u00e9lections l\u00e9gislatives;elm:context_link;itc:0;sec:content-canvas;outcm:mb_qualified_link;_E:mb_qualified_link;ct:story;\" class=\"link  yahoo-link\" target=\"_blank\" rel=\"noopener\">\u00e9lections l\u00e9gislatives<\/a><\/strong>, il peut difficilement changer de cap.<\/p>\n<p class=\"mb-4 text-lg md:leading-8 break-words\">\u00c0 lire aussi<a href=\"https:\/\/fr.news.yahoo.com\/hongrie-annonce-avoir-obtenu-trump-002711421.html\" class=\"link  yahoo-link\" data-ylk=\"slk:La Hongrie annonce avoir obtenu de Trump une exemption des sanctions li\u00e9es au p\u00e9trole russe;elm:context_link;itc:0;sec:content-canvas;outcm:mb_qualified_link;_E:mb_qualified_link;ct:story;\" target=\"_blank\" rel=\"noopener\">La Hongrie annonce avoir obtenu de Trump une exemption des sanctions li\u00e9es au p\u00e9trole russe<\/a><\/p>\n","protected":false},"excerpt":{"rendered":"Avec notre correspondante \u00e0 Budapest, Florence La Bruy\u00e8re C&rsquo;est gr\u00e2ce aux ventes de p\u00e9trole et de gaz que&hellip;\n","protected":false},"author":2,"featured_media":537534,"comment_status":"","ping_status":"","sticky":false,"template":"","format":"standard","meta":{"footnotes":""},"categories":[1586],"tags":[11,28078,65642,1777,674,1779,1011,27,804,12,25,11790,1778,364,7247],"class_list":{"0":"post-537533","1":"post","2":"type-post","3":"status-publish","4":"format-standard","5":"has-post-thumbnail","7":"category-europe","8":"tag-actualites","9":"tag-cest-grace","10":"tag-economie-de-lenergie","11":"tag-eu","12":"tag-europe","13":"tag-european-union","14":"tag-fr","15":"tag-france","16":"tag-hongrie","17":"tag-news","18":"tag-republique-francaise","19":"tag-republique-tcheque","20":"tag-ue","21":"tag-union-europeenne","22":"tag-viktor-orban"},"share_on_mastodon":{"url":"https:\/\/pubeurope.com\/@fr\/115557811166164872","error":""},"_links":{"self":[{"href":"https:\/\/www.europesays.com\/fr\/wp-json\/wp\/v2\/posts\/537533","targetHints":{"allow":["GET"]}}],"collection":[{"href":"https:\/\/www.europesays.com\/fr\/wp-json\/wp\/v2\/posts"}],"about":[{"href":"https:\/\/www.europesays.com\/fr\/wp-json\/wp\/v2\/types\/post"}],"author":[{"embeddable":true,"href":"https:\/\/www.europesays.com\/fr\/wp-json\/wp\/v2\/users\/2"}],"replies":[{"embeddable":true,"href":"https:\/\/www.europesays.com\/fr\/wp-json\/wp\/v2\/comments?post=537533"}],"version-history":[{"count":0,"href":"https:\/\/www.europesays.com\/fr\/wp-json\/wp\/v2\/posts\/537533\/revisions"}],"wp:featuredmedia":[{"embeddable":true,"href":"https:\/\/www.europesays.com\/fr\/wp-json\/wp\/v2\/media\/537534"}],"wp:attachment":[{"href":"https:\/\/www.europesays.com\/fr\/wp-json\/wp\/v2\/media?parent=537533"}],"wp:term":[{"taxonomy":"category","embeddable":true,"href":"https:\/\/www.europesays.com\/fr\/wp-json\/wp\/v2\/categories?post=537533"},{"taxonomy":"post_tag","embeddable":true,"href":"https:\/\/www.europesays.com\/fr\/wp-json\/wp\/v2\/tags?post=537533"}],"curies":[{"name":"wp","href":"https:\/\/api.w.org\/{rel}","templated":true}]}}