{"id":537539,"date":"2025-11-16T05:55:26","date_gmt":"2025-11-16T05:55:26","guid":{"rendered":"https:\/\/www.europesays.com\/fr\/537539\/"},"modified":"2025-11-16T05:55:26","modified_gmt":"2025-11-16T05:55:26","slug":"4e-defaite-bleus-secoues-marshall-accuse-galthie-assume-qui-a-raison","status":"publish","type":"post","link":"https:\/\/www.europesays.com\/fr\/537539\/","title":{"rendered":"4e d\u00e9faite, Bleus secou\u00e9s : Marshall accuse, Galthi\u00e9 assume\u2026 qui a raison ?"},"content":{"rendered":"<p><a class=\"inserer_lien_article\" href=\"https:\/\/www.lerugbynistere.fr\/news\/naufrage-ou-analyse-trop-hative-le-regard-lucide-danthony-jelonch-apres-la-defaite-face-aux-boks-1211251037.php\" data-id=\"46757\" data-route=\"app.article\" data-param=\"articleId\" ui-sref=\"app.article({articleId: 46757})\" alt=\"Naufrage ou analyse trop h\u00e2tive ? Le regard lucide d\u2019Anthony Jelonch apr\u00e8s la d\u00e9faite face aux Boks\" title=\"Naufrage ou analyse trop h\u00e2tive ? Le regard lucide d\u2019Anthony Jelonch apr\u00e8s la d\u00e9faite face aux Boks\" rel=\"nofollow noopener\" target=\"_blank\"><img decoding=\"async\" src=\"https:\/\/www.europesays.com\/fr\/wp-content\/uploads\/2025\/11\/naufrage-ou-analyse-trop-hative-le-regard-lucide-danthony-jelonch-apres-la-defaite-face-aux-boks-12-.jpeg\" alt=\"Naufrage ou analyse trop h\u00e2tive ? Le regard lucide d\u2019Anthony Jelonch apr\u00e8s la d\u00e9faite face aux Boks\"\/>Naufrage ou analyse trop h\u00e2tive ? Le regard lucide d\u2019Anthony Jelonch apr\u00e8s la d\u00e9faite face aux Boks<\/a>Au sortir de la d\u00e9faite face aux <a href=\"https:\/\/www.lerugbynistere.fr\/equipes-nationales\/afrique-du-sud-springboks.php\" ui-sref=\"app.team({teamId: 27})\" alt=\"Springboks\" data-route=\"app.team\" data-param=\"teamId\" data-id=\"27\" rel=\"nofollow noopener\" target=\"_blank\">Springboks<\/a>, les critiques venues de m\u00e9dias et de certains observateurs ont \u00e9t\u00e9 nombreuses envers les Bleus. <strong>Face \u00e0 14 Sud-Africains, les Tricolores n&rsquo;ont pas r\u00e9ussi \u00e0 faire la diff\u00e9rence.<\/strong> Manquant de r\u00e9alisme et parfois d&rsquo;inspiration. Une d\u00e9faite que l&rsquo;on peut notamment mettre sur le dos du faible temps pass\u00e9 ensemble par rapport aux champions du monde. Le 3e ligne toulousain Anthony Jelonch a d&rsquo;ailleurs estim\u00e9 que les critiques n&rsquo;\u00e9taient pas forc\u00e9ment fond\u00e9es. En d\u00e9pit d&rsquo;un score largement en faveur des visiteurs. Une diff\u00e9rence qui s&rsquo;est faite en toute fin de partie.<\/p>\n<p>Critiques : o\u00f9 est la v\u00e9rit\u00e9 ?<\/p>\n<p>Au-del\u00e0 de nos fronti\u00e8res, la prestation fran\u00e7aise n&rsquo;a pas manqu\u00e9 de faire r\u00e9agir. L\u2019ancien All Black Justin Marshall n\u2019a pas m\u00e2ch\u00e9 ses mots apr\u00e8s la d\u00e9faite du <a href=\"https:\/\/www.lerugbynistere.fr\/equipes-nationales\/xv-de-france.php\" ui-sref=\"app.team({teamId: 65})\" alt=\"XV de France\" data-route=\"app.team\" data-param=\"teamId\" data-id=\"65\" rel=\"nofollow noopener\" target=\"_blank\">XV de France<\/a> face aux Springboks. Dans des propos relay\u00e9s par <a href=\"https:\/\/www.planetrugby.com\/news\/justin-marshall-in-scathing-attack-as-france-reap-what-they-sow-following-all-blacks-disrespect\" target=\"_blank\" rel=\"nofollow noopener\">PlanetRugby,<\/a> il a vivement critiqu\u00e9 la politique fran\u00e7aise consistant, selon lui, \u00e0 envoyer des \u00e9quipes diminu\u00e9es en tourn\u00e9e. \u00ab Du jour au lendemain, vous envoyez une \u00e9quipe B en Nouvelle-Z\u00e9lande\u2026 \u00bb, a-t-il lanc\u00e9, rappelant la s\u00e9rie de d\u00e9faites cons\u00e9cutives : \u00ab Vous avez perdu trois matchs tests l\u00e0-bas, et maintenant vous en perdez un quatri\u00e8me\u2026 \u00bb.<\/p>\n<p class=\"citation\">\u00ab \u00c0 vos risques et p\u00e9rils \u00bb<\/p>\n<p>Le s\u00e9lectionneur tricolore est d&rsquo;ailleurs all\u00e9 encore plus loin en d\u00e9crivant l&rsquo;\u00e9quipe envoy\u00e9e en Nouvelle-Z\u00e9lande <strong>comme le 3e \u00e9chelon du XV de France<\/strong>. Les \u00ab\u00a0premiums\u00a0\u00bb auraient-ils fait mieux ? On ne le saura jamais. Ce qu&rsquo;on sait, c&rsquo;est que les Bleus ne peuvent pas se permettre d&rsquo;encha\u00eener les revers. Marshall alerte en effet sur le tirage au sort du Mondial qui aura lieu en d\u00e9cembre et sur le risque \u00ab de se retrouver dans le groupe de la mort.\u00a0\u00bb<a class=\"inserer_lien_article\" href=\"https:\/\/www.lerugbynistere.fr\/news\/la-nouvelle-strategie-assumee-de-galthie-pour-aller-chercher-le-titre-en-2027-1311251434.php\" data-id=\"46770\" data-route=\"app.article\" data-param=\"articleId\" ui-sref=\"app.article({articleId: 46770})\" alt=\"La (nouvelle ?) strat\u00e9gie assum\u00e9e de Galthi\u00e9 pour aller chercher le titre en 2027\" title=\"La (nouvelle ?) strat\u00e9gie assum\u00e9e de Galthi\u00e9 pour aller chercher le titre en 2027\" rel=\"nofollow noopener\" target=\"_blank\"><img decoding=\"async\" src=\"https:\/\/www.europesays.com\/fr\/wp-content\/uploads\/2025\/11\/la-nouvelle-strategie-assumee-de-galthie-pour-eviter-un-nouveau-traumatisme-a-la-coupe-du-monde-13-1.jpeg\" alt=\"La (nouvelle ?) strat\u00e9gie assum\u00e9e de Galthi\u00e9 pour aller chercher le titre en 2027\"\/>La (nouvelle ?) strat\u00e9gie assum\u00e9e de Galthi\u00e9 pour aller chercher le titre en 2027<\/a><\/p>\n<p>Si Marshall tape fort, son analyse occulte deux r\u00e9alit\u00e9s majeures. D\u2019abord, Fabien Galthi\u00e9 ne choisit pas r\u00e9ellement de \u201cse priver\u201d de ses meilleurs joueurs : <strong>il respecte les accords entre la FFR et LNR<\/strong> tout en donnant aux joueurs le temps de se reposer apr\u00e8s une saison ultra-exigeante. Le s\u00e9lectionneur fait donc avec les forces disponibles, tout en assumant une strat\u00e9gie de long terme pour pr\u00e9parer 2027.<\/p>\n<p>Une tourn\u00e9e, un laboratoire : le pari de la jeunesse<\/p>\n<p>Ensuite, cette tourn\u00e9e est utilis\u00e9e comme un laboratoire. L\u2019objectif ? Tester des profils diff\u00e9rents, <strong>\u00e9largir la base de joueurs et acc\u00e9l\u00e9rer la mont\u00e9e en puissance de la nouvelle g\u00e9n\u00e9ration<\/strong>. Face aux nations du sud, les jeunes Bleus d\u00e9couvrent l\u2019exigence du tr\u00e8s haut niveau. Et qu&rsquo;importe si la victoire n&rsquo;est pas au rendez-vous. Une strat\u00e9gie \u00e9galement assum\u00e9e cet automne par l&rsquo;encadrement. En partie \u00e0 cause de l&rsquo;absence de nombreux joueurs dans les rangs fran\u00e7ais. Le groupe compte plus que l&rsquo;individu, a m\u00eame lanc\u00e9 Galthi\u00e9.<\/p>\n<p class=\"citation\">Le groupe compte plus que l&rsquo;individu.<\/p>\n<p>Les risques d&rsquo;une chute dans le classement mondial<\/p>\n<p>N\u00e9anmoins, l&rsquo;ancien All Black a raison, cette s\u00e9rie de d\u00e9faites impacte directement le classement mondial. Si les Bleus sont dans le haut du panier, une chute \u00e0 ce niveau pourrait exposer la France \u00e0 un groupe plus relev\u00e9 lors du tirage du Mondial 2027. N\u00e9anmoins, cette p\u00e9riode peut aussi <strong>r\u00e9v\u00e9ler de nouveaux leaders<\/strong> et r\u00e9\u00e9quilibrer la hi\u00e9rarchie interne avant les grandes \u00e9ch\u00e9ances. Tout en offrant plusieurs options si d&rsquo;aventure un cadre venait \u00e0 se blesser avant ou pendant la <a href=\"https:\/\/www.lerugbynistere.fr\/international\/coupe-du-monde-rugby\/\" ui-sref=\"app.competition({competitionId: 9})\" alt=\"Coupe du monde\" data-route=\"app.competition\" data-param=\"competitionId\" data-id=\"9\" rel=\"nofollow noopener\" target=\"_blank\">Coupe du monde<\/a>.<\/p>\n<p>Des tourn\u00e9es qui vivent d&rsquo;ailleurs leurs derni\u00e8res heures. D\u00e8s 2026, ces tests laisseront place \u00e0 la Nations Cup, <strong>une comp\u00e9tition r\u00e9unissant 12 nations<\/strong> : les six du Tournoi, les quatre du SANZAAR, plus le <a href=\"https:\/\/www.lerugbynistere.fr\/equipes-nationales\/japon.php\" ui-sref=\"app.team({teamId: 64})\" alt=\"Japon\" data-route=\"app.team\" data-param=\"teamId\" data-id=\"64\" rel=\"nofollow noopener\" target=\"_blank\">Japon<\/a> et les <a href=\"https:\/\/www.lerugbynistere.fr\/equipes-nationales\/fidji.php\" ui-sref=\"app.team({teamId: 59})\" alt=\"Fidji\" data-route=\"app.team\" data-param=\"teamId\" data-id=\"59\" rel=\"nofollow noopener\" target=\"_blank\">Fidji<\/a>. Chaque \u00e9quipe affrontera celles de la conf\u00e9rence oppos\u00e9e durant les fen\u00eatres de juillet et novembre. Pour sa premi\u00e8re \u00e9dition, le XV de France irait d\u00e9fier la Nouvelle-Z\u00e9lande, l&rsquo;<a href=\"https:\/\/www.lerugbynistere.fr\/equipes-nationales\/wallabies.php\" ui-sref=\"app.team({teamId: 26})\" alt=\"Australie\" data-route=\"app.team\" data-param=\"teamId\" data-id=\"26\" rel=\"nofollow noopener\" target=\"_blank\">Australie<\/a> et le Japon. En novembre 2026, les Bleus recevraient ensuite l\u2019Afrique du Sud, les Fidji et l\u2019Argentine, avant une \u00e9ventuelle finale \u00e0 Londres.<\/p>\n<p>Un <a href=\"https:\/\/www.lerugbynistere.fr\/programme-tv\/\" ui-sref=\"app.calendar\" alt=\"Calendrier\" data-route=\"app.calendar\" data-param=\"\" data-id=\"\" rel=\"nofollow noopener\" target=\"_blank\">calendrier<\/a> mondial coh\u00e9rent : un r\u00eave r\u00e9alisable ?<\/p>\n<p>Ce nouveau cadre pourrait enfin offrir au s\u00e9lectionneur tricolore <strong>un calendrier mondial coh\u00e9rent<\/strong>, des fen\u00eatres stabilis\u00e9es et des matchs de tr\u00e8s haut niveau avec un groupe comp\u00e9titif. Ou tout du moins, avec la possibilit\u00e9 de pouvoir compter sur certains cadres lors d&rsquo;une ou plusieurs rencontres.<a class=\"inserer_lien_article\" href=\"https:\/\/www.lerugbynistere.fr\/news\/19-offloads-une-stat-folle-et-un-message-clair-pour-le-xv-de-france-les-cles-face-aux-fidji-1411251144.php\" data-id=\"46781\" data-route=\"app.article\" data-param=\"articleId\" ui-sref=\"app.article({articleId: 46781})\" alt=\"19 offloads, une stat folle\u2026 et un message clair pour le XV de France : les cl\u00e9s face aux Fidji\" title=\"19 offloads, une stat folle\u2026 et un message clair pour le XV de France : les cl\u00e9s face aux Fidji\" rel=\"nofollow noopener\" target=\"_blank\"><img decoding=\"async\" src=\"https:\/\/www.europesays.com\/fr\/wp-content\/uploads\/2025\/11\/19-offloads-une-stat-folle-et-un-message-clair-pour-le-xv-de-france-les-cles-face-aux-fidji-14-11-25.jpeg\" alt=\"19 offloads, une stat folle\u2026 et un message clair pour le XV de France : les cl\u00e9s face aux Fidji\"\/>19 offloads, une stat folle\u2026 et un message clair pour le XV de France : les cl\u00e9s face aux Fidji<\/a><\/p>\n<p>La sortie de Marshall met en lumi\u00e8re une question cl\u00e9 : comment d\u00e9velopper la rel\u00e8ve tout en prot\u00e9geant le classement mondial et renfor\u00e7ant l&rsquo;\u00e9quipe dans son ensemble ? La Nations Cup pourrait permettre d\u2019aligner ambition sportive, contraintes des clubs et continuit\u00e9 dans la pr\u00e9paration. <strong>A condition que chacun y mette du sien, clubs, joueurs comme \u00e9quipe nationale.<\/strong> Entre critiques venues du sud et nouveau calendrier international, les Bleus avancent dans une p\u00e9riode charni\u00e8re\u2026 mais avec une strat\u00e9gie assum\u00e9e.<\/p>\n","protected":false},"excerpt":{"rendered":"Naufrage ou analyse trop h\u00e2tive ? Le regard lucide d\u2019Anthony Jelonch apr\u00e8s la d\u00e9faite face aux BoksAu sortir&hellip;\n","protected":false},"author":2,"featured_media":537540,"comment_status":"","ping_status":"","sticky":false,"template":"","format":"standard","meta":{"footnotes":""},"categories":[1416],"tags":[1011,27,479,1468,60],"class_list":{"0":"post-537539","1":"post","2":"type-post","3":"status-publish","4":"format-standard","5":"has-post-thumbnail","7":"category-rugby","8":"tag-fr","9":"tag-france","10":"tag-rugby","11":"tag-rugby-football","12":"tag-sports"},"share_on_mastodon":{"url":"https:\/\/pubeurope.com\/@fr\/115557835559687197","error":""},"_links":{"self":[{"href":"https:\/\/www.europesays.com\/fr\/wp-json\/wp\/v2\/posts\/537539","targetHints":{"allow":["GET"]}}],"collection":[{"href":"https:\/\/www.europesays.com\/fr\/wp-json\/wp\/v2\/posts"}],"about":[{"href":"https:\/\/www.europesays.com\/fr\/wp-json\/wp\/v2\/types\/post"}],"author":[{"embeddable":true,"href":"https:\/\/www.europesays.com\/fr\/wp-json\/wp\/v2\/users\/2"}],"replies":[{"embeddable":true,"href":"https:\/\/www.europesays.com\/fr\/wp-json\/wp\/v2\/comments?post=537539"}],"version-history":[{"count":0,"href":"https:\/\/www.europesays.com\/fr\/wp-json\/wp\/v2\/posts\/537539\/revisions"}],"wp:featuredmedia":[{"embeddable":true,"href":"https:\/\/www.europesays.com\/fr\/wp-json\/wp\/v2\/media\/537540"}],"wp:attachment":[{"href":"https:\/\/www.europesays.com\/fr\/wp-json\/wp\/v2\/media?parent=537539"}],"wp:term":[{"taxonomy":"category","embeddable":true,"href":"https:\/\/www.europesays.com\/fr\/wp-json\/wp\/v2\/categories?post=537539"},{"taxonomy":"post_tag","embeddable":true,"href":"https:\/\/www.europesays.com\/fr\/wp-json\/wp\/v2\/tags?post=537539"}],"curies":[{"name":"wp","href":"https:\/\/api.w.org\/{rel}","templated":true}]}}