{"id":537563,"date":"2025-11-16T06:12:32","date_gmt":"2025-11-16T06:12:32","guid":{"rendered":"https:\/\/www.europesays.com\/fr\/537563\/"},"modified":"2025-11-16T06:12:32","modified_gmt":"2025-11-16T06:12:32","slug":"design-photo-performances-fenetre-de-sortie-prix-tout-savoir-sur-les-prochains-smartphones-frandroid","status":"publish","type":"post","link":"https:\/\/www.europesays.com\/fr\/537563\/","title":{"rendered":"design, photo, performances, fen\u00eatre de sortie, prix&#8230; Tout savoir sur les prochains smartphones. \u2014 Frandroid"},"content":{"rendered":"<p>Voici tout ce qu\u2019on sait d\u00e9j\u00e0 sur les Samsung Galaxy S26 et Galaxy S26 Plus qui arrivent d\u00e9but 2026 (fen\u00eatre de sortie, design, prix, performances\u2026).<\/p>\n<p><a href=\"https:\/\/images.frandroid.com\/wp-content\/uploads\/2025\/11\/rendu-du-samsung-galaxy-s26-plus.jpg\" target=\"_blank\" class=\"article-content__figure\" rel=\"noopener\"><img fetchpriority=\"high\" decoding=\"async\" loading=\"eager\" width=\"1200\" height=\"675\" src=\"https:\/\/www.europesays.com\/fr\/wp-content\/uploads\/2025\/11\/rendu-du-samsung-galaxy-s26-plus.jpg\" alt=\"\" class=\"wp-image-2869301 wp-image wp-image\"  \/><\/a>Rendu du Samsung Galaxy S26 Plus \/\/ Source : OnLeaks x Android Headlines (fond modifi\u00e9 par Frandroid)<\/p>\n<p>Que peut bien nous concocter <a href=\"https:\/\/www.frandroid.com\/guide-dachat\/386688_quels-smartphone-samsung-choisir-parmi-les-differentes-gammes-galaxy\" target=\"_blank\" rel=\"noopener\">Samsung<\/a> pour ses futurs <a href=\"https:\/\/www.frandroid.com\/guide-dachat\/smartphones\/289788_quels-sont-les-meilleurs-smartphones-haut-de-gamme-android-en-2017\" target=\"_blank\" rel=\"noopener\">smartphones haut de gamme<\/a>, les Galaxy S26 et Galaxy S26 Plus ? Apr\u00e8s avoir fait <a href=\"https:\/\/www.frandroid.com\/marques\/samsung\/2849839_samsung-galaxy-s26-ultra-design-ecran-fenetre-de-sortie-prix-tout-ce-quon-sait-sur-le-futur-smartphone\" target=\"_blank\" rel=\"noopener\">le tour des informations sur le Galaxy S26 Ultra<\/a>, le mod\u00e8le le plus sophistiqu\u00e9 de la s\u00e9rie, place aux deux autres membres du trio attendu d\u00e9but 2026.<\/p>\n<p>Tentons donc de r\u00e9capituler tout ce que l\u2019on sait sur les Samsung Galaxy S26\/S26+.<\/p>\n<p>Notre vid\u00e9o r\u00e9cap<\/p>\n<p class=\"bottom-text\">                <a href=\"https:\/\/www.youtube.com\/watch?v=RUCMiwTi8OU\" target=\"_blank\" rel=\"noopener\">Lien YouTube<\/a>                                    <a href=\"https:\/\/www.youtube.com\/subscription_center?add_user=FrAndroidTube\" target=\"_blank\" rel=\"noopener\">S\u2019abonner \u00e0 Frandroid<\/a>                            <\/p>\n<p>                Ce contenu est bloqu\u00e9 car vous n\u2019avez pas accept\u00e9 les cookies et autres traceurs. Ce contenu est fourni par YouTube.<br \/>Pour pouvoir le visualiser, vous devez accepter l\u2019usage \u00e9tant op\u00e9r\u00e9 par YouTube avec vos donn\u00e9es qui pourront \u00eatre utilis\u00e9es pour les finalit\u00e9s suivantes : vous permettre de visualiser et de partager des contenus avec des m\u00e9dias sociaux, favoriser le d\u00e9veloppement et l\u2019am\u00e9lioration des produits d\u2019Humanoid et de ses partenaires, vous afficher des publicit\u00e9s personnalis\u00e9es par rapport \u00e0 votre profil et activit\u00e9, vous d\u00e9finir un profil publicitaire personnalis\u00e9, mesurer la performance des publicit\u00e9s et du contenu de ce site et mesurer l\u2019audience de ce site <a href=\"#\" class=\"js-privacy\" target=\"_blank\">(en savoir plus)<\/a>            <\/p>\n<p>                En cliquant sur \u00ab J\u2019accepte tout \u00bb, vous consentez aux finalit\u00e9s susmentionn\u00e9es pour l\u2019ensemble des cookies et autres traceurs d\u00e9pos\u00e9s par Humanoid et <a class=\"embed-consent-overlay-vendors-link\" href=\"#preferences-vendeurs\">ses partenaires<\/a>.            <\/p>\n<p>                Vous gardez la possibilit\u00e9 de retirer votre consentement \u00e0 tout moment. Pour plus d\u2019informations, nous vous invitons \u00e0 prendre connaissance de notre <a href=\"https:\/\/www.frandroid.com\/politique-cookies\" target=\"_blank\" rel=\"noopener\">Politique cookies<\/a>.            <\/p>\n<p>            J\u2019accepte tout        <\/p>\n<p class=\"embed-consent-overlay-manage-choices\">            <a href=\"#preferences-publicitaires\">G\u00e9rer mes choix<\/a>        <\/p>\n<p>Quel nom final pour les Galaxy S26 ?<\/p>\n<p>Il est int\u00e9ressant de savoir que les Galaxy S26 et Galaxy S26 Plus auraient pu ne jamais exister. Pas dans cette nomenclature en tout cas. Pendant un certain temps, de nombreux bruits de couloirs sugg\u00e9raient une disparition de ces appellations au profit d\u2019un Galaxy S26 Pro (au lieu du S26 normal) et d\u2019un Galaxy S26 Edge ultra fin (au lieu du S26 Plus). <\/p>\n<p><a href=\"https:\/\/images.frandroid.com\/wp-content\/uploads\/2025\/11\/samsung-galaxy-s26-cadf.jpg\" target=\"_blank\" class=\"article-content__figure\" rel=\"noopener\"><img loading=\"lazy\" decoding=\"async\" width=\"1200\" height=\"675\" src=\"https:\/\/www.europesays.com\/fr\/wp-content\/uploads\/2025\/11\/samsung-galaxy-s26-cadf-1200x675.jpg\" alt=\"\" class=\"wp-image-2861913 wp-image\"  \/><\/a>Rendu du Samsung Galaxy S26. \/\/ Source : OnLeaks x Android Headlines (fond modifi\u00e9 par Frandroid<\/p>\n<p>Sauf que le constructeur cor\u00e9en a d\u00fb revoir ses plans. <a href=\"https:\/\/www.frandroid.com\/marques\/samsung\/2848413_samsung-galaxy-s26-edge-annule-pas-si-vite-un-modele-more-slim-serait-en-preparation\" target=\"_blank\" rel=\"noopener\">Le Galaxy S26 Edge aurait finalement \u00e9t\u00e9 annul\u00e9<\/a>\u00a0apr\u00e8s un constat d\u00e9cevant :\u00a0<a href=\"https:\/\/www.frandroid.com\/marques\/samsung\/2833947_le-smartphone-ultrafin-de-samsung-est-un-echec-le-galaxy-s26-edge-est-annule\" target=\"_blank\" rel=\"noopener\">les ventes du Galaxy S25 Edge n\u2019ont jamais d\u00e9coll\u00e9<\/a>.<\/p>\n<p class=\"shortcode-container see-more\">\n    \u00c0 lire aussi : <br \/><a href=\"https:\/\/www.frandroid.com\/marques\/samsung\/2866995_voici-les-photos-du-galaxy-s26-edge-que-samsung-a-annule\" target=\"_blank\" rel=\"noopener\">Voici les photos du Galaxy S26 Edge que Samsung a annul\u00e9<\/a>\n<\/p>\n<p>Ainsi, <strong>les Galaxy S26 et Galaxy S26 Plus auraient \u00e9t\u00e9 maintenus dans les plans de Samsung<\/strong>. La s\u00e9curit\u00e9 plut\u00f4t qu\u2019une strat\u00e9gie de l\u2019ent\u00eatement. Notons quand m\u00eame qu\u2019<a href=\"https:\/\/www.frandroid.com\/marques\/samsung\/2848413_samsung-galaxy-s26-edge-annule-pas-si-vite-un-modele-more-slim-serait-en-preparation\" target=\"_blank\" rel=\"noopener\">un mod\u00e8le \u00e0 part \u00ab More Slim \u00bb resterait dans les tuyaux<\/a> pour faire vivre le S26 Edge autrement, hors de la gamme S.<\/p>\n<p>Un design inchang\u00e9 ?<\/p>\n<p><a href=\"https:\/\/www.frandroid.com\/marques\/samsung\/2863451_voici-a-quoi-ressemblera-le-samsung-galaxy-s26-plus-qui-remplace-le-galaxy-s26-edge\" target=\"_blank\" rel=\"noopener\">Le design des Samsung Galaxy S26 et Galaxy S26 Plus s\u2019est d\u00e9j\u00e0 un peu montr\u00e9<\/a>, essentiellement par l\u2019interm\u00e9diaire du leaker fran\u00e7ais OnLeaks r\u00e9put\u00e9 pour sa fiabilit\u00e9.<\/p>\n<p class=\"shortcode-container see-more\">\n    \u00c0 lire aussi : <br \/><a href=\"https:\/\/www.frandroid.com\/marques\/samsung\/2863407_samsung-galaxy-s26-lart-de-ne-rien-changer-et-cest-peut-etre-le-probleme\" target=\"_blank\" rel=\"noopener\">Samsung Galaxy S26+ : l\u2019art de ne rien changer (et c\u2019est peut-\u00eatre le probl\u00e8me)<\/a>\n<\/p>\n<p>La premi\u00e8re conclusion qu\u2019on peut en tirer est simple : les Galaxy S26 vont BEAUCOUP ressembler aux <a href=\"https:\/\/www.frandroid.com\/marques\/samsung\/2492280_test-du-samsung-galaxy-s25-sans-surprise-mais-pas-sans-saveur\" target=\"_blank\" rel=\"noopener\">Galaxy S25<\/a>. Au niveau des bordures plates et de la courbure des angles et de l\u2019alignement des objectifs \u00e0 l\u2019arri\u00e8re, on ne per\u00e7oit pas de diff\u00e9rences flagrantes.<\/p>\n<p>                <img decoding=\"async\" width=\"1200\" height=\"446\" loading=\"lazy\" alt=\"3\" title=\"3\" class=\"is-radiusless placeholder-default wp-image\" src=\"https:\/\/www.europesays.com\/fr\/wp-content\/uploads\/2025\/11\/3-1200x446.jpg\" \/>            <\/p>\n<p>\n                    L\u2019iPhone 17 est moins cher sur Rakuten                <\/p>\n<p class=\"has-text-weight-medium is-size-6 is-line-height-normal\">\n                    Superbe \u00e9cran OLED 120 Hz, puce A19 puissante et design maitris\u00e9 : le dernier iPhone 17 avec 256 Go de stockage est \u00e0 834,99 euros sur Rakuten avec le code promo BLACK15, seulement aujourd\u2019hui.                <\/p>\n<p><strong>Le design du Samsung Galaxy S26<\/strong>.<\/p>\n<p>\t\t\t\t\t\t<a href=\"https:\/\/images.frandroid.com\/wp-content\/uploads\/2025\/11\/rendu-du-samsung-galaxy-s26-onleaks-b.jpg\" itemprop=\"url\" target=\"_blank\" rel=\"noopener\"><\/p>\n<p>\t\t\t\t\t\t\t<img decoding=\"async\" class=\"wp-image\" src=\"https:\/\/www.europesays.com\/fr\/wp-content\/uploads\/2025\/11\/rendu-du-samsung-galaxy-s26-onleaks-b.jpg\"  width=\"460\" height=\"259\" loading=\"lazy\" data-original-width=\"460\" data-original-height=\"259\" itemprop=\"http:\/\/schema.org\/image\" title=\"Rendu du Samsung Galaxy S26 onleaks b\" alt=\"Rendu du Samsung Galaxy S26 \/\/ Source : OnLeaks x Android Headlines\" style=\"width: 460px; height: 259px;\"\/><br \/>\n\t\t\t\t\t\t<\/a><\/p>\n<p>\n\t\t\t\t\t\t\t\tRendu du Samsung Galaxy S26 \/\/ Source : OnLeaks x Android Headlines\t\t\t\t\t\t\t<\/p>\n<p>\t\t\t\t\t\t<a href=\"https:\/\/images.frandroid.com\/wp-content\/uploads\/2025\/11\/rendu-du-samsung-galaxy-s26-onleaks-c.jpg\" itemprop=\"url\" target=\"_blank\" rel=\"noopener\"><\/p>\n<p>\t\t\t\t\t\t\t<img decoding=\"async\" class=\"wp-image\" src=\"https:\/\/www.europesays.com\/fr\/wp-content\/uploads\/2025\/11\/rendu-du-samsung-galaxy-s26-onleaks-c.jpg\"  width=\"460\" height=\"259\" loading=\"lazy\" data-original-width=\"460\" data-original-height=\"259\" itemprop=\"http:\/\/schema.org\/image\" title=\"Rendu du Samsung Galaxy S26 onleaks c\" alt=\"Rendu du Samsung Galaxy S26 \/\/ Source : OnLeaks x Android Headlines\" style=\"width: 460px; height: 259px;\"\/><br \/>\n\t\t\t\t\t\t<\/a><\/p>\n<p>\n\t\t\t\t\t\t\t\tRendu du Samsung Galaxy S26 \/\/ Source : OnLeaks x Android Headlines\t\t\t\t\t\t\t<\/p>\n<p><strong>Le design du Samsung Galaxy S26 Plus.<\/strong><\/p>\n<p>\t\t\t\t\t\t<a href=\"https:\/\/images.frandroid.com\/wp-content\/uploads\/2025\/11\/rendu-du-samsung-galaxy-s26-plus-onleaks-c.jpg\" itemprop=\"url\" target=\"_blank\" rel=\"noopener\"><\/p>\n<p>\t\t\t\t\t\t\t<img decoding=\"async\" class=\"wp-image\" src=\"https:\/\/www.europesays.com\/fr\/wp-content\/uploads\/2025\/11\/rendu-du-samsung-galaxy-s26-plus-onleaks-c.jpg\"  width=\"460\" height=\"259\" loading=\"lazy\" data-original-width=\"460\" data-original-height=\"259\" itemprop=\"http:\/\/schema.org\/image\" title=\"Rendu du Samsung Galaxy S26 Plus onleaks c\" alt=\"Rendu du Samsung Galaxy S26 Plus \/\/ Source : OnLeaks x Android Headlines\" style=\"width: 460px; height: 259px;\"\/><br \/>\n\t\t\t\t\t\t<\/a><\/p>\n<p>\n\t\t\t\t\t\t\t\tRendu du Samsung Galaxy S26 Plus \/\/ Source : OnLeaks x Android Headlines\t\t\t\t\t\t\t<\/p>\n<p>\t\t\t\t\t\t<a href=\"https:\/\/images.frandroid.com\/wp-content\/uploads\/2025\/11\/rendu-du-samsung-galaxy-s26-plus-onleaks-b.jpg\" itemprop=\"url\" target=\"_blank\" rel=\"noopener\"><\/p>\n<p>\t\t\t\t\t\t\t<img decoding=\"async\" class=\"wp-image\" src=\"https:\/\/www.europesays.com\/fr\/wp-content\/uploads\/2025\/11\/rendu-du-samsung-galaxy-s26-plus-onleaks-b.jpg\"  width=\"460\" height=\"259\" loading=\"lazy\" data-original-width=\"460\" data-original-height=\"259\" itemprop=\"http:\/\/schema.org\/image\" title=\"Rendu du Samsung Galaxy S26 Plus onleaks b\" alt=\"Rendu du Samsung Galaxy S26 Plus \/\/ Source : OnLeaks x Android Headlines\" style=\"width: 460px; height: 259px;\"\/><br \/>\n\t\t\t\t\t\t<\/a><\/p>\n<p>\n\t\t\t\t\t\t\t\tRendu du Samsung Galaxy S26 Plus \/\/ Source : OnLeaks x Android Headlines\t\t\t\t\t\t\t<\/p>\n<p>Le changement le plus important semble se cacher sous les appareils photo arri\u00e8re. Au lieu d\u2019avoir des cam\u00e9ras bien s\u00e9par\u00e9es visuellement les unes des autres, elles seraient toutes les trois sur une base commune elle-m\u00eame l\u00e9g\u00e8rement protub\u00e9rante.<\/p>\n<p>Cela ne perturbe pas l\u2019ADN construit par Samsung sur ses Galaxy S ces derni\u00e8res ann\u00e9es, mais \u00e7a resterait une \u00e9volution suffisamment cons\u00e9quente pour qu\u2019une coque de S25 ne passe pas sur un S26.<\/p>\n<p class=\"bottom-text\">                <a href=\"https:\/\/www.youtube.com\/watch?v=N8VlhOLLs9E\" target=\"_blank\" rel=\"noopener\">Lien YouTube<\/a>                                    <a href=\"https:\/\/www.youtube.com\/subscription_center?add_user=FrAndroidTube\" target=\"_blank\" rel=\"noopener\">S\u2019abonner \u00e0 Frandroid<\/a>                            <\/p>\n<p>                Ce contenu est bloqu\u00e9 car vous n\u2019avez pas accept\u00e9 les cookies et autres traceurs. Ce contenu est fourni par YouTube.<br \/>Pour pouvoir le visualiser, vous devez accepter l\u2019usage \u00e9tant op\u00e9r\u00e9 par YouTube avec vos donn\u00e9es qui pourront \u00eatre utilis\u00e9es pour les finalit\u00e9s suivantes : vous permettre de visualiser et de partager des contenus avec des m\u00e9dias sociaux, favoriser le d\u00e9veloppement et l\u2019am\u00e9lioration des produits d\u2019Humanoid et de ses partenaires, vous afficher des publicit\u00e9s personnalis\u00e9es par rapport \u00e0 votre profil et activit\u00e9, vous d\u00e9finir un profil publicitaire personnalis\u00e9, mesurer la performance des publicit\u00e9s et du contenu de ce site et mesurer l\u2019audience de ce site <a href=\"#\" class=\"js-privacy\" target=\"_blank\">(en savoir plus)<\/a>            <\/p>\n<p>                En cliquant sur \u00ab J\u2019accepte tout \u00bb, vous consentez aux finalit\u00e9s susmentionn\u00e9es pour l\u2019ensemble des cookies et autres traceurs d\u00e9pos\u00e9s par Humanoid et <a class=\"embed-consent-overlay-vendors-link\" href=\"#preferences-vendeurs\">ses partenaires<\/a>.            <\/p>\n<p>                Vous gardez la possibilit\u00e9 de retirer votre consentement \u00e0 tout moment. Pour plus d\u2019informations, nous vous invitons \u00e0 prendre connaissance de notre <a href=\"https:\/\/www.frandroid.com\/politique-cookies\" target=\"_blank\" rel=\"noopener\">Politique cookies<\/a>.            <\/p>\n<p>            J\u2019accepte tout        <\/p>\n<p class=\"embed-consent-overlay-manage-choices\">            <a href=\"#preferences-publicitaires\">G\u00e9rer mes choix<\/a>        <\/p>\n<p>Notons qu\u2019il ne faudrait pas s\u2019attendre non plus \u00e0 des \u00e9volutions du c\u00f4t\u00e9 des \u00e9crans avec toujours de l\u2019Amoled et du 120 Hz adaptatif.<\/p>\n<tr>\n<td\/>\n<td><strong>Galaxy S26<\/strong><\/td>\n<td><strong>Galaxy S26 Plus<\/strong><\/td>\n<\/tr>\n<tr>\n<td>Diagonale<\/td>\n<td>6,2 pouces<\/td>\n<td>6,7 pouces<\/td>\n<\/tr>\n<tr>\n<td>D\u00e9finition max.<\/td>\n<td>Full HD+<\/td>\n<td>QHD+<\/td>\n<\/tr>\n<p>Un Exynos 2600 pour les performances ?<\/p>\n<p>Alors que <a href=\"https:\/\/www.frandroid.com\/marques\/samsung\/2861937_quelle-puce-pour-le-samsung-galaxy-s26-ultra-le-debat-est-relance\" target=\"_blank\" rel=\"noopener\">l\u2019incertitude Exynos ou Snapdragon reste grande pour le S26 Ultra<\/a>, le sort des Samsung Galaxy S26 et Galaxy S26 Plus suscite lui aussi quelques interrogations. Une bonne partie des bruits de couloir sugg\u00e9rait jusqu\u2019\u00e0 r\u00e9cemment que les mod\u00e8les non Ultra tourneraient <a href=\"https:\/\/www.frandroid.com\/marques\/2848787_samsung-confirme-le-retour-des-exynos-sur-les-galaxy-s26\" target=\"_blank\" rel=\"noopener\">avec un Exynos 2600 et non un Snapdragon 8 Elite Gen 5<\/a>.<\/p>\n<p>Toutefois, de r\u00e9centes d\u00e9clarations de Qualcomm laissent supposer que <a href=\"https:\/\/www.frandroid.com\/marques\/qualcomm\/2857317_finalement-samsung-nimposerait-pas-son-exynos-2600-a-tous-les-galaxy-s26-mais-seulement-a-25-dentre-eux\" target=\"_blank\" rel=\"noopener\">seuls 25 % des Galaxy S26 profiteraient d\u2019un Exynos 2600<\/a>. D\u00e8s lors, on peut imaginer que le quart des mod\u00e8les concern\u00e9s serait destin\u00e9 au march\u00e9 europ\u00e9en. Par le pass\u00e9, le Vieux Continent a souvent compos\u00e9 avec des versions Exynos des smartphones de Samsung quand le reste du monde se dotait des variantes Snapdragon.<\/p>\n<p><a href=\"https:\/\/images.frandroid.com\/wp-content\/uploads\/2021\/06\/samsung-exynos.jpg\" target=\"_blank\" class=\"article-content__figure\" rel=\"noopener\"><img loading=\"lazy\" decoding=\"async\" width=\"1200\" height=\"675\" src=\"https:\/\/www.europesays.com\/fr\/wp-content\/uploads\/2025\/11\/samsung-exynos-1200x675.jpg\" alt=\"\" class=\"wp-image-987365 wp-image\"  \/><\/a>Samsung Exynos \/\/ Source : Samsung via WCCFTech<\/p>\n<p>Pr\u00e9cisons que l\u2019Exynos 2600 de Samsung pourrait \u00eatre bien plus puissant (et potentiellement efficace \u00e9nerg\u00e9tiquement) qu\u2019on ne le penserait de prime abord. En effet, <a href=\"https:\/\/www.frandroid.com\/marques\/samsung\/2837503_voici-pourquoi-le-s26-ultra-naura-pas-besoin-du-snapdragon-8-elite-gen-5-pour-etre-le-roi-des-smartphones\" target=\"_blank\" rel=\"noopener\">des tests en interne montreraient de tr\u00e8s bons r\u00e9sultats<\/a> sur les t\u00e2ches IA et les capacit\u00e9s GPU et CPU du SoC.<\/p>\n<p>Les Samsung Galaxy S26 et S26 Plus pourraient aussi embarquer <a href=\"https:\/\/www.frandroid.com\/marques\/samsung\/2845745_les-samsung-galaxy-s26-nous-cachent-peut-etre-une-surprise-insoupconnee-jusqua-present\" target=\"_blank\" rel=\"noopener\">une toute nouvelle puce Exynos S6568 d\u00e9di\u00e9e au Wi-Fi et au Bluetooth<\/a>. Le but serait de g\u00e9rer ces connexions en am\u00e9liorant la port\u00e9e tout en r\u00e9duisant l\u2019impact sur la batterie.<\/p>\n<p><a href=\"https:\/\/images.frandroid.com\/wp-content\/uploads\/2025\/10\/exynos-s6568-samsung-bluetooth.jpg\" target=\"_blank\" class=\"article-content__figure\" rel=\"noopener\"><img loading=\"lazy\" decoding=\"async\" width=\"1200\" height=\"563\" src=\"https:\/\/www.europesays.com\/fr\/wp-content\/uploads\/2025\/11\/exynos-s6568-samsung-bluetooth-1200x563.jpg\" alt=\"\" class=\"wp-image-2845791 wp-image\"  \/><\/a>Le Samsung Exynos S6568 dans la base de donn\u00e9es des produits Bluetooth certifi\u00e9s. \/\/ Source : Capture d\u2019\u00e9cran Frandroid<\/p>\n<p>Reste encore \u00e0 savoir quelles capacit\u00e9s de batterie on peut attendre pour ces smartphones. Sans doute la m\u00eame chose que pour leurs pr\u00e9d\u00e9cesseurs, \u00e0 savoir :<\/p>\n<ul class=\"wp-block-list\">\n<li>4000 mAh pour le Galaxy S26 ;<\/li>\n<li> 4900 mAh pour le Galaxy S26 Plus.<\/li>\n<\/ul>\n<p>Du mieux en photo, mais pas l\u00e0 o\u00f9 on s\u2019attendait<\/p>\n<p>Quid des capteurs photo des Galaxy S26 et Galaxy S26 Plus ? Le trio  grand-angle, ultra grand-angle et t\u00e9l\u00e9objectif ne devrait a priori pas conna\u00eetre de chamboulement mat\u00e9riel. <\/p>\n<p><a href=\"https:\/\/www.europesays.com\/fr\/wp-content\/uploads\/2025\/11\/bloc-photo-galaxy-s26-plus.png\" target=\"_blank\" class=\"article-content__figure\"><img loading=\"lazy\" decoding=\"async\" width=\"1104\" height=\"819\" src=\"https:\/\/www.europesays.com\/fr\/wp-content\/uploads\/2025\/11\/bloc-photo-galaxy-s26-plus.png\" alt=\"\" class=\"wp-image-2869339 wp-image\"  \/><\/a>Le bloc photo du Samsung Galaxy S26 Plus<\/p>\n<p>En revanche, du c\u00f4t\u00e9 logiciel, <a href=\"https:\/\/www.frandroid.com\/marques\/samsung\/2866027_les-galaxy-s26-seraient-tres-performants-en-photo-mais-pas-grace-a-leurs-capteurs\" target=\"_blank\" rel=\"noopener\">l\u2019Exynos 2600, s\u2019il est bien utilis\u00e9, apporterait des am\u00e9liorations notables<\/a> pour le format RAW ou le traitement HDR et pourrait g\u00e9rer les photos et vid\u00e9os en tr\u00e8s haute d\u00e9finition en consommant 30 % d\u2019\u00e9nergie de moins que l\u2019Exynos 2400.<\/p>\n<p>Quels seront les prix des Samsung Galaxy S26 et S26 Plus ?<\/p>\n<p>Pour l\u2019instant, les pr\u00e9dictions concernant les prix des Samsung Galaxy S26 et Galaxy S26 Plus ne sont pas tr\u00e8s optimistes. Il faudrait en effet se pr\u00e9parer \u00e0 <a href=\"https:\/\/www.frandroid.com\/marques\/2854901_mauvaise-nouvelle-le-galaxy-s26-pourrait-couter-plus-cher-que-prevu\" target=\"_blank\" rel=\"noopener\">une hausse de 50 \u00e0 100 dollars par mod\u00e8le aux \u00c9tats-Unis<\/a>. Or, il nous para\u00eet peu probable que cette augmentation du tarif ne se r\u00e9percute pas aussi en France et en Europe.<\/p>\n<tr>\n<td\/>\n<td><strong>Prix plausible en France<\/strong><\/td>\n<\/tr>\n<tr>\n<td><strong>Samsung Galaxy S26 (128 Go)<\/strong><\/td>\n<td>949 \u00e0 999 euros<\/td>\n<\/tr>\n<tr>\n<td><strong>Samsung Galaxy S26 Plus (256 Go)<\/strong><\/td>\n<td>1219 \u00e0 1269 euros<\/td>\n<\/tr>\n<p>Cela s\u2019expliquerait par un approvisionnement plus difficile et donc plus co\u00fbteux en composants, notamment du c\u00f4t\u00e9 des puces m\u00e9moires.<\/p>\n<p>Date de sortie<\/p>\n<p>Les deux pr\u00e9c\u00e9dentes g\u00e9n\u00e9rations (S24 et S25) avaient \u00e9t\u00e9 pr\u00e9sent\u00e9es pendant le mois de janvier. Toutefois,\u00a0<a href=\"https:\/\/www.frandroid.com\/marques\/samsung\/2852309_samsung-galaxy-s26-voici-leur-date-de-lancement-et-elle-plus-proche-que-prevu\" target=\"_blank\" rel=\"noopener\">le Galaxy Unpacked des Galaxy S26 pourrait attendre le\u00a0<strong>25 f\u00e9vrier 2026<\/strong><\/a>.<\/p>\n<p>Notez quand m\u00eame qu\u2019une source plus r\u00e9cente \u00e9voque plut\u00f4t <strong>une officialisation \u00e0 la toute fin du mois de janvier pour un lancement commercial vers mi-f\u00e9vrier<\/strong>. En effet, <a href=\"https:\/\/www.frandroid.com\/marques\/samsung\/2861807_galaxy-s26-samsung-aurait-reussi-a-bien-rattraper-son-retard-finalement-avec-une-sortie-moins-tardive-que-prevu\" target=\"_blank\" rel=\"noopener\">Samsung aurait bien rattrap\u00e9 son retard<\/a> engendr\u00e9 par les changements strat\u00e9giques de l\u2019annulation du S26 Edge ultra fin.<\/p>\n<p>Rejoignez-nous de 17 \u00e0 19h, un mercredi sur deux, pour l\u2019\u00e9mission <strong>UNLOCK<\/strong> produite par <strong>Frandroid<\/strong> et <strong>Numerama<\/strong> ! Actus tech, interviews, astuces et analyses\u2026 On se retrouve <a href=\"https:\/\/www.twitch.tv\/frandroidlive\" target=\"_blank\" rel=\"noopener\">en direct sur Twitch<\/a> ou en rediffusion <a href=\"https:\/\/www.youtube.com\/@unlocktalk\" target=\"_blank\" rel=\"noopener\">sur YouTube<\/a> !<\/p>\n","protected":false},"excerpt":{"rendered":"Voici tout ce qu\u2019on sait d\u00e9j\u00e0 sur les Samsung Galaxy S26 et Galaxy S26 Plus qui arrivent d\u00e9but&hellip;\n","protected":false},"author":2,"featured_media":537564,"comment_status":"","ping_status":"","sticky":false,"template":"","format":"standard","meta":{"footnotes":""},"categories":[7],"tags":[1011,27,60998,60999,43,40,41,39,12580,42,44],"class_list":{"0":"post-537563","1":"post","2":"type-post","3":"status-publish","4":"format-standard","5":"has-post-thumbnail","7":"category-sciences-et-technologies","8":"tag-fr","9":"tag-france","10":"tag-samsung-galaxy-s26","11":"tag-samsung-galaxy-s26-plus","12":"tag-science","13":"tag-science-and-technology","14":"tag-sciences","15":"tag-sciences-et-technologies","16":"tag-tcqs","17":"tag-technologies","18":"tag-technology"},"share_on_mastodon":{"url":"https:\/\/pubeurope.com\/@fr\/115557903109730527","error":""},"_links":{"self":[{"href":"https:\/\/www.europesays.com\/fr\/wp-json\/wp\/v2\/posts\/537563","targetHints":{"allow":["GET"]}}],"collection":[{"href":"https:\/\/www.europesays.com\/fr\/wp-json\/wp\/v2\/posts"}],"about":[{"href":"https:\/\/www.europesays.com\/fr\/wp-json\/wp\/v2\/types\/post"}],"author":[{"embeddable":true,"href":"https:\/\/www.europesays.com\/fr\/wp-json\/wp\/v2\/users\/2"}],"replies":[{"embeddable":true,"href":"https:\/\/www.europesays.com\/fr\/wp-json\/wp\/v2\/comments?post=537563"}],"version-history":[{"count":0,"href":"https:\/\/www.europesays.com\/fr\/wp-json\/wp\/v2\/posts\/537563\/revisions"}],"wp:featuredmedia":[{"embeddable":true,"href":"https:\/\/www.europesays.com\/fr\/wp-json\/wp\/v2\/media\/537564"}],"wp:attachment":[{"href":"https:\/\/www.europesays.com\/fr\/wp-json\/wp\/v2\/media?parent=537563"}],"wp:term":[{"taxonomy":"category","embeddable":true,"href":"https:\/\/www.europesays.com\/fr\/wp-json\/wp\/v2\/categories?post=537563"},{"taxonomy":"post_tag","embeddable":true,"href":"https:\/\/www.europesays.com\/fr\/wp-json\/wp\/v2\/tags?post=537563"}],"curies":[{"name":"wp","href":"https:\/\/api.w.org\/{rel}","templated":true}]}}