{"id":537567,"date":"2025-11-16T06:14:13","date_gmt":"2025-11-16T06:14:13","guid":{"rendered":"https:\/\/www.europesays.com\/fr\/537567\/"},"modified":"2025-11-16T06:14:13","modified_gmt":"2025-11-16T06:14:13","slug":"presse-par-lextreme-droite-keir-starmer-hausse-le-ton-contre-limmigration-illegale","status":"publish","type":"post","link":"https:\/\/www.europesays.com\/fr\/537567\/","title":{"rendered":"Press\u00e9 par l\u2019extr\u00eame droite, Keir Starmer hausse le ton contre l\u2019immigration ill\u00e9gale"},"content":{"rendered":"<p>Outre-Manche, le gouvernement de Keir Starmer a d\u00e9cid\u00e9 de durcir <a href=\"https:\/\/www.20minutes.fr\/monde\/royaume-uni\/4181909-20251027-royaume-uni-gaspille-milliards-euros-logeant-demandeurs-asile-hotel\" target=\"_blank\" class=\"c-link c-link--is-underlined\" rel=\"nofollow noopener\">sa politique migratoire<\/a>. Arriv\u00e9 au pouvoir en juillet\u00a02024, il est sous pression quasi quotidienne pour freiner les arriv\u00e9es de migrants et restreindre leurs droits. Cela se ressent notamment dans les sondages depuis plusieurs mois, il est en effet largement devanc\u00e9 par <a href=\"https:\/\/www.20minutes.fr\/monde\/4131089-20241227-royaume-uni-parti-nigel-farage-revendique-plus-adherents-tories-etre-veritable-opposition\" target=\"_blank\" class=\"c-link c-link--is-underlined\" rel=\"nofollow noopener\">le parti Reform de Nigel Farage<\/a>, qui a fait de la question des migrants son sujet principal.<\/p>\n<p>Pour tenter de contrer cette mont\u00e9e de l\u2019extr\u00eame droite, le gouvernement britannique a donc annonc\u00e9 samedi soir son choix de prendre des mesures \u00ab\u00a0historiques\u00a0\u00bb pour limiter les arriv\u00e9es de migrants au Royaume-Uni.<\/p>\n<p>Des mesures pour limiter le s\u00e9jour des r\u00e9fugi\u00e9s<\/p>\n<p>\u00ab\u00a0Ce pays a une fi\u00e8re tradition d\u2019accueil des personnes fuyant le danger, mais notre g\u00e9n\u00e9rosit\u00e9 attire les migrants ill\u00e9gaux \u00e0 travers la Manche\u00a0\u00bb, a d\u00e9clar\u00e9 la ministre de l\u2019Int\u00e9rieur Shabana Mahmood. Deux mesures phares ont \u00e9t\u00e9 annonc\u00e9es par des communiqu\u00e9s du minist\u00e8re de Shabana Mahmood, en attendant la pr\u00e9sentation de son plan d\u00e9taill\u00e9 pr\u00e9vue devant le Parlement lundi.<\/p>\n<\/p>\n<p>Le gouvernement va d\u2019abord r\u00e9duire la protection accord\u00e9e aux r\u00e9fugi\u00e9s, qui seront \u00ab\u00a0forc\u00e9s de rentrer dans leur pays d\u2019origine d\u00e8s qu\u2019il sera jug\u00e9 s\u00fbr\u00a0\u00bb. \u00ab\u00a0Un \u00ab\u00a0billet en or\u00a0\u00bb a fait grimper les demandes d\u2019asile au Royaume-Uni, poussant les gens \u00e0 traverser l\u2019Europe, via des pays s\u00fbrs, pour monter \u00e0 bord d\u2019embarcations de fortune\u00a0\u00bb, a indiqu\u00e9 la ministre. \u00ab\u00a0Je vais mettre fin \u00e0 ce ticket en or\u00a0\u00bb.<\/p>\n<p>\u00ab\u00a0Gr\u00e2ce \u00e0 des conditions bien plus g\u00e9n\u00e9reuses au Royaume-Uni\u00a0\u00bb, les r\u00e9fugi\u00e9s peuvent actuellement demander \u00e0 s\u2019installer d\u00e9finitivement, sans frais, apr\u00e8s cinq ans au Royaume-Uni, \u00ab\u00a0sans avoir contribu\u00e9\u00a0\u00bb au pays, a soulign\u00e9 son minist\u00e8re. Le nouveau syst\u00e8me r\u00e9duira la dur\u00e9e de leur s\u00e9jour de cinq ans \u00e0 trente mois, et multipliera par quatre, de cinq \u00e0 vingt ans, le d\u00e9lai n\u00e9cessaire pour demander \u00e0 devenir r\u00e9sident permanent, a-t-il pr\u00e9cis\u00e9. Et les r\u00e9fugi\u00e9s qui souhaitent devenir r\u00e9sidents permanents plus vite \u00ab\u00a0devront travailler ou \u00e9tudier\u00a0\u00bb.<\/p>\n<p>Vaste manifestation de l\u2019extr\u00eame droite<\/p>\n<p>L\u2019autre mesure phare est la suppression de l\u2019acc\u00e8s automatique aux aides sociales \u2013 logement, allocations financi\u00e8res \u2013 pour les demandeurs d\u2019asile. Le gouvernement veut supprimer ces aides \u00ab\u00a0pour ceux qui ont le droit de travailler et qui peuvent subvenir \u00e0 leurs besoins, mais choisissent de ne pas le faire, ou pour ceux qui enfreignent la loi\u00a0\u00bb.<\/p>\n<p>Cet \u00e9t\u00e9, de nombreuses manifestations ont eu lieu devant des h\u00f4tels h\u00e9bergeant des demandeurs d\u2019asile et <a href=\"https:\/\/www.20minutes.fr\/monde\/royaume-uni\/4172918-20250913-londres-raciste-veux-retrouver-pays-110-000-personnes-reunies-appel-extreme-droite\" target=\"_blank\" class=\"c-link c-link--is-underlined\" rel=\"nofollow noopener\">une manifestation organis\u00e9e par l\u2019extr\u00eame droite \u00e0 Londres<\/a> mi-septembre a r\u00e9uni jusqu\u2019\u00e0 150.000 personnes selon la police. Dans ce contexte, le gouvernement travailliste a promis de faire baisser le nombre de migrants qui traversent la Manche \u00e0 bord d\u2019embarcations de fortune. Sans succ\u00e8s pour l\u2019instant.<\/p>\n<p><a href=\"https:\/\/www.20minutes.fr\/monde\/royaume-uni\/\" target=\"_blank\" class=\"c-link c-btn c-btn--primary\" rel=\"nofollow noopener\">Notre dossier sur le Royaume-Uni<\/a><\/p>\n<p>Depuis le 1er\u00a0janvier, 39.292 personnes ont d\u00e9barqu\u00e9 sur les c\u00f4tes anglaises \u00e0 l\u2019issue de cette p\u00e9rilleuse travers\u00e9e, un chiffre qui d\u00e9passe le total de l\u2019ann\u00e9e\u00a02024 (36.816). Par ailleurs, les demandes d\u2019asile ont augment\u00e9 de 18\u00a0% en\u00a02024 au Royaume-Uni, alors qu\u2019elles baissaient de 13\u00a0% dans l\u2019ensemble de l\u2019Union europ\u00e9enne sur la m\u00eame p\u00e9riode, selon les chiffres du gouvernement. Plus de 400.000 demandes ont \u00e9t\u00e9 enregistr\u00e9es depuis\u00a02021, contre 150.000 sur la p\u00e9riode 2011-2015.<\/p>\n","protected":false},"excerpt":{"rendered":"Outre-Manche, le gouvernement de Keir Starmer a d\u00e9cid\u00e9 de durcir sa politique migratoire. Arriv\u00e9 au pouvoir en juillet\u00a02024,&hellip;\n","protected":false},"author":2,"featured_media":537568,"comment_status":"","ping_status":"","sticky":false,"template":"","format":"standard","meta":{"footnotes":""},"categories":[5],"tags":[47,11,1076,1011,27,1061,6734,14,2581,74,12,473,133,28],"class_list":{"0":"post-537567","1":"post","2":"type-post","3":"status-publish","4":"format-standard","5":"has-post-thumbnail","7":"category-international","8":"tag-actualite","9":"tag-actualites","10":"tag-extreme-droite","11":"tag-fr","12":"tag-france","13":"tag-immigration","14":"tag-immigration-clandestine","15":"tag-international","16":"tag-keir-starmer","17":"tag-monde","18":"tag-news","19":"tag-royaume-uni","20":"tag-video","21":"tag-world"},"share_on_mastodon":{"url":"https:\/\/pubeurope.com\/@fr\/115557909596891564","error":""},"_links":{"self":[{"href":"https:\/\/www.europesays.com\/fr\/wp-json\/wp\/v2\/posts\/537567","targetHints":{"allow":["GET"]}}],"collection":[{"href":"https:\/\/www.europesays.com\/fr\/wp-json\/wp\/v2\/posts"}],"about":[{"href":"https:\/\/www.europesays.com\/fr\/wp-json\/wp\/v2\/types\/post"}],"author":[{"embeddable":true,"href":"https:\/\/www.europesays.com\/fr\/wp-json\/wp\/v2\/users\/2"}],"replies":[{"embeddable":true,"href":"https:\/\/www.europesays.com\/fr\/wp-json\/wp\/v2\/comments?post=537567"}],"version-history":[{"count":0,"href":"https:\/\/www.europesays.com\/fr\/wp-json\/wp\/v2\/posts\/537567\/revisions"}],"wp:featuredmedia":[{"embeddable":true,"href":"https:\/\/www.europesays.com\/fr\/wp-json\/wp\/v2\/media\/537568"}],"wp:attachment":[{"href":"https:\/\/www.europesays.com\/fr\/wp-json\/wp\/v2\/media?parent=537567"}],"wp:term":[{"taxonomy":"category","embeddable":true,"href":"https:\/\/www.europesays.com\/fr\/wp-json\/wp\/v2\/categories?post=537567"},{"taxonomy":"post_tag","embeddable":true,"href":"https:\/\/www.europesays.com\/fr\/wp-json\/wp\/v2\/tags?post=537567"}],"curies":[{"name":"wp","href":"https:\/\/api.w.org\/{rel}","templated":true}]}}