{"id":537577,"date":"2025-11-16T06:26:19","date_gmt":"2025-11-16T06:26:19","guid":{"rendered":"https:\/\/www.europesays.com\/fr\/537577\/"},"modified":"2025-11-16T06:26:19","modified_gmt":"2025-11-16T06:26:19","slug":"voici-ce-qui-vous-attend-9","status":"publish","type":"post","link":"https:\/\/www.europesays.com\/fr\/537577\/","title":{"rendered":"voici ce qui vous attend"},"content":{"rendered":"<p>                    Par<br \/>\n        <strong><br \/>\n            <a href=\"https:\/\/actu.fr\/auteur\/amandine-mehl\" title=\"Consulter tous les articles de Amandine Mehl\" target=\"_blank\" rel=\"noopener\">Amandine Mehl<\/a><br \/>\n                    <\/strong><\/p>\n<p>        Publi\u00e9 le<\/p>\n<p>            16 nov. 2025 \u00e0 7h02        <\/p>\n<p>Si le <a href=\"https:\/\/actu.fr\/grand-est\/nancy_54395\/saint-nicolas-a-nancy-pourquoi-la-date-du-defile-en-2025-sera-particulierement-symbolique_61976106.html\" target=\"_blank\" rel=\"noopener\">d\u00e9fil\u00e9<\/a> de <a href=\"https:\/\/actu.fr\/tag\/saint-nicolas\" target=\"_blank\" rel=\"noopener\">Saint-Nicolas<\/a> est l\u2019\u00e9v\u00e9nement le plus attendu des festivit\u00e9s \u00e0 <strong>Nancy<\/strong>, un autre rendez-vous commence \u00e0 se faire une place\u2009: la <strong>Saint-Nicolas sur l\u2019eau<\/strong>.<\/p>\n<p class=\" wall-content\">Patron des Lorrains, mais aussi <strong>patron des bateliers et des mariniers<\/strong>, saint Nicolas <strong>rejoindra son bateau<\/strong> sur le canal de la Marne au Rhin, au port Sainte-Catherine, samedi 13\u00a0d\u00e9cembre. Un \u00e9v\u00e9nement qui prendra cette ann\u00e9e une \u00ab<strong>\u2009nouvelle ampleur<\/strong>\u2009\u00bb, comme l\u2019a annonc\u00e9 la Ville de Nancy.<\/p>\n<p>Un \u00ab\u2009d\u00e9cor lumineux tr\u00e8s chic\u2009\u00bb et une ambiance musicale<\/p>\n<p class=\" wall-content\">Lors de cette \u00e9dition 2025, les festivit\u00e9s d\u00e9buteront d\u00e8s <strong>16h30<\/strong> entre le parvis de l\u2019\u00e9cole d\u2019architecture et le bassin Sainte-Catherine. \u00ab\u2009Dans un <strong>d\u00e9cor lumineux tr\u00e8s chic<\/strong>\u2009\u00bb, le public pourra appr\u00e9cier <strong>diff\u00e9rentes propositions musicales<\/strong>, \u00e0 savoir \u00ab\u2009la folie latine de Habemus Banda et la bonne humeur contagieuse de la Fanfare des enfants du boucher\u2009\u00bb.<\/p>\n<p class=\" wall-content\">Food trucks, bar, mais aussi ateliers cr\u00e9atifs seront \u00e9galement de la partie.<\/p>\n<p>Un d\u00e9fil\u00e9 de lanternes et un feu d\u2019artifice<\/p>\n<p class=\" wall-content\">Apr\u00e8s l\u2019arriv\u00e9e du <strong>d\u00e9fil\u00e9 des lanternes<\/strong> sur le parvis, men\u00e9 par <strong>200\u00a0enfants<\/strong> au d\u00e9part de la place Stanislas, ou encore celle du bateau, les visiteurs pourront lever les yeux au ciel et profiter d\u2019un <a href=\"https:\/\/actu.fr\/tag\/feu-dartifice\" target=\"_blank\" rel=\"noopener\">feu d\u2019artifice<\/a>.<\/p>\n<p class=\" wall-content\">Les festivit\u00e9s se poursuivront, en musique, jusqu\u2019\u00e0 21h.<\/p>\n<p class=\" wall-content\">Personnalisez votre actualit\u00e9 en ajoutant vos villes et m\u00e9dias en favori avec <a href=\"https:\/\/moncompte.actu.fr\" title=\"D\u00e9couvez Mon Actu\" rel=\"nofollow noopener\" data-trk=\"{&quot;cta&quot;:{&quot;action&quot;:&quot;https:\\\/\\\/moncompte.actu.fr&quot;,&quot;category&quot;:&quot;mon compte&quot;,&quot;from&quot;:&quot;article footer&quot;,&quot;name&quot;:&quot;Mon actu&quot;,&quot;type&quot;:&quot;cta&quot;}}\" target=\"_blank\">Mon Actu<\/a>.<\/p>\n","protected":false},"excerpt":{"rendered":"Par Amandine Mehl Publi\u00e9 le 16 nov. 2025 \u00e0 7h02 Si le d\u00e9fil\u00e9 de Saint-Nicolas est l\u2019\u00e9v\u00e9nement le&hellip;\n","protected":false},"author":2,"featured_media":537578,"comment_status":"","ping_status":"","sticky":false,"template":"","format":"standard","meta":{"footnotes":""},"categories":[9635],"tags":[1111,11,1777,674,16701,1011,27,775,1702,12,25,14334,104],"class_list":{"0":"post-537577","1":"post","2":"type-post","3":"status-publish","4":"format-standard","5":"has-post-thumbnail","7":"category-nancy","8":"tag-actu","9":"tag-actualites","10":"tag-eu","11":"tag-europe","12":"tag-feu-dartifice","13":"tag-fr","14":"tag-france","15":"tag-grand-est","16":"tag-nancy","17":"tag-news","18":"tag-republique-francaise","19":"tag-saint-nicolas","20":"tag-societe"},"share_on_mastodon":{"url":"https:\/\/pubeurope.com\/@fr\/115557956574863900","error":""},"_links":{"self":[{"href":"https:\/\/www.europesays.com\/fr\/wp-json\/wp\/v2\/posts\/537577","targetHints":{"allow":["GET"]}}],"collection":[{"href":"https:\/\/www.europesays.com\/fr\/wp-json\/wp\/v2\/posts"}],"about":[{"href":"https:\/\/www.europesays.com\/fr\/wp-json\/wp\/v2\/types\/post"}],"author":[{"embeddable":true,"href":"https:\/\/www.europesays.com\/fr\/wp-json\/wp\/v2\/users\/2"}],"replies":[{"embeddable":true,"href":"https:\/\/www.europesays.com\/fr\/wp-json\/wp\/v2\/comments?post=537577"}],"version-history":[{"count":0,"href":"https:\/\/www.europesays.com\/fr\/wp-json\/wp\/v2\/posts\/537577\/revisions"}],"wp:featuredmedia":[{"embeddable":true,"href":"https:\/\/www.europesays.com\/fr\/wp-json\/wp\/v2\/media\/537578"}],"wp:attachment":[{"href":"https:\/\/www.europesays.com\/fr\/wp-json\/wp\/v2\/media?parent=537577"}],"wp:term":[{"taxonomy":"category","embeddable":true,"href":"https:\/\/www.europesays.com\/fr\/wp-json\/wp\/v2\/categories?post=537577"},{"taxonomy":"post_tag","embeddable":true,"href":"https:\/\/www.europesays.com\/fr\/wp-json\/wp\/v2\/tags?post=537577"}],"curies":[{"name":"wp","href":"https:\/\/api.w.org\/{rel}","templated":true}]}}