{"id":537603,"date":"2025-11-16T06:42:17","date_gmt":"2025-11-16T06:42:17","guid":{"rendered":"https:\/\/www.europesays.com\/fr\/537603\/"},"modified":"2025-11-16T06:42:17","modified_gmt":"2025-11-16T06:42:17","slug":"la-decheterie-prairie-de-mauves-ferme-pendant-trois-semaines","status":"publish","type":"post","link":"https:\/\/www.europesays.com\/fr\/537603\/","title":{"rendered":"la d\u00e9ch\u00e8terie Prairie-de-Mauves ferme pendant trois semaines"},"content":{"rendered":"<p>                    Par<br \/>\n        <strong><br \/>\n            <a href=\"https:\/\/actu.fr\/auteur\/redaction-nantes\" title=\"Consulter tous les articles de R\u00e9daction Nantes\" target=\"_blank\" rel=\"noopener\">R\u00e9daction Nantes<\/a><br \/>\n                    <\/strong><\/p>\n<p>        Publi\u00e9 le<\/p>\n<p>            16 nov. 2025 \u00e0 7h16        <\/p>\n<p>Attention si vous aviez pr\u00e9vu de d\u00e9poser vos ordures \u00e0 la d\u00e9ch\u00e8terie de Nantes, anciennement Prairie de Mauves. Nantes M\u00e9tropole informe de la fermeture du point de d\u00e9chets \u00e0 partir <b>du lundi 17\u00a0novembre jusqu\u2019au vendredi 5\u00a0d\u00e9cembre 2025 inclus<\/b>.<\/p>\n<p>O\u00f9 jeter ses d\u00e9chets\u2009?<\/p>\n<p class=\" wall-content\">La collectivit\u00e9 invite les usagers \u00e0 jeter leurs ordures sur les d\u00e9ch\u00e8teries de Carquefou, Orvault, Saint-S\u00e9bastien-sur-Loire ou sur l\u2019\u00e9copoint de la Beaujoire.<\/p>\n<p class=\" wall-content\">Pas de panique pour ceux qui ne peuvent se d\u00e9placer \u00e0 la d\u00e9chetterie pour se d\u00e9barrasser d\u2019encombrants, des solutions existent.\u00a0\u00a0<\/p>\n<p class=\" wall-content\">Nantes M\u00e9tropole proc\u00e8de\u00a0<b>gratuitement<\/b>\u00a0\u00e0 l\u2019enl\u00e8vement des encombrants des particuliers\u00a0<b>sur rendez-vous<\/b>.\u00a0<a href=\"https:\/\/formulaires.eservices-metropole.nantes.fr\/dechets-poubelles\/demander-enlevement-encombrants\/\" target=\"_blank\" rel=\"noopener\">Il suffit de cliquer ici.<\/a><\/p>\n<p class=\" wall-content\">Personnalisez votre actualit\u00e9 en ajoutant vos villes et m\u00e9dias en favori avec <a href=\"https:\/\/moncompte.actu.fr\" title=\"D\u00e9couvez Mon Actu\" rel=\"nofollow noopener\" data-trk=\"{&quot;cta&quot;:{&quot;action&quot;:&quot;https:\\\/\\\/moncompte.actu.fr&quot;,&quot;category&quot;:&quot;mon compte&quot;,&quot;from&quot;:&quot;article footer&quot;,&quot;name&quot;:&quot;Mon actu&quot;,&quot;type&quot;:&quot;cta&quot;}}\" target=\"_blank\">Mon Actu<\/a>.<\/p>\n","protected":false},"excerpt":{"rendered":"Par R\u00e9daction Nantes Publi\u00e9 le 16 nov. 2025 \u00e0 7h16 Attention si vous aviez pr\u00e9vu de d\u00e9poser vos&hellip;\n","protected":false},"author":2,"featured_media":537604,"comment_status":"","ping_status":"","sticky":false,"template":"","format":"standard","meta":{"footnotes":""},"categories":[2818],"tags":[1111,11,3008,1777,674,1011,27,766,12,2636,25,104],"class_list":{"0":"post-537603","1":"post","2":"type-post","3":"status-publish","4":"format-standard","5":"has-post-thumbnail","7":"category-nantes","8":"tag-actu","9":"tag-actualites","10":"tag-dechets","11":"tag-eu","12":"tag-europe","13":"tag-fr","14":"tag-france","15":"tag-nantes","16":"tag-news","17":"tag-pays-de-la-loire","18":"tag-republique-francaise","19":"tag-societe"},"share_on_mastodon":{"url":"https:\/\/pubeurope.com\/@fr\/115558019562101781","error":""},"_links":{"self":[{"href":"https:\/\/www.europesays.com\/fr\/wp-json\/wp\/v2\/posts\/537603","targetHints":{"allow":["GET"]}}],"collection":[{"href":"https:\/\/www.europesays.com\/fr\/wp-json\/wp\/v2\/posts"}],"about":[{"href":"https:\/\/www.europesays.com\/fr\/wp-json\/wp\/v2\/types\/post"}],"author":[{"embeddable":true,"href":"https:\/\/www.europesays.com\/fr\/wp-json\/wp\/v2\/users\/2"}],"replies":[{"embeddable":true,"href":"https:\/\/www.europesays.com\/fr\/wp-json\/wp\/v2\/comments?post=537603"}],"version-history":[{"count":0,"href":"https:\/\/www.europesays.com\/fr\/wp-json\/wp\/v2\/posts\/537603\/revisions"}],"wp:featuredmedia":[{"embeddable":true,"href":"https:\/\/www.europesays.com\/fr\/wp-json\/wp\/v2\/media\/537604"}],"wp:attachment":[{"href":"https:\/\/www.europesays.com\/fr\/wp-json\/wp\/v2\/media?parent=537603"}],"wp:term":[{"taxonomy":"category","embeddable":true,"href":"https:\/\/www.europesays.com\/fr\/wp-json\/wp\/v2\/categories?post=537603"},{"taxonomy":"post_tag","embeddable":true,"href":"https:\/\/www.europesays.com\/fr\/wp-json\/wp\/v2\/tags?post=537603"}],"curies":[{"name":"wp","href":"https:\/\/api.w.org\/{rel}","templated":true}]}}