{"id":537607,"date":"2025-11-16T06:45:22","date_gmt":"2025-11-16T06:45:22","guid":{"rendered":"https:\/\/www.europesays.com\/fr\/537607\/"},"modified":"2025-11-16T06:45:22","modified_gmt":"2025-11-16T06:45:22","slug":"les-previsions-meteo-du-dimanche-16-novembre-a-bordeaux","status":"publish","type":"post","link":"https:\/\/www.europesays.com\/fr\/537607\/","title":{"rendered":"Les pr\u00e9visions m\u00e9t\u00e9o du dimanche 16 novembre \u00e0 Bordeaux"},"content":{"rendered":"<p>Ce dimanche \u00e0 Bordeaux, la journ\u00e9e d\u00e9butera sous un ciel bien gris avant une am\u00e9lioration progressive. L\u2019instabilit\u00e9 diminuera peu \u00e0 peu, laissant place \u00e0 une ambiance plus calme et plus douce.<\/p>\n<p><strong>Ce matin<\/strong>, pr\u00e9pare-toi \u00e0 un <strong>temps humide et brumeux<\/strong>. Le ciel sera <strong>couvert<\/strong>, la <strong>visibilit\u00e9 r\u00e9duite<\/strong> et quelques <strong>averses intermittentes<\/strong> viendront perturber le d\u00e9but de journ\u00e9e. Le thermom\u00e8tre affichera <strong>12\u00b0C<\/strong>, avec un <strong>ressenti de 11\u00b0C<\/strong>. Le vent sera <strong>quasi nul<\/strong>, ne d\u00e9passant pas <strong>20 km\/h<\/strong> en rafales. Le <strong>risque de pluie<\/strong> restera <strong>\u00e9lev\u00e9 (60 %)<\/strong>.<\/p>\n<p><strong>Dans l\u2019apr\u00e8s-midi<\/strong>, l\u2019atmosph\u00e8re restera <strong>tr\u00e8s nuageuse<\/strong>, avec encore quelques <strong>averses ou pluies orageuses possibles<\/strong>, notamment en fin de journ\u00e9e. Il fera jusqu\u2019\u00e0 <strong>15\u00b0C<\/strong>, mais le <strong>ressenti grimpera \u00e0 18\u00b0C<\/strong> sous les \u00e9claircies passag\u00e8res. Le vent restera calme, et le <strong>risque de pluie<\/strong> descendra \u00e0 <strong>50 %<\/strong>.<\/p>\n<p><img fetchpriority=\"high\" decoding=\"async\" width=\"1024\" height=\"576\" src=\"https:\/\/www.europesays.com\/fr\/wp-content\/uploads\/2025\/11\/nuageux-1-1024x576.png\" alt=\"\" class=\"wp-image-86291\" style=\"width:736px;height:auto\"  \/>Une journ\u00e9e bien automnale s\u2019annonce \u00e0 Bordeaux.<\/p>\n<p><strong>En soir\u00e9e<\/strong>, les nuages bas s\u2019imposeront \u00e0 nouveau. Le temps redeviendra <strong>couvert et brumeux<\/strong>, avec <strong>12\u00b0C<\/strong> et un <strong>faible risque d\u2019averses (25 %)<\/strong>.<br \/><strong>La nuit<\/strong>, attention aux <strong>brouillards denses et persistants<\/strong> : la visibilit\u00e9 pourra \u00eatre fortement r\u00e9duite. Il fera <strong>10\u00b0C<\/strong>, ressenti <strong>9\u00b0C<\/strong>, sans pr\u00e9cipitations pr\u00e9vues.<\/p>\n<p>Une journ\u00e9e automnale typique : grise, humide, mais sans exc\u00e8s !<\/p>\n<p>\u00c0 lire aussi : <a href=\"https:\/\/www.bougerabordeaux.com\/actu\/news\/gironde-plus-de-biens-en-vente-mais-le-marche-stagne\/\" target=\"_blank\" rel=\"noreferrer noopener\">Gironde : plus de biens en vente, mais le march\u00e9 stagne<\/a><\/p>\n","protected":false},"excerpt":{"rendered":"Ce dimanche \u00e0 Bordeaux, la journ\u00e9e d\u00e9butera sous un ciel bien gris avant une am\u00e9lioration progressive. L\u2019instabilit\u00e9 diminuera&hellip;\n","protected":false},"author":2,"featured_media":535426,"comment_status":"","ping_status":"","sticky":false,"template":"","format":"standard","meta":{"footnotes":""},"categories":[2817],"tags":[1111,11,1997,1777,674,1011,27,12,2219,25],"class_list":{"0":"post-537607","1":"post","2":"type-post","3":"status-publish","4":"format-standard","5":"has-post-thumbnail","7":"category-bordeaux","8":"tag-actu","9":"tag-actualites","10":"tag-bordeaux","11":"tag-eu","12":"tag-europe","13":"tag-fr","14":"tag-france","15":"tag-news","16":"tag-nouvelle-aquitaine","17":"tag-republique-francaise"},"share_on_mastodon":{"url":"https:\/\/pubeurope.com\/@fr\/115558032035014412","error":""},"_links":{"self":[{"href":"https:\/\/www.europesays.com\/fr\/wp-json\/wp\/v2\/posts\/537607","targetHints":{"allow":["GET"]}}],"collection":[{"href":"https:\/\/www.europesays.com\/fr\/wp-json\/wp\/v2\/posts"}],"about":[{"href":"https:\/\/www.europesays.com\/fr\/wp-json\/wp\/v2\/types\/post"}],"author":[{"embeddable":true,"href":"https:\/\/www.europesays.com\/fr\/wp-json\/wp\/v2\/users\/2"}],"replies":[{"embeddable":true,"href":"https:\/\/www.europesays.com\/fr\/wp-json\/wp\/v2\/comments?post=537607"}],"version-history":[{"count":0,"href":"https:\/\/www.europesays.com\/fr\/wp-json\/wp\/v2\/posts\/537607\/revisions"}],"wp:featuredmedia":[{"embeddable":true,"href":"https:\/\/www.europesays.com\/fr\/wp-json\/wp\/v2\/media\/535426"}],"wp:attachment":[{"href":"https:\/\/www.europesays.com\/fr\/wp-json\/wp\/v2\/media?parent=537607"}],"wp:term":[{"taxonomy":"category","embeddable":true,"href":"https:\/\/www.europesays.com\/fr\/wp-json\/wp\/v2\/categories?post=537607"},{"taxonomy":"post_tag","embeddable":true,"href":"https:\/\/www.europesays.com\/fr\/wp-json\/wp\/v2\/tags?post=537607"}],"curies":[{"name":"wp","href":"https:\/\/api.w.org\/{rel}","templated":true}]}}