{"id":537612,"date":"2025-11-16T06:48:15","date_gmt":"2025-11-16T06:48:15","guid":{"rendered":"https:\/\/www.europesays.com\/fr\/537612\/"},"modified":"2025-11-16T06:48:15","modified_gmt":"2025-11-16T06:48:15","slug":"quel-temps-a-toulouse-et-en-occitanie-ce-dimanche-voici-les-previsions-de-meteo-france-2","status":"publish","type":"post","link":"https:\/\/www.europesays.com\/fr\/537612\/","title":{"rendered":"Quel temps \u00e0 Toulouse et en Occitanie, ce dimanche ? Voici les pr\u00e9visions de M\u00e9t\u00e9o France"},"content":{"rendered":"<p>                    Par<br \/>\n        <strong><br \/>\n            <a href=\"https:\/\/actu.fr\/auteur\/guillaume-laurens\" title=\"Consulter tous les articles de Guillaume Laurens\" rel=\"nofollow noopener\" target=\"_blank\">Guillaume Laurens<\/a><br \/>\n                    <\/strong><\/p>\n<p>        Publi\u00e9 le<\/p>\n<p>            16 nov. 2025 \u00e0 7h02        <\/p>\n<p>Bonjour \u00e0 tous\u2009! Apr\u00e8s <a href=\"https:\/\/actu.fr\/occitanie\/toulouse_31555\/meteo-le-vent-qui-porte-des-poussieres-desertiques-va-t-il-epargner-toulouse-et-l-occitanie-ce-week-end_63438388.html\" rel=\"nofollow noopener\" target=\"_blank\">un samedi assez radieux<\/a>, c\u2019est encore une journ\u00e9e <strong>cl\u00e9mente<\/strong> pour la saison qui se profile sur <a href=\"https:\/\/actu.fr\/toulouse\/\" rel=\"nofollow noopener\" target=\"_blank\"><strong>Toulouse<\/strong> <\/a>et sa r\u00e9gion, ce dimanche 16\u00a0novembre 2025. Le point sur <a href=\"https:\/\/actu.fr\/toulouse\/meteo\" rel=\"nofollow noopener\" target=\"_blank\">les pr\u00e9visions m\u00e9t\u00e9o<\/a>.<\/p>\n<p>\u00c9claircies et douceur sur Toulouse ce dimanche<\/p>\n<p class=\" wall-content\">Ce dimanche, le ciel sera<strong> peu nuageux<\/strong> sur Toulouse en matin\u00e9e, avant d\u2019\u00eatre parsem\u00e9 d\u2019<strong>\u00e9claircies<\/strong> dans l\u2019apr\u00e8s-midi. Le temps sera en revanche <strong>bien couvert<\/strong> en soir\u00e9e, avant une s\u00e9rieuse <strong>d\u00e9gradation<\/strong> en d\u00e9but de semaine, marqu\u00e9e une chute des temp\u00e9ratures.<\/p>\n<p class=\" wall-content\">C\u00f4t\u00e9 mercure justement, il fera encore bien <strong>doux<\/strong> ce dimanche, avec <strong>12\u00b0C le matin<\/strong> et <strong>18\u00b0C l\u2019apr\u00e8s-midi <\/strong>dans la Ville rose.<\/p>\n<p>    <img   decoding=\"async\" loading=\"lazy\" src=\"https:\/\/www.europesays.com\/fr\/wp-content\/uploads\/2025\/11\/meteo-france-toulouse-dimanche-16-novembre-2025-960x640.jpg\" alt=\"Voici les pr\u00e9visions \u00e0 Toulouse dimanche 16 novembre 2025\" width=\"960\" height=\"640\"\/><br \/>\n    Voici les pr\u00e9visions \u00e0 Toulouse dimanche 16\u00a0novembre 2025 (\u00a9M\u00e9t\u00e9o France)Intertitre<\/p>\n<p class=\" wall-content\">Ailleurs en <strong>Occitanie<\/strong>, le temps sera <strong>plus variable<\/strong> d\u2019un d\u00e9partement \u00e0 l\u2019autre. Le matin, l\u2019H\u00e9rault, le Gard, la Loz\u00e8re et le Nord de l\u2019Aveyron pourraient voir la pluie, mais M\u00e9t\u00e9o France pr\u00e9voit des \u00e9claircies ou un ciel peu nuageux partout ailleurs.<\/p>\n<p class=\" wall-content\"><strong>L\u2019apr\u00e8s-midi<\/strong>, \u00e0 l\u2019exception du Gers o\u00f9 r\u00e9gnera un ciel voil\u00e9, mais aussi du nord de l\u2019Aveyron et du Gard, o\u00f9 quelques pluies sont possibles, le ciel variera les plaisirs entre <strong>\u00e9claircies<\/strong> et <strong>nuages<\/strong> d\u2019un coin \u00e0 l\u2019autre de la r\u00e9gion.<\/p>\n<p>Vid\u00e9os : en ce moment sur Actu<\/p>\n<p class=\" wall-content\">Pour ce qui est des <strong>temp\u00e9ratures<\/strong>, M\u00e9t\u00e9o France annonce <strong>10\u00b0C \u00e0 Laguiole<\/strong> (Aveyron) et <strong>Font-Romeu<\/strong> (Pyr\u00e9n\u00e9es-Orientales), mais <strong>17\u00b0C \u00e0 Montauban<\/strong> (Tarn-et-Garonne) ou <strong>Castres<\/strong> (Tarn).<\/p>\n<p>    <img   decoding=\"async\" loading=\"lazy\" src=\"https:\/\/www.europesays.com\/fr\/wp-content\/uploads\/2025\/11\/meteo-france-occitanie-dimanche-16-novembre-2025-960x640.jpg\" alt=\"Voici les pr\u00e9visions en Occitanie dimanche 16 novembre 2025\" width=\"960\" height=\"640\"\/><br \/>\n    Voici les pr\u00e9visions en Occitanie dimanche 16\u00a0novembre 2025 (\u00a9M\u00e9t\u00e9o France)<\/p>\n<p class=\" wall-content\">Personnalisez votre actualit\u00e9 en ajoutant vos villes et m\u00e9dias en favori avec <a href=\"https:\/\/moncompte.actu.fr\" title=\"D\u00e9couvez Mon Actu\" rel=\"nofollow noopener\" data-trk=\"{&quot;cta&quot;:{&quot;action&quot;:&quot;https:\\\/\\\/moncompte.actu.fr&quot;,&quot;category&quot;:&quot;mon compte&quot;,&quot;from&quot;:&quot;article footer&quot;,&quot;name&quot;:&quot;Mon actu&quot;,&quot;type&quot;:&quot;cta&quot;}}\" target=\"_blank\">Mon Actu<\/a>.<\/p>\n","protected":false},"excerpt":{"rendered":"Par Guillaume Laurens Publi\u00e9 le 16 nov. 2025 \u00e0 7h02 Bonjour \u00e0 tous\u2009! Apr\u00e8s un samedi assez radieux,&hellip;\n","protected":false},"author":2,"featured_media":537613,"comment_status":"","ping_status":"","sticky":false,"template":"","format":"standard","meta":{"footnotes":""},"categories":[2816],"tags":[1111,11,1777,674,1011,27,2487,2357,12,2680,25,2312],"class_list":{"0":"post-537612","1":"post","2":"type-post","3":"status-publish","4":"format-standard","5":"has-post-thumbnail","7":"category-toulouse","8":"tag-actu","9":"tag-actualites","10":"tag-eu","11":"tag-europe","12":"tag-fr","13":"tag-france","14":"tag-meteo","15":"tag-meteo-france","16":"tag-news","17":"tag-occitanie","18":"tag-republique-francaise","19":"tag-toulouse"},"share_on_mastodon":{"url":"https:\/\/pubeurope.com\/@fr\/115558043851630050","error":""},"_links":{"self":[{"href":"https:\/\/www.europesays.com\/fr\/wp-json\/wp\/v2\/posts\/537612","targetHints":{"allow":["GET"]}}],"collection":[{"href":"https:\/\/www.europesays.com\/fr\/wp-json\/wp\/v2\/posts"}],"about":[{"href":"https:\/\/www.europesays.com\/fr\/wp-json\/wp\/v2\/types\/post"}],"author":[{"embeddable":true,"href":"https:\/\/www.europesays.com\/fr\/wp-json\/wp\/v2\/users\/2"}],"replies":[{"embeddable":true,"href":"https:\/\/www.europesays.com\/fr\/wp-json\/wp\/v2\/comments?post=537612"}],"version-history":[{"count":0,"href":"https:\/\/www.europesays.com\/fr\/wp-json\/wp\/v2\/posts\/537612\/revisions"}],"wp:featuredmedia":[{"embeddable":true,"href":"https:\/\/www.europesays.com\/fr\/wp-json\/wp\/v2\/media\/537613"}],"wp:attachment":[{"href":"https:\/\/www.europesays.com\/fr\/wp-json\/wp\/v2\/media?parent=537612"}],"wp:term":[{"taxonomy":"category","embeddable":true,"href":"https:\/\/www.europesays.com\/fr\/wp-json\/wp\/v2\/categories?post=537612"},{"taxonomy":"post_tag","embeddable":true,"href":"https:\/\/www.europesays.com\/fr\/wp-json\/wp\/v2\/tags?post=537612"}],"curies":[{"name":"wp","href":"https:\/\/api.w.org\/{rel}","templated":true}]}}