{"id":537614,"date":"2025-11-16T06:49:13","date_gmt":"2025-11-16T06:49:13","guid":{"rendered":"https:\/\/www.europesays.com\/fr\/537614\/"},"modified":"2025-11-16T06:49:13","modified_gmt":"2025-11-16T06:49:13","slug":"dans-le-nord-les-salaries-dun-verger-devaient-prendre-leur-voiture-pour-aller-aux-wc","status":"publish","type":"post","link":"https:\/\/www.europesays.com\/fr\/537614\/","title":{"rendered":"Dans le Nord, les salari\u00e9s d&rsquo;un verger devaient prendre leur voiture pour&#8230; aller aux WC\u00a0!"},"content":{"rendered":"<p>                    Par<br \/>\n        <strong><br \/>\n            <a href=\"https:\/\/actu.fr\/auteur\/redaction-lille\" title=\"Consulter tous les articles de R\u00e9daction Lille\" target=\"_blank\" rel=\"noopener\">R\u00e9daction Lille<\/a><br \/>\n                    <\/strong><\/p>\n<p>        Publi\u00e9 le<\/p>\n<p>            16 nov. 2025 \u00e0 7h08        <\/p>\n<p>Le <b>tribunal administratif<\/b> de <a href=\"https:\/\/actu.fr\/hauts-de-france\/lille_59350\" target=\"_blank\" rel=\"noopener\">Lille<\/a> a d\u00e9savou\u00e9 un <b>exploitant agricole<\/b> du <a href=\"https:\/\/actu.fr\/hauts-de-france\/le-quesnoy_59481\" target=\"_blank\" rel=\"noopener\">Quesnoy<\/a> (Nord) qui contestait l\u2019<b>amende administrative de 17.600 \u20ac<\/b> qui lui avait \u00e9t\u00e9 inflig\u00e9e par l\u2019Etat pour <b>ne pas avoir mis de toilettes \u00e0 disposition<\/b> de ses salari\u00e9s.<\/p>\n<p>Absence d\u2019installations sanitaires pour les salari\u00e9s dans ce verger du Nord<\/p>\n<p class=\" wall-content\">C. avait en fait \u00e9t\u00e9 vis\u00e9 par un <b>\u00ab\u00a0contr\u00f4le\u00a0\u00bb de l\u2019inspection du travail<\/b> le 24 septembre 2020. L\u2019inspecteur avait alors constat\u00e9 \u00ab\u00a0l\u2019<b>absence d\u2019installations sanitaires<\/b>\u00a0\u00bb pour les vingt-deux salari\u00e9s de son \u00e9tablissement et avait donc prononc\u00e9 le 9 septembre 2022 une \u00ab\u00a0amende administrative\u00a0\u00bb de \u00ab\u00a0<b>800 \u20ac par salari\u00e9<\/b>\u00ab\u00a0, soit 17.600 \u20ac au total.<\/p>\n<p class=\" wall-content\">Le\u00a0<b>code du travail<\/b>\u00a0dispose en effet que \u00ab\u00a0l\u2019employeur met \u00e0 la disposition des travailleurs les moyens d\u2019assurer leur propret\u00e9 individuelle, notamment des vestiaires, des lavabos, des cabinets d\u2019aisance et, le cas \u00e9ch\u00e9ant, des douches\u00a0\u00bb.<\/p>\n<p class=\" wall-content\">L\u2019exploitant agricole avait donc saisi la justice le 9 mars 2023 : la sanction \u00e9tait \u00ab\u00a0insuffisamment motiv\u00e9e\u00a0\u00bb et la \u00ab\u00a0mat\u00e9rialit\u00e9\u00a0\u00bb de l\u2019infraction n\u2019\u00e9tait \u00ab\u00a0pas \u00e9tablie\u00a0\u00bb car il avait \u00ab\u00a0<b>mis \u00e0 disposition de son personnel un nouveau b\u00e2timent comprenant notamment des lavabos et des toilettes<\/b>\u00ab\u00a0. Ce dernier \u00e9tait d\u2019ailleurs \u00ab\u00a0accessible \u00e0 l\u2019ensemble de ses salari\u00e9s qui disposent (\u2026) tous d\u2019une voiture personnelle\u00a0\u00bb. C. soutenait \u00e9galement que l\u2019amende \u00e9tait \u00ab\u00a0entach\u00e9e d\u2019une erreur d\u2019appr\u00e9ciation\u00a0\u00bb au regard de sa \u00ab\u00a0situation financi\u00e8re\u00a0\u00bb et de sa \u00ab\u00a0bonne foi\u00a0\u00bb. Dans ces conditions, il demandait 3.500 \u20ac \u00e0 l\u2019Etat pour ses frais d\u2019avocat pour cette sanction \u00ab\u00a0ill\u00e9gale\u00a0\u00bb.<\/p>\n<p>Un lavabo \u00ab\u00a0sans eau \u00e0 temp\u00e9rature r\u00e9glable\u00a0\u00bb et un WC \u00ab\u00a0inutilisable\u00a0\u00bb<\/p>\n<p class=\" wall-content\">Reste que \u00ab\u00a0ces locaux ne disposent que d\u2019<b>un seul lavabo qui ne permet pas la d\u00e9livrance d\u2019eau \u00e0 temp\u00e9rature r\u00e9glable<\/b> et d\u2019<b>un seul cabinet d\u2019aisance inutilisable<\/b>, car encombr\u00e9 de diff\u00e9rents \u00e9quipements de travail\u00a0\u00bb, recadre le tribunal administratif de Lille dans un jugement du 23 juillet 2025 qui vient d\u2019\u00eatre rendu public.<\/p>\n<p class=\" wall-content\">C. avait de fait \u00ab\u00a0express\u00e9ment refus\u00e9 de mettre en \u0153uvre les pr\u00e9conisations de l\u2019inspection du travail sur la mise aux normes des installations sanitaires de son \u00e9tablissement, malgr\u00e9 un premier courrier re\u00e7u le 30 septembre 2020\u00a0\u00bb. Il s\u2019\u00e9tait ensuite \u00ab\u00a0engag\u00e9 \u00e0 remettre en \u00e9tat de fonctionnement le lavabo et le cabinet d\u2019aisance\u00a0\u00bb et \u00e0 \u00ab\u00a0proc\u00e9der \u00e0 l\u2019immatriculation de son nouvel \u00e9tablissement\u00a0\u00bb apr\u00e8s avoir \u00ab\u00a0eu connaissance du projet d\u2019amende retenu \u00e0 son encontre\u00a0\u00bb.<\/p>\n<p>Votre r\u00e9gion, votre actu !<\/p>\n<p>Recevez chaque jour les infos qui comptent pour vous.<\/p>\n<p>\t<a href=\"https:\/\/actu.fr\/newsletter\" class=\"ac-btn ac-btn--corner ac-btn--medium ac-btn--blue800\" target=\"_blank\" rel=\"noopener\">S&rsquo;incrire<\/a><\/p>\n<p class=\" wall-content\">Mais \u00ab\u00a0l\u2019<b>absence par M. XXX de tout commencement d\u2019ex\u00e9cution de ses engagements<\/b> ne permet pas de reconnaitre sa bonne foi\u00a0\u00bb, ass\u00e8ne le tribunal administratif de Lille. Au contraire, elle prouve \u00ab\u00a0sa <b>d\u00e9termination \u00e0 ne pas respecter les demandes<\/b> de l\u2019inspection du travail\u00a0\u00bb.<\/p>\n<p class=\" wall-content\">\u00ab\u00a0La circonstance que les \u00e9quipements (\u2026) sont pr\u00e9sents sur son autre site (\u2026) ne suffit pas \u00e0 consid\u00e9rer\u00a0\u00bb que C. XXX \u00ab\u00a0satisfait \u00e0 ses obligations l\u00e9gales\u00a0\u00bb : ce site est \u00ab\u00a0situ\u00e9 \u00e0 plus d\u2019un kilom\u00e8tre de distance du lieu de travail des vingt-deux salari\u00e9s contr\u00f4l\u00e9s, sans qu\u2019importe le fait que ces derniers disposeraient tous d\u2019une voiture personnelle pour s\u2019y rendre\u00a0\u00bb.<\/p>\n<p class=\" wall-content\">\u00ab\u00a0<b>Aucun d\u2019entre eux n\u2019a \u00e9voqu\u00e9 la possibilit\u00e9 d\u2019utiliser les installations sanitaires situ\u00e9es dans ce b\u00e2timent<\/b>\u00ab\u00a0, rel\u00e8ve d\u2019ailleurs le tribunal administratif de Lille. L\u2019amende de 800 \u20ac par salari\u00e9 qui lui a \u00e9t\u00e9 inflig\u00e9e est enfin d\u2019un montant \u00ab\u00a0nettement inf\u00e9rieur au maximum\u00a0\u00bb fix\u00e9 par le code du travail \u00e0 4.000 \u20ac ; il n\u2019est donc pas \u00ab\u00a0disproportionn\u00e9\u00a0\u00bb, d\u2019autant que l\u2019exploitant \u00ab\u00a0ne d\u00e9montre pas les difficult\u00e9s financi\u00e8res qu\u2019il all\u00e8gue\u00a0\u00bb.<\/p>\n<p class=\" wall-content\"><b>RB et GF (PressPepper)<\/b><\/p>\n<p class=\" wall-content\">Personnalisez votre actualit\u00e9 en ajoutant vos villes et m\u00e9dias en favori avec <a href=\"https:\/\/moncompte.actu.fr\" title=\"D\u00e9couvez Mon Actu\" rel=\"nofollow noopener\" data-trk=\"{&quot;cta&quot;:{&quot;action&quot;:&quot;https:\\\/\\\/moncompte.actu.fr&quot;,&quot;category&quot;:&quot;mon compte&quot;,&quot;from&quot;:&quot;article footer&quot;,&quot;name&quot;:&quot;Mon actu&quot;,&quot;type&quot;:&quot;cta&quot;}}\" target=\"_blank\">Mon Actu<\/a>.<\/p>\n","protected":false},"excerpt":{"rendered":"Par R\u00e9daction Lille Publi\u00e9 le 16 nov. 2025 \u00e0 7h08 Le tribunal administratif de Lille a d\u00e9savou\u00e9 un&hellip;\n","protected":false},"author":2,"featured_media":537615,"comment_status":"","ping_status":"","sticky":false,"template":"","format":"standard","meta":{"footnotes":""},"categories":[2815],"tags":[1111,11,327,15787,1777,674,1011,27,811,1307,12,25,104],"class_list":{"0":"post-537614","1":"post","2":"type-post","3":"status-publish","4":"format-standard","5":"has-post-thumbnail","7":"category-lille","8":"tag-actu","9":"tag-actualites","10":"tag-agriculture","11":"tag-droit-des-travailleurs","12":"tag-eu","13":"tag-europe","14":"tag-fr","15":"tag-france","16":"tag-hauts-de-france","17":"tag-lille","18":"tag-news","19":"tag-republique-francaise","20":"tag-societe"},"share_on_mastodon":{"url":"https:\/\/pubeurope.com\/@fr\/115558047003694380","error":""},"_links":{"self":[{"href":"https:\/\/www.europesays.com\/fr\/wp-json\/wp\/v2\/posts\/537614","targetHints":{"allow":["GET"]}}],"collection":[{"href":"https:\/\/www.europesays.com\/fr\/wp-json\/wp\/v2\/posts"}],"about":[{"href":"https:\/\/www.europesays.com\/fr\/wp-json\/wp\/v2\/types\/post"}],"author":[{"embeddable":true,"href":"https:\/\/www.europesays.com\/fr\/wp-json\/wp\/v2\/users\/2"}],"replies":[{"embeddable":true,"href":"https:\/\/www.europesays.com\/fr\/wp-json\/wp\/v2\/comments?post=537614"}],"version-history":[{"count":0,"href":"https:\/\/www.europesays.com\/fr\/wp-json\/wp\/v2\/posts\/537614\/revisions"}],"wp:featuredmedia":[{"embeddable":true,"href":"https:\/\/www.europesays.com\/fr\/wp-json\/wp\/v2\/media\/537615"}],"wp:attachment":[{"href":"https:\/\/www.europesays.com\/fr\/wp-json\/wp\/v2\/media?parent=537614"}],"wp:term":[{"taxonomy":"category","embeddable":true,"href":"https:\/\/www.europesays.com\/fr\/wp-json\/wp\/v2\/categories?post=537614"},{"taxonomy":"post_tag","embeddable":true,"href":"https:\/\/www.europesays.com\/fr\/wp-json\/wp\/v2\/tags?post=537614"}],"curies":[{"name":"wp","href":"https:\/\/api.w.org\/{rel}","templated":true}]}}