{"id":537618,"date":"2025-11-16T06:51:10","date_gmt":"2025-11-16T06:51:10","guid":{"rendered":"https:\/\/www.europesays.com\/fr\/537618\/"},"modified":"2025-11-16T06:51:10","modified_gmt":"2025-11-16T06:51:10","slug":"pres-de-marseille-cet-automobiliste-explose-le-radar-des-gendarmes-son-controle-revele-une-surprise","status":"publish","type":"post","link":"https:\/\/www.europesays.com\/fr\/537618\/","title":{"rendered":"Pr\u00e8s de Marseille. Cet automobiliste explose le radar des gendarmes, son contr\u00f4le r\u00e9v\u00e8le une surprise"},"content":{"rendered":"<p>                    Par<br \/>\n        <strong><br \/>\n            <a href=\"https:\/\/actu.fr\/auteur\/fabien-binacchi\" title=\"Consulter tous les articles de Fabien Binacchi\" target=\"_blank\" rel=\"noopener\">Fabien Binacchi<\/a><br \/>\n                    <\/strong><\/p>\n<p>        Publi\u00e9 le<\/p>\n<p>            16 nov. 2025 \u00e0 7h14        <\/p>\n<p>La Brigade motoris\u00e9e des gendarmes d\u2019<a href=\"https:\/\/actu.fr\/provence-alpes-cote-d-azur\/aix-en-provence_13001\" target=\"_blank\" rel=\"noopener\">Aix-en-Provence<\/a> (<a href=\"https:\/\/actu.fr\/provence-alpes-cote-d-azur\/bouches-du-rhone_13\" target=\"_blank\" rel=\"noopener\">Bouches-du-Rh\u00f4ne<\/a>) n\u2019a pas ch\u00f4m\u00e9 en ce dernier jour f\u00e9ri\u00e9. \u00c0 l\u2019occasion d\u2019un contr\u00f4le, r\u00e9alis\u00e9 le mardi 11\u00a0novembre 2025 au nord de <a href=\"https:\/\/actu.fr\/marseille\/\" target=\"_blank\" rel=\"noopener\">Marseille,<\/a> ils ont mis la main sur un automobiliste visiblement tr\u00e8s press\u00e9, auteur d\u2019<strong>un exc\u00e8s de vitesse aussi fou que r\u00e9pr\u00e9hensible.<\/strong><\/p>\n<p class=\" wall-content\">V\u00e9rifications faites, en plus de son empressement, c\u2019est le profil de ce conducteur qui a mis les forces de l\u2019ordre en \u00e9moi. Elles lui ont adress\u00e9 <a href=\"https:\/\/www.facebook.com\/gendarmeriedesbouchesdurhone\/posts\/pfbid02UXzJShpjov3DT2DxFSU5kWfx9pJh5q5gwJYrugctVSM3sTgdF8AgmhRXkR7zH8Kxl\" target=\"_blank\" rel=\"noopener\">leur \u00ab\u2009carton rouge\u2009\u00bb.<\/a><\/p>\n<p>Pr\u00e8s de 80\u00a0km\/h au-dessus de la limite<\/p>\n<p class=\" wall-content\">\u00c0 Simiane-Collongue, entre Sept\u00e8me-les-Vallons et Gardanne, la D6 d\u00e9roule sur une longue ligne droite. C\u2019est l\u00e0, <strong>dans une portion limit\u00e9e \u00e0 90km\/h,<\/strong> que cet automobiliste qui s\u2019est visiblement senti pousser des ailes a \u00e9t\u00e9 contr\u00f4l\u00e9 \u00e0 une vitesse folle\u2009: <strong>159\u00a0km\/h.<\/strong><\/p>\n<p class=\" wall-content\">Interpell\u00e9, le conducteur a surpris les gendarmes par son empressement mais aussi par son tr\u00e8s jeune \u00e2ge. En permis probatoire (la vitesse \u00e9tait donc m\u00eame limit\u00e9e \u00e0 80km\/h pour lui \u00e0 cet endroit), il risque encore plus gros et en tout cas <strong>une tr\u00e8s grosse amende qui pourrait aller jusqu\u2019\u00e0 1500 euros.<\/strong><\/p>\n<p class=\" wall-content\">En attendant, les forces de l\u2019ordre ont proc\u00e9d\u00e9 \u00e0 la \u00ab\u2009r\u00e9tention imm\u00e9diate du permis de conduire\u2009\u00bb et \u00e0 la \u00ab\u2009mise en fourri\u00e8re du v\u00e9hicule pour une dur\u00e9e de sept jours\u2009\u00bb.<\/p>\n<p>Une route \u00e0 exc\u00e8s de vitesse\u2009?<\/p>\n<p class=\" wall-content\">Et ce n\u00e9ousager de la route n\u2019est pas le seul \u00e0 s\u2019\u00eatre fait piquer \u00e0 (tr\u00e8s) tr\u00e8s haute vitesse sur la D6. En octobre, les gendarmes avaient d\u00e9j\u00e0 arr\u00eat\u00e9 <a href=\"https:\/\/actu.fr\/provence-alpes-cote-d-azur\/gardanne_13041\/pres-de-marseille-il-explose-le-radar-des-gendarmes-avec-son-audi-des-infractions-gravissimes-decouvertes_63258527.html\" target=\"_blank\" rel=\"noopener\">un chauffard qui roulait \u00e0 178km\/h,<\/a> dans le secteur de Gardanne cette fois-ci.<\/p>\n<p class=\" wall-content\">Cet automobiliste ne venait pas d\u2019avoir le permis mais avait une autre circonstance aggravante\u2009: il conduisait sous l\u2019empire de produits stup\u00e9fiants. Au moment du d\u00e9pistage, il s\u2019\u00e9tait r\u00e9v\u00e9l\u00e9 positif \u00e0 la <strong>coca\u00efne<\/strong> et \u00e0 la <strong>m\u00e9thamph\u00e9tamine.<\/strong> Rien que \u00e7a.<\/p>\n<p class=\" wall-content\">Personnalisez votre actualit\u00e9 en ajoutant vos villes et m\u00e9dias en favori avec <a href=\"https:\/\/moncompte.actu.fr\" title=\"D\u00e9couvez Mon Actu\" rel=\"nofollow noopener\" data-trk=\"{&quot;cta&quot;:{&quot;action&quot;:&quot;https:\\\/\\\/moncompte.actu.fr&quot;,&quot;category&quot;:&quot;mon compte&quot;,&quot;from&quot;:&quot;article footer&quot;,&quot;name&quot;:&quot;Mon actu&quot;,&quot;type&quot;:&quot;cta&quot;}}\" target=\"_blank\">Mon Actu<\/a>.<\/p>\n","protected":false},"excerpt":{"rendered":"Par Fabien Binacchi Publi\u00e9 le 16 nov. 2025 \u00e0 7h14 La Brigade motoris\u00e9e des gendarmes d\u2019Aix-en-Provence (Bouches-du-Rh\u00f4ne) n\u2019a&hellip;\n","protected":false},"author":2,"featured_media":537619,"comment_status":"","ping_status":"","sticky":false,"template":"","format":"standard","meta":{"footnotes":""},"categories":[2814],"tags":[1111,11,1777,674,5915,118,1011,27,3381,884,12,882,25],"class_list":{"0":"post-537618","1":"post","2":"type-post","3":"status-publish","4":"format-standard","5":"has-post-thumbnail","7":"category-marseille","8":"tag-actu","9":"tag-actualites","10":"tag-eu","11":"tag-europe","12":"tag-exces-de-vitesse","13":"tag-faits-divers","14":"tag-fr","15":"tag-france","16":"tag-gendarmerie","17":"tag-marseille","18":"tag-news","19":"tag-provence-alpes-cote-dazur","20":"tag-republique-francaise"},"share_on_mastodon":{"url":"https:\/\/pubeurope.com\/@fr\/115558054962158349","error":""},"_links":{"self":[{"href":"https:\/\/www.europesays.com\/fr\/wp-json\/wp\/v2\/posts\/537618","targetHints":{"allow":["GET"]}}],"collection":[{"href":"https:\/\/www.europesays.com\/fr\/wp-json\/wp\/v2\/posts"}],"about":[{"href":"https:\/\/www.europesays.com\/fr\/wp-json\/wp\/v2\/types\/post"}],"author":[{"embeddable":true,"href":"https:\/\/www.europesays.com\/fr\/wp-json\/wp\/v2\/users\/2"}],"replies":[{"embeddable":true,"href":"https:\/\/www.europesays.com\/fr\/wp-json\/wp\/v2\/comments?post=537618"}],"version-history":[{"count":0,"href":"https:\/\/www.europesays.com\/fr\/wp-json\/wp\/v2\/posts\/537618\/revisions"}],"wp:featuredmedia":[{"embeddable":true,"href":"https:\/\/www.europesays.com\/fr\/wp-json\/wp\/v2\/media\/537619"}],"wp:attachment":[{"href":"https:\/\/www.europesays.com\/fr\/wp-json\/wp\/v2\/media?parent=537618"}],"wp:term":[{"taxonomy":"category","embeddable":true,"href":"https:\/\/www.europesays.com\/fr\/wp-json\/wp\/v2\/categories?post=537618"},{"taxonomy":"post_tag","embeddable":true,"href":"https:\/\/www.europesays.com\/fr\/wp-json\/wp\/v2\/tags?post=537618"}],"curies":[{"name":"wp","href":"https:\/\/api.w.org\/{rel}","templated":true}]}}