{"id":537622,"date":"2025-11-16T06:53:13","date_gmt":"2025-11-16T06:53:13","guid":{"rendered":"https:\/\/www.europesays.com\/fr\/537622\/"},"modified":"2025-11-16T06:53:13","modified_gmt":"2025-11-16T06:53:13","slug":"anai%cc%88s-belouassa-cherifi-lfi-defend-une-gratuite-totale-des-tcl","status":"publish","type":"post","link":"https:\/\/www.europesays.com\/fr\/537622\/","title":{"rendered":"Anai\u0308s Belouassa Cherifi (LFI) d\u00e9fend une gratuit\u00e9 \u00ab\u00a0totale\u00a0\u00bb des TCL"},"content":{"rendered":"<p>                    Par<br \/>\n        <strong><br \/>\n            <a href=\"https:\/\/actu.fr\/auteur\/nicolas-zaugra\" title=\"Consulter tous les articles de Nicolas Zaugra\" target=\"_blank\" rel=\"noopener\">Nicolas Zaugra<\/a><br \/>\n                    <\/strong><\/p>\n<p>        Publi\u00e9 le<\/p>\n<p>            16 nov. 2025 \u00e0 7h30        <\/p>\n<p>La gratuit\u00e9 totale ou partielle des transports en commun dans la campagne municipale et m\u00e9tropolitaine 2026 \u00e0 Lyon continue d\u2019agiter le d\u00e9bat. Alors que <a href=\"https:\/\/actu.fr\/auvergne-rhone-alpes\/lyon_69123\/lyon-tcl-gratuits-pour-les-lyonnais-les-nombreuses-questions-derriere-la-promesse-d-aulas_63334585.html\" target=\"_blank\" rel=\"noopener\">Jean-Michel Aulas<\/a> veut une gratuit\u00e9 pour certains Lyonnais, Nathalie Perrin -Gilbert (gauche) est pour une progressivit\u00e9 et que les \u00e9cologistes s\u2019opposent \u00e0 une gratuit\u00e9 g\u00e9n\u00e9ralis\u00e9e du r\u00e9seau TCL, la France insoumise a tranch\u00e9 la question.<br \/><a href=\"https:\/\/actu.fr\/auvergne-rhone-alpes\/lyon_69123\/direct-municipales-2026-a-lyon-anais-belouassa-cherifi-lfi-lance-sa-campagne-suivez-le-meeting_63405593.html\" target=\"_blank\" rel=\"noopener\">Anai\u0308s Belouassa Cherifi<\/a>, t\u00eate de liste LFI aux <a href=\"https:\/\/actu.fr\/tag\/municipales-2026\" target=\"_blank\" rel=\"noopener\">municipales 2026<\/a> \u00e0 <a href=\"https:\/\/actu.fr\/auvergne-rhone-alpes\/lyon_69123\" target=\"_blank\" rel=\"noopener\">Lyon<\/a>, assure que son mouvement va bien proposer une gratuit\u00e9 \u00ab\u00a0totale\u00a0\u00bb des TCL dans sa campagne.\u00a0<\/p>\n<p>Une gratuit\u00e9 \u00ab\u00a0totale\u00a0\u00bb pour LFI<\/p>\n<p class=\" wall-content\">La candidate LFI qui a lanc\u00e9 les hostilit\u00e9s d\u00e9but novembre continue d\u2019occuper l\u2019espace et de se positionner sur de nombreux sujets (logement, s\u00e9curit\u00e9, solidarit\u00e9\u2026) a aussi partag\u00e9 sa vision sur la gratuit\u00e9 des transports en commun.<\/p>\n<p class=\" wall-content\">\u00ab\u00a0C\u2019est un sujet m\u00e9tropolitain\u00a0\u00bb, dit-elle. LFI doit pr\u00e9senter ses t\u00eates de listes m\u00e9tropolitaines et de premi\u00e8res mesure programmatiques courant d\u00e9cembre. Mais avant cela, la d\u00e9put\u00e9e confirme bien que son mouvement d\u00e9fend une \u00ab\u00a0gratuit\u00e9 totale\u00a0\u00bb. Pour elle, un billet \u00e0 2,20 euros ou un abonnement mensuel \u00e0 plus de 74 euros, c\u2019est \u00ab\u00a0important\u00a0\u00bb.<\/p>\n<p>    <img   decoding=\"async\" loading=\"lazy\" src=\"https:\/\/www.europesays.com\/fr\/wp-content\/uploads\/2025\/11\/metro-b-lyon-tcl-greve-960x640.jpg\" alt=\"Une gr\u00e8ve de \" width=\"960\" height=\"640\"\/><br \/>\n    La gratuit\u00e9 des TCL fait d\u00e9bat dans la campagne municipale lyonnaise. (\u00a9Anthony Soudani \/ actu Lyon)Modifier le \u00ab\u00a0versement mobilit\u00e9\u00a0\u00bb des entreprises ?<\/p>\n<p class=\" wall-content\">\u00ab\u00a0On a toujours \u00e9t\u00e9 pour une gratuit\u00e9 totale\u00a0\u00bb, dit-elle. Pour le financement d\u2019une telle mesure qui concernerait donc tous les habitants de la m\u00e9tropole, elle renvoie vers des annonces budg\u00e9taires plut\u00f4t en f\u00e9vrier.<\/p>\n<p class=\" wall-content\">\u00ab\u00a0La participation fiscale des entreprise (le versement mobilit\u00e9) pourrait \u00eatre abaiss\u00e9 aux entreprises \u00e0 partir de 9 salari\u00e9s au lieu de 11 actuellement\u00a0\u00bb, propose l\u2019\u00e9lue. Ce qui pourrait g\u00e9n\u00e9rer de nouvelles recettes pour compenser les pertes en billetterie.\u00a0<\/p>\n<p class=\" wall-content\">\u00ab\u00a0Les transports en communs gratuits \u00e7a peut permettre \u00e0 tout le monde de circuler, qu\u2019il n\u2019y ait pas de s\u00e9gr\u00e9gations entre les arrondissements. Aujourd\u2019hui il y a peu de personnes concern\u00e9es par la tarification sociale\u00a0\u00bb, critique la candidate.\u00a0<\/p>\n<p>Votre r\u00e9gion, votre actu !<\/p>\n<p>Recevez chaque jour les infos qui comptent pour vous.<\/p>\n<p>\t<a href=\"https:\/\/actu.fr\/newsletter\" class=\"ac-btn ac-btn--corner ac-btn--medium ac-btn--blue800\" target=\"_blank\" rel=\"noopener\">S&rsquo;incrire<\/a><br \/>\n\u00ab\u00a0Agrandir certains parkings-relais\u00a0\u00bb<\/p>\n<p class=\" wall-content\">Pour la candidate LFI, \u00ab\u00a0il faut repenser les mobilit\u00e9s lyonnaises dans leur ensemble\u00a0\u00bb sur tous les sujets que ce soit les transports en commun, le partage de l\u2019espace public ou encore la place de la voiture.<\/p>\n<p class=\" wall-content\">Pas oppos\u00e9e en soit \u00e0 la Zone \u00e0 trafic limit\u00e9 en Presqu\u2019\u00eele, elle estime qu\u2019une telle mesure coupl\u00e9e \u00e0 la gratuit\u00e9 des TCL doit aussi s\u2019accompagner par l\u2019agrandissement de certains parkings-relais. \u00ab\u00a0Si vous voulez inciter les gens \u00e0 l\u00e2cher leurs voitures, il faut qu\u2019ils puissent utiliser ces parkings. Par exemple celui de Mermoz dans le 8e est vite satur\u00e9\u00a0\u00bb.\u00a0<\/p>\n<p class=\" wall-content\">Le financement global de la mesure de gratuit\u00e9 sera pr\u00e9sent\u00e9 en d\u00e9tail, comme pour d\u2019autres propositions de LFI, courant f\u00e9vrier 2026, selon Anai\u0308s Belouassa Cherifi.<\/p>\n<p class=\" wall-content\">Les \u00e9cologistes quant \u00e0 eux sont oppos\u00e9s \u00e0 toute gratuit\u00e9 g\u00e9n\u00e9rale pr\u00e9f\u00e9rant des tarifs ou de la gratuit\u00e9 sociale pour les plus pr\u00e9caires. Selon le pr\u00e9sident de la M\u00e9tropole et du Sytral <a href=\"https:\/\/actu.fr\/auvergne-rhone-alpes\/lyon_69123\/lyon-gregory-doucet-veut-un-tram-tcl-entre-part-dieu-et-ecully-bruno-bernard-ferme-la-porte_62740176.html\" target=\"_blank\" rel=\"noopener\">Bruno Bernard<\/a>, l\u2019absence de recettes de billetterie emp\u00eacherait d\u2019acc\u00e9l\u00e9rer le d\u00e9veloppement de nouvelles lignes de transport.<\/p>\n<p class=\" wall-content\">Personnalisez votre actualit\u00e9 en ajoutant vos villes et m\u00e9dias en favori avec <a href=\"https:\/\/moncompte.actu.fr\" title=\"D\u00e9couvez Mon Actu\" rel=\"nofollow noopener\" data-trk=\"{&quot;cta&quot;:{&quot;action&quot;:&quot;https:\\\/\\\/moncompte.actu.fr&quot;,&quot;category&quot;:&quot;mon compte&quot;,&quot;from&quot;:&quot;article footer&quot;,&quot;name&quot;:&quot;Mon actu&quot;,&quot;type&quot;:&quot;cta&quot;}}\" target=\"_blank\">Mon Actu<\/a>.<\/p>\n","protected":false},"excerpt":{"rendered":"Par Nicolas Zaugra Publi\u00e9 le 16 nov. 2025 \u00e0 7h30 La gratuit\u00e9 totale ou partielle des transports en&hellip;\n","protected":false},"author":2,"featured_media":537623,"comment_status":"","ping_status":"","sticky":false,"template":"","format":"standard","meta":{"footnotes":""},"categories":[1889],"tags":[1111,11,2430,4188,1777,674,1011,27,1023,2428,3434,12,316,25,5787],"class_list":{"0":"post-537622","1":"post","2":"type-post","3":"status-publish","4":"format-standard","5":"has-post-thumbnail","7":"category-lyon","8":"tag-actu","9":"tag-actualites","10":"tag-auvergne-rhone-alpes","11":"tag-elections-municipales","12":"tag-eu","13":"tag-europe","14":"tag-fr","15":"tag-france","16":"tag-la-france-insoumise-lfi","17":"tag-lyon","18":"tag-municipales-2026","19":"tag-news","20":"tag-politique","21":"tag-republique-francaise","22":"tag-transports-en-commun-lyonnais-tcl"},"share_on_mastodon":{"url":"https:\/\/pubeurope.com\/@fr\/115558063565804714","error":""},"_links":{"self":[{"href":"https:\/\/www.europesays.com\/fr\/wp-json\/wp\/v2\/posts\/537622","targetHints":{"allow":["GET"]}}],"collection":[{"href":"https:\/\/www.europesays.com\/fr\/wp-json\/wp\/v2\/posts"}],"about":[{"href":"https:\/\/www.europesays.com\/fr\/wp-json\/wp\/v2\/types\/post"}],"author":[{"embeddable":true,"href":"https:\/\/www.europesays.com\/fr\/wp-json\/wp\/v2\/users\/2"}],"replies":[{"embeddable":true,"href":"https:\/\/www.europesays.com\/fr\/wp-json\/wp\/v2\/comments?post=537622"}],"version-history":[{"count":0,"href":"https:\/\/www.europesays.com\/fr\/wp-json\/wp\/v2\/posts\/537622\/revisions"}],"wp:featuredmedia":[{"embeddable":true,"href":"https:\/\/www.europesays.com\/fr\/wp-json\/wp\/v2\/media\/537623"}],"wp:attachment":[{"href":"https:\/\/www.europesays.com\/fr\/wp-json\/wp\/v2\/media?parent=537622"}],"wp:term":[{"taxonomy":"category","embeddable":true,"href":"https:\/\/www.europesays.com\/fr\/wp-json\/wp\/v2\/categories?post=537622"},{"taxonomy":"post_tag","embeddable":true,"href":"https:\/\/www.europesays.com\/fr\/wp-json\/wp\/v2\/tags?post=537622"}],"curies":[{"name":"wp","href":"https:\/\/api.w.org\/{rel}","templated":true}]}}