{"id":537624,"date":"2025-11-16T06:54:11","date_gmt":"2025-11-16T06:54:11","guid":{"rendered":"https:\/\/www.europesays.com\/fr\/537624\/"},"modified":"2025-11-16T06:54:11","modified_gmt":"2025-11-16T06:54:11","slug":"la-basilique-de-fourviere-a-nouveau-illuminee-par-un-sublime-spectacle","status":"publish","type":"post","link":"https:\/\/www.europesays.com\/fr\/537624\/","title":{"rendered":"la basilique de Fourvi\u00e8re \u00e0 nouveau illumin\u00e9e par un sublime spectacle"},"content":{"rendered":"<p>                    Par<br \/>\n        <strong><br \/>\n            <a href=\"https:\/\/actu.fr\/auteur\/ludivine-caporal\" title=\"Consulter tous les articles de Ludivine Caporal\" rel=\"nofollow noopener\" target=\"_blank\">Ludivine Caporal<\/a><br \/>\n                    <\/strong><\/p>\n<p>        Publi\u00e9 le<\/p>\n<p>            16 nov. 2025 \u00e0 7h44        <\/p>\n<p>C\u2019est un \u00e9v\u00e9nement tr\u00e8s attendu (et appr\u00e9ci\u00e9) chaque ann\u00e9e. Le festival R\u00e9gion des Lumi\u00e8res revient \u00e0 Lyon pour illuminer, une fois de plus, <a href=\"https:\/\/actu.fr\/auvergne-rhone-alpes\/lyon_69123\/lyon-la-basilique-de-fourviere-en-passe-d-etre-sauvee-un-formidable-elan-de-solidarite_62266475.html\" rel=\"nofollow noopener\" target=\"_blank\">la basilique Notre-Dame de Fourvi\u00e8re.\u00a0<\/a><\/p>\n<p class=\" wall-content\">Un incroyable spectacle son et lumi\u00e8re sera ainsi pr\u00e9sent\u00e9 au public <strong>gratuitement<\/strong> durant deux p\u00e9riodes de d\u00e9cembre 2025 : celle de la <a href=\"https:\/\/actu.fr\/tag\/fete-des-lumieres-de-lyon\" rel=\"nofollow noopener\" target=\"_blank\">F\u00eate des Lumi\u00e8res<\/a> et des f\u00eates de fin d\u2019ann\u00e9e.<\/p>\n<p>Du 5 au 7 et du 26 au 31 d\u00e9cembre<\/p>\n<p class=\" wall-content\">Il sera d\u2019abord projet\u00e9 les 5 et 6 d\u00e9cembre de 19h \u00e0 23h puis le 7 d\u00e9cembre de 18h \u00e0 22h. Ce qui permettra donc aux visiteurs de la F\u00eate des Lumi\u00e8res d\u2019int\u00e9grer <a href=\"https:\/\/actu.fr\/tag\/fourviere\" rel=\"nofollow noopener\" target=\"_blank\">Fourvi\u00e8re<\/a> dans leur parcours et de profiter de cette \u0153uvre magnifique, <strong>d\u2019une dur\u00e9e de 10 minutes.\u00a0<\/strong><\/p>\n<p class=\" wall-content\">Apr\u00e8s une longue pause, et pour tous ceux qui l\u2019auraient manqu\u00e9 la premi\u00e8re fois, le son et lumi\u00e8re reviendra ensuite sur la colline du 26 au 31 d\u00e9cembre, de 18h45 \u00e0 21h45, <strong>avec une dur\u00e9e \u00e9tendue \u00e0 18 minutes.<\/strong><\/p>\n<p class=\" wall-content\">Pour les personnes en situation de handicap, un acc\u00e8s facilit\u00e9 et un plancher vibrant seront mis en place. Une version en audiodescription sera \u00e9galement disponible sur Internet et une captation du spectacle permettra la diffusion aux personnes ne pouvant pas se d\u00e9placer.<\/p>\n<p class=\" wall-content\"><a href=\"https:\/\/www.instagram.com\/p\/DDOXvUhCrx7\/embed\" title=\"Ouvrir le lien sur Instagram\" rel=\"nofollow noopener\" target=\"_blank\">Visualiser le contenu sur Instagram<\/a><\/p>\n<p>Pas de th\u00e8me d\u00e9voil\u00e9<\/p>\n<p class=\" wall-content\">Port\u00e9e par la <a href=\"https:\/\/actu.fr\/auvergne-rhone-alpes\/givors_69091\/laurent-wauquiez-desavoue-par-le-tribunal-de-lyon-la-region-forcee-a-verser-des-millions-a-cette-ville_63301629.html\" rel=\"nofollow noopener\" target=\"_blank\">R\u00e9gion Auvergne-Rh\u00f4ne-Alpes<\/a>, la mise en lumi\u00e8re de la basilique de Fourvi\u00e8re sera, comme depuis trois ans, assur\u00e9 par la soci\u00e9t\u00e9 \u00ab\u00a0Les Allumeurs de R\u00eaves\u00a0\u00bb et <a href=\"https:\/\/actu.fr\/auvergne-rhone-alpes\/lyon_69123\/gilbert-coudene-a-cree-ces-fresques-geantes-qui-font-la-renommee-de-lyon_56078086.html\" rel=\"nofollow noopener\" target=\"_blank\">Gilbert Coud\u00e8ne<\/a>.\u00a0<\/p>\n<p class=\" wall-content\">Le th\u00e8me et l\u2019histoire du spectacle de cette ann\u00e9e n\u2019ont n\u00e9anmoins <strong>pas encore \u00e9t\u00e9 communiqu\u00e9s<\/strong>.<\/p>\n<p class=\" wall-content\">Personnalisez votre actualit\u00e9 en ajoutant vos villes et m\u00e9dias en favori avec <a href=\"https:\/\/moncompte.actu.fr\" title=\"D\u00e9couvez Mon Actu\" rel=\"nofollow noopener\" data-trk=\"{&quot;cta&quot;:{&quot;action&quot;:&quot;https:\\\/\\\/moncompte.actu.fr&quot;,&quot;category&quot;:&quot;mon compte&quot;,&quot;from&quot;:&quot;article footer&quot;,&quot;name&quot;:&quot;Mon actu&quot;,&quot;type&quot;:&quot;cta&quot;}}\" target=\"_blank\">Mon Actu<\/a>.<\/p>\n<p>                    <script async src=\"\/\/www.instagram.com\/embed.js\"><\/script><\/p>\n","protected":false},"excerpt":{"rendered":"Par Ludivine Caporal Publi\u00e9 le 16 nov. 2025 \u00e0 7h44 C\u2019est un \u00e9v\u00e9nement tr\u00e8s attendu (et appr\u00e9ci\u00e9) chaque&hellip;\n","protected":false},"author":2,"featured_media":537625,"comment_status":"","ping_status":"","sticky":false,"template":"","format":"standard","meta":{"footnotes":""},"categories":[1889],"tags":[1111,11,2430,1777,674,48837,5293,1011,27,1652,2428,12,25],"class_list":{"0":"post-537624","1":"post","2":"type-post","3":"status-publish","4":"format-standard","5":"has-post-thumbnail","7":"category-lyon","8":"tag-actu","9":"tag-actualites","10":"tag-auvergne-rhone-alpes","11":"tag-eu","12":"tag-europe","13":"tag-fete-des-lumieres-de-lyon","14":"tag-fourviere","15":"tag-fr","16":"tag-france","17":"tag-loisirs-culture","18":"tag-lyon","19":"tag-news","20":"tag-republique-francaise"},"share_on_mastodon":{"url":"https:\/\/pubeurope.com\/@fr\/115558066601969066","error":""},"_links":{"self":[{"href":"https:\/\/www.europesays.com\/fr\/wp-json\/wp\/v2\/posts\/537624","targetHints":{"allow":["GET"]}}],"collection":[{"href":"https:\/\/www.europesays.com\/fr\/wp-json\/wp\/v2\/posts"}],"about":[{"href":"https:\/\/www.europesays.com\/fr\/wp-json\/wp\/v2\/types\/post"}],"author":[{"embeddable":true,"href":"https:\/\/www.europesays.com\/fr\/wp-json\/wp\/v2\/users\/2"}],"replies":[{"embeddable":true,"href":"https:\/\/www.europesays.com\/fr\/wp-json\/wp\/v2\/comments?post=537624"}],"version-history":[{"count":0,"href":"https:\/\/www.europesays.com\/fr\/wp-json\/wp\/v2\/posts\/537624\/revisions"}],"wp:featuredmedia":[{"embeddable":true,"href":"https:\/\/www.europesays.com\/fr\/wp-json\/wp\/v2\/media\/537625"}],"wp:attachment":[{"href":"https:\/\/www.europesays.com\/fr\/wp-json\/wp\/v2\/media?parent=537624"}],"wp:term":[{"taxonomy":"category","embeddable":true,"href":"https:\/\/www.europesays.com\/fr\/wp-json\/wp\/v2\/categories?post=537624"},{"taxonomy":"post_tag","embeddable":true,"href":"https:\/\/www.europesays.com\/fr\/wp-json\/wp\/v2\/tags?post=537624"}],"curies":[{"name":"wp","href":"https:\/\/api.w.org\/{rel}","templated":true}]}}