{"id":537626,"date":"2025-11-16T06:57:34","date_gmt":"2025-11-16T06:57:34","guid":{"rendered":"https:\/\/www.europesays.com\/fr\/537626\/"},"modified":"2025-11-16T06:57:34","modified_gmt":"2025-11-16T06:57:34","slug":"circulation-en-ile-de-france-apres-deux-jours-tres-calmes-pres-de-400-km-de-bouchons-releves-aujourdhui","status":"publish","type":"post","link":"https:\/\/www.europesays.com\/fr\/537626\/","title":{"rendered":"Circulation en \u00cele-de-France\u00a0: apr\u00e8s deux jours tr\u00e8s calmes, pr\u00e8s de 400\u00a0km de bouchons relev\u00e9s aujourd\u2019hui"},"content":{"rendered":"<p class=\"paragraph text_align_left lp-f-body-02\">Le d\u00e9but de semaine a \u00e9t\u00e9 calme <a href=\"https:\/\/www.leparisien.fr\/info-paris-ile-de-france-oise\/\" target=\"_self\" rel=\"noopener\">sur les routes d\u2019\u00cele-de-France<\/a>. Tr\u00e8s calme m\u00eame. Lundi, cal\u00e9 entre un week-end et un jour f\u00e9ri\u00e9, la circulation a \u00e9t\u00e9 plus que fluide le matin. Et que dire <a href=\"https:\/\/www.leparisien.fr\/economie\/11-novembre-transports-commerces-administrations-ce-qui-est-ouvert-ou-ferme-ce-mardi-ferie-11-11-2025-CVJICLGZPRA77FIFRKM42Q533M.php#:~:text=Le%20Parisien%20fait%20le%20point%20sur%20ce%20qui%20est%20ouvert%20ou%20ferm%C3%A9.&amp;text=Ce%20mardi%2011%20novembre%202025,et%20non%20travaill%C3%A9%20pour%20certains.\" target=\"_self\" rel=\"noopener\">du mardi 11 novembre !<\/a><\/p>\n<p class=\"paragraph text_align_left lp-f-body-02\">Mais ce mercredi, les routes ont \u00e9t\u00e9 \u00e0 nouveau tr\u00e8s charg\u00e9es dans la r\u00e9gion. D\u2019apr\u00e8s les chiffres de Sytadin, le cumul des bouchons a flirt\u00e9 avec les 400 km aux alentours de 8h30 ce matin. Un niveau au-del\u00e0 de l\u2019exceptionnel.<\/p>\n<p>Accidents, pannes et ralentissements nombreux<\/p>\n<p class=\"paragraph text_align_left lp-f-body-02\">Tout au long de la matin\u00e9e, ce cumul a \u00e9t\u00e9 au-del\u00e0 de la moyenne des bouchons, avant de s\u2019envoler vers 7h30, jusqu\u2019\u00e0 atteindre ce pic une heure plus tard. En cause notamment, un accident impliquait notamment un motard \u00e0 hauteur de Villepinte <a href=\"https:\/\/www.leparisien.fr\/seine-saint-denis-93\/\" target=\"_self\" rel=\"noopener\">(Seine-Saint-Denis)<\/a> sur l\u2019A104, qui a entra\u00een\u00e9 la neutralisation d\u2019une voie de circulation \u00e0 8h10.<\/p>\n<p class=\"paragraph text_align_left lp-f-body-02\">D\u2019autres ralentissements ont \u00e9t\u00e9 constat\u00e9s dans la r\u00e9gion. Au niveau de Marnes-la-Coquette <a href=\"https:\/\/www.leparisien.fr\/hauts-de-seine-92\/\" target=\"_self\" rel=\"noopener\">(Hauts-de-Seine)<\/a>, deux voitures se sont accroch\u00e9es sur l\u2019A13, stoppant la circulation. Ailleurs, Sytadin \u00e9voque des circulations \u00ab difficiles \u00bb sur l\u2019A104 dans le sens Coll\u00e9gien &#8211; Nogent-sur-Marne, sur l\u2019A3 entre Aulnay-sous-Bois et Paris, ou encore sur l\u2019A86 entre Fresnes et Clamart. Plus t\u00f4t, un poids lourd en panne sur l\u2019A1 dans le sens Saint-Denis &#8211; Paris a oblig\u00e9 la fermeture d\u2019une voie de circulation.<\/p>\n","protected":false},"excerpt":{"rendered":"Le d\u00e9but de semaine a \u00e9t\u00e9 calme sur les routes d\u2019\u00cele-de-France. Tr\u00e8s calme m\u00eame. Lundi, cal\u00e9 entre un&hellip;\n","protected":false},"author":2,"featured_media":414403,"comment_status":"","ping_status":"","sticky":false,"template":"","format":"standard","meta":{"footnotes":""},"categories":[1592],"tags":[1111,11,1777,674,1011,27,662,1944,12,626,25,2382],"class_list":{"0":"post-537626","1":"post","2":"type-post","3":"status-publish","4":"format-standard","5":"has-post-thumbnail","7":"category-ile-de-france","8":"tag-actu","9":"tag-actualites","10":"tag-eu","11":"tag-europe","12":"tag-fr","13":"tag-france","14":"tag-ile-de-france","15":"tag-ma-ville","16":"tag-news","17":"tag-paris","18":"tag-republique-francaise","19":"tag-transport-idf-oise"},"share_on_mastodon":{"url":"https:\/\/pubeurope.com\/@fr\/115558078493296420","error":""},"_links":{"self":[{"href":"https:\/\/www.europesays.com\/fr\/wp-json\/wp\/v2\/posts\/537626","targetHints":{"allow":["GET"]}}],"collection":[{"href":"https:\/\/www.europesays.com\/fr\/wp-json\/wp\/v2\/posts"}],"about":[{"href":"https:\/\/www.europesays.com\/fr\/wp-json\/wp\/v2\/types\/post"}],"author":[{"embeddable":true,"href":"https:\/\/www.europesays.com\/fr\/wp-json\/wp\/v2\/users\/2"}],"replies":[{"embeddable":true,"href":"https:\/\/www.europesays.com\/fr\/wp-json\/wp\/v2\/comments?post=537626"}],"version-history":[{"count":0,"href":"https:\/\/www.europesays.com\/fr\/wp-json\/wp\/v2\/posts\/537626\/revisions"}],"wp:featuredmedia":[{"embeddable":true,"href":"https:\/\/www.europesays.com\/fr\/wp-json\/wp\/v2\/media\/414403"}],"wp:attachment":[{"href":"https:\/\/www.europesays.com\/fr\/wp-json\/wp\/v2\/media?parent=537626"}],"wp:term":[{"taxonomy":"category","embeddable":true,"href":"https:\/\/www.europesays.com\/fr\/wp-json\/wp\/v2\/categories?post=537626"},{"taxonomy":"post_tag","embeddable":true,"href":"https:\/\/www.europesays.com\/fr\/wp-json\/wp\/v2\/tags?post=537626"}],"curies":[{"name":"wp","href":"https:\/\/api.w.org\/{rel}","templated":true}]}}