{"id":537629,"date":"2025-11-16T06:59:20","date_gmt":"2025-11-16T06:59:20","guid":{"rendered":"https:\/\/www.europesays.com\/fr\/537629\/"},"modified":"2025-11-16T06:59:20","modified_gmt":"2025-11-16T06:59:20","slug":"je-ressens-de-la-colere-un-rescape-du-bataclan-apparait-malgre-lui-dans-la-serie-des-vivants","status":"publish","type":"post","link":"https:\/\/www.europesays.com\/fr\/537629\/","title":{"rendered":"\u00ab\u00a0Je ressens de la col\u00e8re\u00a0\u00bb\u00a0: un rescap\u00e9 du Bataclan appara\u00eet malgr\u00e9 lui dans la s\u00e9rie \u00ab\u00a0Des Vivants\u00a0\u00bb"},"content":{"rendered":"<p class=\"paragraph text_align_left lp-f-body-02\">Pendant pr\u00e8s de 2 h 30, ils sont rest\u00e9s captifs de deux terroristes dans un couloir de 6,30 m de long sur 1,10 m de large. Les onze otages retenus au Bataclan la nuit du 13 novembre 2015 ont fini par \u00eatre <a href=\"https:\/\/www.leparisien.fr\/faits-divers\/13-novembre-des-rescapes-du-bataclan-appellent-a-recompenser-tous-les-agents-impliques-dans-lassaut-de-la-bri-12-11-2025-GEZADMF4GRHZLBECJLZH5TTBYU.php\" target=\"_self\" rel=\"nofollow noopener\">sauv\u00e9s par les policiers de la BRI<\/a>. La soir\u00e9e travers\u00e9e par sept d\u2019entre eux, ainsi que leur reconstruction, est racont\u00e9e dans la s\u00e9rie <a href=\"https:\/\/www.leparisien.fr\/culture-loisirs\/tv\/des-vivants-pourquoi-il-faut-absolument-regarder-cette-bouleversante-serie-sur-les-rescapes-du-bataclan-26-10-2025-7Y57IYQKZ5DHXGYDRCGJKYIJRI.php\" target=\"_self\" rel=\"nofollow noopener\">\u00ab Des Vivants \u00bb<\/a>, disponible sur <a href=\"https:\/\/www.leparisien.fr\/culture-loisirs\/tv\/deja-16-million-de-vues-des-vivants-la-serie-sur-les-otages-du-bataclan-seduit-avant-sa-diffusion-sur-france-2-03-11-2025-QETOBDYOIRDEHNKROBGSQLDR2Y.php\" target=\"_self\" rel=\"nofollow noopener\">la plate-forme de France T\u00e9l\u00e9visions<\/a>.<\/p>\n<p class=\"paragraph text_align_left lp-f-body-02\">Victor Anclin-Zanotelli a un temps appartenu \u00e0 ce qui est devenu un groupe d\u2019amis : \u00ab les potages \u00bb, contraction de \u00ab potes \u00bb et \u00ab otages \u00bb. Il raconte au <a href=\"https:\/\/www.republicain-lorrain.fr\/faits-divers-justice\/2025\/11\/12\/en-colere-ce-rescape-lorrain-du-bataclan-sort-du-silence-pour-denoncer-la-serie-tele-des-vivants\" target=\"_self\" rel=\"nofollow noopener\">R\u00e9publicain lorrain<\/a> s\u2019en \u00eatre \u00e9loign\u00e9 pour se reconstruire, dans le silence. L\u2019homme de 33 ans n\u2019a pas \u00e9t\u00e9 sollicit\u00e9 par l\u2019\u00e9quipe de tournage de la s\u00e9rie, r\u00e9alis\u00e9e par Jean-Xavier de Lestrade. Il n\u2019a pas souhait\u00e9 la regarder. Fr\u00e9d\u00e9rique, sa m\u00e8re, l\u2019a fait et a d\u00e9couvert que son fils apparaissait, malgr\u00e9 lui, dans une sc\u00e8ne qui l\u2019a traumatis\u00e9 le soir de l\u2019attentat.<\/p>\n<p class=\"paragraph text_align_left lp-f-body-02\">Ladite sc\u00e8ne se d\u00e9roule dans <a href=\"https:\/\/www.france.tv\/france-2\/des-vivants\/des-vivants-saison-1\/7666749-episode-3-les-mois-d-apres.html\" target=\"_self\" rel=\"nofollow noopener\">l\u2019\u00e9pisode 3<\/a>. Durant un moment de tension pendant la captivit\u00e9 des otages, l\u2019acteur incarnant Victor Anclin-Zanotelli esquisse un rire nerveux \u2014 c\u2019est l\u2019unique fois qu\u2019il appara\u00eet de la s\u00e9rie. \u00ab Y a quelque chose qui te fait rire toi ? Tu nous prends pas au s\u00e9rieux, c\u2019est \u00e7a ? \u00bb lui lance le terroriste. Ce dernier contraint le jeune homme \u00e0 se mettre \u00e0 distance. Il l\u00e8ve ensuite son arme et fait mine de l\u2019ex\u00e9cuter en tirant dans le mur. Et le terroriste de lancer \u00e0 l\u2019otage en larmes : \u00ab Tu me prends au s\u00e9rieux maintenant ? \u00bb<\/p>\n<p class=\"paragraph text_align_left lp-f-body-02\">\u00ab Cette sc\u00e8ne insoutenable est d\u00e9sormais grav\u00e9e en images et Victor se retrouve pi\u00e9g\u00e9 \u00e0 nouveau dans son traumatisme, sans avoir \u00e9t\u00e9 pr\u00e9venu, sans avoir pu donner son avis, sans avoir \u00e9t\u00e9 accompagn\u00e9 \u00bb, fustige Fr\u00e9d\u00e9rique, la m\u00e8re de Victor Anclin-Zanotelli dans les colonnes du R\u00e9publicain lorrain.<\/p>\n<p class=\"paragraph text_align_left lp-f-body-02\">\u00ab Je ne peux pas laisser passer \u00e7a \u00bb, appuie le jeune homme, aujourd\u2019hui install\u00e9 \u00e0 Lyon (Rh\u00f4ne). \u00ab Je veux que ces pratiques soient connues. Je ressens de la col\u00e8re envers la production et le r\u00e9alisateur d\u2019avoir utilis\u00e9 mon personnage pour faire du sensationnel. Je me sens manipul\u00e9 et mis devant le fait accompli. On m\u2019impose \u00e7a alors que j\u2019ai toujours cherch\u00e9 \u00e0 en \u00eatre loin. \u00bb<\/p>\n<p class=\"paragraph text_align_left lp-f-body-02\">P\u00eale-m\u00eale, Victor Anclin-Zanotelli accuse la s\u00e9rie \u00ab de faire de l\u2019argent et du voyeurisme sur le malheur des gens \u00bb et de franchir les limites de la moralit\u00e9. Celui qui ressent \u00ab de la d\u00e9ception, voire de la trahison \u00bb vis-\u00e0-vis des \u00ab potages \u00bb n\u2019exclut pas une action en justice.<\/p>\n<p>\u00ab Elle est publique cette sc\u00e8ne \u00bb<\/p>\n<p class=\"paragraph text_align_left lp-f-body-02\">Contact\u00e9 par Fr\u00e9d\u00e9rique ainsi que par le quotidien r\u00e9gional, Jean-Xavier de Lestrade reconna\u00eet qu\u2019une erreur a \u00e9t\u00e9 commise. Le jeune homme aurait d\u00fb \u00eatre pr\u00e9venu. \u00ab Lundi, j\u2019ai \u00e9crit un courrier d\u2019excuses \u00e0 Victor. Je fabrique des images impactantes et je me mets \u00e0 la place des victimes. Nous n\u2019avons d\u2019ailleurs pas d\u00e9voil\u00e9 son identit\u00e9 \u00bb, souligne-t-il.<\/p>\n<p class=\"paragraph text_align_left lp-f-body-02\">Le r\u00e9alisateur de <a href=\"https:\/\/www.leparisien.fr\/culture-loisirs\/series\/sambre-sur-france-2-plongee-dans-les-souvenirs-de-franck-martins-qui-a-arrete-le-vrai-violeur-27-11-2023-FPDRE5QCNBDO3EHFDKAOYR34BA.php\" target=\"_self\" rel=\"nofollow noopener\">\u00ab Sambre \u00bb<\/a> nie toute volont\u00e9 sensationnaliste derri\u00e8re cette sc\u00e8ne. \u00ab Cela en aurait \u00e9t\u00e9 si cette dramaturgie n\u2019avait pas exist\u00e9. Si je ne montre pas \u00e7a et l\u2019assaut, je ne fais pas de film. Cet acte de pure barbarie, subi par Victor et tous les otages, est fondateur. Tout le monde me l\u2019a racont\u00e9. Elle est publique cette sc\u00e8ne. C\u2019est le moment o\u00f9 l\u2019humanit\u00e9 des otages est arrach\u00e9e. Si on masque cela au nom de la protection des victimes, on ne les comprend pas \u00bb, argumente-t-il.<\/p>\n<p class=\"title-embed-dailymotion lp-color-text lp-f-subtitle-04\">Vid\u00e9oUne fresque en hommage aux policiers du 13 Novembre<\/p>\n<p class=\"paragraph text_align_left lp-f-body-02\">Si Victor Anclin-Zanotelli souhaite que la sc\u00e8ne soit retir\u00e9e de l\u2019\u00e9pisode, Jean-Xavier de Lestrade ne compte pas acc\u00e9der \u00e0 sa demande. \u00ab Au nom de quel principe ? C\u2019est la v\u00e9rit\u00e9, l\u2019histoire. On ne va pas la transformer. Sinon, on arr\u00eate de faire des films. \u00bb \u00ab Certainement qu\u2019il y aurait d\u00fb y avoir un travail pr\u00e9paratoire \u00bb, conc\u00e8de l\u2019homme de cin\u00e9ma. \u00ab Ma conviction, c\u2019est que cela va aider ceux qui l\u2019entourent \u00e0 mieux le comprendre et l\u2019aider \u00bb, assure-t-il enfin, disant esp\u00e9rer une rencontre avec Victor Anclin-Zanotelli.<\/p>\n<p class=\"paragraph text_align_left lp-f-body-02\">Jean-Xavier de Lestrade s\u2019est \u00e9galement entretenu r\u00e9cemment avec <a href=\"https:\/\/www.leparisien.fr\/faits-divers\/dix-ans-du-13-novembre-arthur-denouveaux-le-survivant-qui-voulait-prendre-sa-retraite-de-victime-13-11-2025-Y4ZSDWJ2PBDSJFIYIYHM6OIZRQ.php\" target=\"_self\" rel=\"nofollow noopener\">Arthur D\u00e9nouveaux<\/a>, lui aussi rescap\u00e9 du Bataclan. Le pr\u00e9sident de l\u2019association Life for Paris, qui n\u2019a pas non plus souhait\u00e9 regarder la s\u00e9rie, regrettait que des sc\u00e8nes aient \u00e9t\u00e9 tourn\u00e9es au Bataclan et qu\u2019elles aient servi \u00e0 faire la promotion de la s\u00e9rie. Le tout en assurant accepter que la fiction s\u2019empare du 13 Novembre, dix ans apr\u00e8s.<\/p>\n","protected":false},"excerpt":{"rendered":"Pendant pr\u00e8s de 2 h 30, ils sont rest\u00e9s captifs de deux terroristes dans un couloir de 6,30&hellip;\n","protected":false},"author":2,"featured_media":537630,"comment_status":"","ping_status":"","sticky":false,"template":"","format":"standard","meta":{"footnotes":""},"categories":[1888],"tags":[1111,1928,11,1927,872,1777,674,118,1011,27,12,1926,626,1925,25,1314],"class_list":{"0":"post-537629","1":"post","2":"type-post","3":"status-publish","4":"format-standard","5":"has-post-thumbnail","7":"category-paris","8":"tag-actu","9":"tag-actu-paris","10":"tag-actualites","11":"tag-actualites-paris","12":"tag-culture-et-loisirs","13":"tag-eu","14":"tag-europe","15":"tag-faits-divers","16":"tag-fr","17":"tag-france","18":"tag-news","19":"tag-news-paris","20":"tag-paris","21":"tag-paris-news","22":"tag-republique-francaise","23":"tag-series"},"share_on_mastodon":{"url":"https:\/\/pubeurope.com\/@fr\/115558086364100280","error":""},"_links":{"self":[{"href":"https:\/\/www.europesays.com\/fr\/wp-json\/wp\/v2\/posts\/537629","targetHints":{"allow":["GET"]}}],"collection":[{"href":"https:\/\/www.europesays.com\/fr\/wp-json\/wp\/v2\/posts"}],"about":[{"href":"https:\/\/www.europesays.com\/fr\/wp-json\/wp\/v2\/types\/post"}],"author":[{"embeddable":true,"href":"https:\/\/www.europesays.com\/fr\/wp-json\/wp\/v2\/users\/2"}],"replies":[{"embeddable":true,"href":"https:\/\/www.europesays.com\/fr\/wp-json\/wp\/v2\/comments?post=537629"}],"version-history":[{"count":0,"href":"https:\/\/www.europesays.com\/fr\/wp-json\/wp\/v2\/posts\/537629\/revisions"}],"wp:featuredmedia":[{"embeddable":true,"href":"https:\/\/www.europesays.com\/fr\/wp-json\/wp\/v2\/media\/537630"}],"wp:attachment":[{"href":"https:\/\/www.europesays.com\/fr\/wp-json\/wp\/v2\/media?parent=537629"}],"wp:term":[{"taxonomy":"category","embeddable":true,"href":"https:\/\/www.europesays.com\/fr\/wp-json\/wp\/v2\/categories?post=537629"},{"taxonomy":"post_tag","embeddable":true,"href":"https:\/\/www.europesays.com\/fr\/wp-json\/wp\/v2\/tags?post=537629"}],"curies":[{"name":"wp","href":"https:\/\/api.w.org\/{rel}","templated":true}]}}