{"id":537635,"date":"2025-11-16T07:03:12","date_gmt":"2025-11-16T07:03:12","guid":{"rendered":"https:\/\/www.europesays.com\/fr\/537635\/"},"modified":"2025-11-16T07:03:12","modified_gmt":"2025-11-16T07:03:12","slug":"lukraine-cherche-a-echanger-1-200-prisonniers-avec-la-russie","status":"publish","type":"post","link":"https:\/\/www.europesays.com\/fr\/537635\/","title":{"rendered":"L&rsquo;Ukraine cherche \u00e0 \u00e9changer 1 200 prisonniers avec la Russie"},"content":{"rendered":"<p>L&rsquo;Ukraine s&rsquo;efforce de relancer les \u00e9changes de prisonniers avec la Russie, dans l&rsquo;espoir d&rsquo;obtenir la lib\u00e9ration de 1 200 Ukrainiens, ont d\u00e9clar\u00e9 le pr\u00e9sident Volodymyr Zelensky et le chef de son Conseil de s\u00e9curit\u00e9.<\/p>\n<p>\u00ab Nous comptons&#8230; sur la reprise des \u00e9changes \u00bb, a affirm\u00e9 Zelensky dans une vid\u00e9o publi\u00e9e dimanche sur l&rsquo;application de messagerie Telegram. \u00ab De nombreuses r\u00e9unions, n\u00e9gociations et appels y sont actuellement consacr\u00e9s. \u00bb<\/p>\n<p>Son chef de la s\u00e9curit\u00e9, Rustem Oumerov, a indiqu\u00e9 samedi avoir men\u00e9 des consultations en Turquie et aux \u00c9mirats arabes unis, avec le soutien des partenaires de Kyiv, afin de relancer le processus d&rsquo;\u00e9changes.<\/p>\n<p>\u00ab \u00c0 l&rsquo;issue de ces n\u00e9gociations, les parties ont convenu de revenir aux accords d&rsquo;Istanbul \u00bb, a-t-il pr\u00e9cis\u00e9. \u00ab Cela concerne la lib\u00e9ration de 1 200 Ukrainiens \u00bb, a ajout\u00e9 Oumerov dans un communiqu\u00e9 publi\u00e9 sur Telegram.<\/p>\n<p>Moscou n&rsquo;a pas r\u00e9agi dans l&rsquo;imm\u00e9diat aux d\u00e9clarations de l&rsquo;Ukraine.<\/p>\n<p>Les accords d&rsquo;Istanbul sont des ententes sur l&rsquo;\u00e9change de prisonniers, n\u00e9goci\u00e9es sous m\u00e9diation turque en 2022, qui d\u00e9finissent les r\u00e8gles pour des \u00e9changes importants et coordonn\u00e9s entre la Russie et l&rsquo;Ukraine.<\/p>\n<p>Depuis lors, les deux pays ont proc\u00e9d\u00e9 \u00e0 l&rsquo;\u00e9change de milliers de prisonniers, bien que ces op\u00e9rations aient \u00e9t\u00e9 sporadiques et souvent interrompues par l&rsquo;escalade des combats sur le front dans la guerre d\u00e9clench\u00e9e par la Russie contre l&rsquo;Ukraine en f\u00e9vrier 2022.<\/p>\n<p>Oumerov a pr\u00e9cis\u00e9 que de nouvelles consultations auraient lieu prochainement afin de d\u00e9terminer les modalit\u00e9s proc\u00e9durales et organisationnelles du processus.<\/p>\n<p>\u00ab Nous travaillons sans rel\u00e2che pour que les Ukrainiens qui doivent rentrer de captivit\u00e9 puissent c\u00e9l\u00e9brer le Nouvel An et No\u00ebl chez eux &#8211; autour de la table familiale et avec leurs proches \u00bb, a-t-il d\u00e9clar\u00e9.<\/p>\n<p>(Reportage de Lidia Kelly \u00e0 Melbourne ; \u00e9dition par William Mallard)<\/p>\n","protected":false},"excerpt":{"rendered":"L&rsquo;Ukraine s&rsquo;efforce de relancer les \u00e9changes de prisonniers avec la Russie, dans l&rsquo;espoir d&rsquo;obtenir la lib\u00e9ration de 1&hellip;\n","protected":false},"author":2,"featured_media":537636,"comment_status":"","ping_status":"","sticky":false,"template":"","format":"standard","meta":{"footnotes":""},"categories":[1591],"tags":[11,340,1887,12,1885,1886,132],"class_list":{"0":"post-537635","1":"post","2":"type-post","3":"status-publish","4":"format-standard","5":"has-post-thumbnail","7":"category-russie","8":"tag-actualites","9":"tag-bourse","10":"tag-federation-de-russie","11":"tag-news","12":"tag-russia","13":"tag-russian-federation","14":"tag-russie"},"share_on_mastodon":{"url":"https:\/\/pubeurope.com\/@fr\/115558102066415988","error":""},"_links":{"self":[{"href":"https:\/\/www.europesays.com\/fr\/wp-json\/wp\/v2\/posts\/537635","targetHints":{"allow":["GET"]}}],"collection":[{"href":"https:\/\/www.europesays.com\/fr\/wp-json\/wp\/v2\/posts"}],"about":[{"href":"https:\/\/www.europesays.com\/fr\/wp-json\/wp\/v2\/types\/post"}],"author":[{"embeddable":true,"href":"https:\/\/www.europesays.com\/fr\/wp-json\/wp\/v2\/users\/2"}],"replies":[{"embeddable":true,"href":"https:\/\/www.europesays.com\/fr\/wp-json\/wp\/v2\/comments?post=537635"}],"version-history":[{"count":0,"href":"https:\/\/www.europesays.com\/fr\/wp-json\/wp\/v2\/posts\/537635\/revisions"}],"wp:featuredmedia":[{"embeddable":true,"href":"https:\/\/www.europesays.com\/fr\/wp-json\/wp\/v2\/media\/537636"}],"wp:attachment":[{"href":"https:\/\/www.europesays.com\/fr\/wp-json\/wp\/v2\/media?parent=537635"}],"wp:term":[{"taxonomy":"category","embeddable":true,"href":"https:\/\/www.europesays.com\/fr\/wp-json\/wp\/v2\/categories?post=537635"},{"taxonomy":"post_tag","embeddable":true,"href":"https:\/\/www.europesays.com\/fr\/wp-json\/wp\/v2\/tags?post=537635"}],"curies":[{"name":"wp","href":"https:\/\/api.w.org\/{rel}","templated":true}]}}