{"id":537639,"date":"2025-11-16T07:05:12","date_gmt":"2025-11-16T07:05:12","guid":{"rendered":"https:\/\/www.europesays.com\/fr\/537639\/"},"modified":"2025-11-16T07:05:12","modified_gmt":"2025-11-16T07:05:12","slug":"lequipe-de-france-qualifiee-pour-la-coupe-du-monde-aux-etats-unis-la-revanche-de-didier-deschamps","status":"publish","type":"post","link":"https:\/\/www.europesays.com\/fr\/537639\/","title":{"rendered":"L&rsquo;\u00e9quipe de France qualifi\u00e9e pour la Coupe du monde aux \u00c9tats-Unis, la revanche de Didier Deschamps"},"content":{"rendered":"<p class=\"intro \">M\u00eame si l&rsquo;enjeu a disparu depuis la victoire contre l&rsquo;Ukraine, l&rsquo;\u00e9quipe de France de football affronte l&rsquo;Azerba\u00efdjan pour son dernier match de qualification pour la Coupe du monde 2026. Les Fran\u00e7ais sont assur\u00e9s de finir en t\u00eate de leur groupe et de voir l&rsquo;Am\u00e9rique l&rsquo;\u00e9t\u00e9 prochain. Une revanche pour le s\u00e9lectionneur, Didier Deschamps. <\/p>\n<p>Depuis ce jeudi 13 novembre, l&rsquo;\u00e9quipe de France de football a valid\u00e9 son ticket pour la <a href=\"https:\/\/www.europe1.fr\/sport\/mondial-2026-cette-regle-qui-pourrait-empecher-cristiano-ronaldo-de-jouer-les-premiers-matchs-de-la-coupe-du-monde-871387\" target=\"_blank\" rel=\"nofollow noopener\">Coupe du monde 2026<\/a> qui se d\u00e9roulera aux \u00c9tats-Unis, au Canada et au Mexique. Il reste un dernier match \u00e0 disputer pour les hommes de <a href=\"https:\/\/www.europe1.fr\/dossiers\/didier-deschamps\" target=\"_blank\" rel=\"nofollow noopener\">Didier Deschamps<\/a>, contre l&rsquo;Azerba\u00efdjan ce dimanche, \u00e0 18 heures. Une revanche pour le s\u00e9lectionneur.\u00a0<\/p>\n<p>    La suite apr\u00e8s cette publicit\u00e9<\/p>\n<p>    La suite apr\u00e8s cette publicit\u00e9<\/p>\n<p>\u00ab\u00a0Je n&rsquo;ai pas eu l&rsquo;occasion de voir l&rsquo;Am\u00e9rique quand j&rsquo;\u00e9tais joueur. Donc beaucoup de fiert\u00e9\u00a0\u00bb<\/p>\n<p>Car le 17 novembre 1993, au Parc des Princes, le r\u00eave am\u00e9ricain de Didier Deschamps se transforme en cauchemar. Lui qui \u00e9tait titulaire lors de la d\u00e9faite face \u00e0 la Bulgarie, synonyme de non-qualification pour la Coupe du monde 1994 aux \u00c9tats-Unis.\u00a0<\/p>\n<p>L&rsquo;ancien capitaine de l&rsquo;<a href=\"https:\/\/www.europe1.fr\/dossiers\/equipe-de-france\" target=\"_blank\" rel=\"nofollow noopener\">\u00e9quipe de France<\/a> y a fait r\u00e9f\u00e9rence en conf\u00e9rence de presse : \u00ab\u00a0Je n&rsquo;ai pas eu l&rsquo;occasion de voir l&rsquo;Am\u00e9rique quand j&rsquo;\u00e9tais joueur. Donc, il y a beaucoup de fiert\u00e9 (\u00e0 y aller en tant qu&rsquo;entra\u00eeneur ndlr), bien \u00e9videmment. Je ne suis pas un grand expressif, je le reconnais. Oui, j&rsquo;appr\u00e9cie, il faut appr\u00e9cier ses moments-l\u00e0. On y sera\u00a0\u00bb.\u00a0<\/p>\n<p>    La suite apr\u00e8s cette publicit\u00e9<\/p>\n<p>    La suite apr\u00e8s cette publicit\u00e9<\/p>\n<p>Depuis sa nomination en 2012 \u00e0 la t\u00eate des Bleus, son bilan est irr\u00e9prochable dans les comp\u00e9titions internationales. Sept tentatives pour sept qualifications, un sans-faute donc. Apr\u00e8s 14 ann\u00e9es pass\u00e9es \u00e0 la t\u00eate de l&rsquo;\u00e9quipe de France, le plus long mandat de l&rsquo;histoire de la s\u00e9lection, Didier Deschamps passera la main, probablement \u00e0 l&rsquo;ic\u00f4ne Zinedine Zidane, grandissime favori pour lui succ\u00e9der.\u00a0<\/p>\n<p>Mais d&rsquo;ici l\u00e0, Deschamps n&rsquo;a qu&rsquo;un objectif : offrir \u00e0 la France une troisi\u00e8me \u00e9toile et sceller d\u00e9finitivement sa l\u00e9gende dans le football tricolore.\u00a0<\/p>\n","protected":false},"excerpt":{"rendered":"M\u00eame si l&rsquo;enjeu a disparu depuis la victoire contre l&rsquo;Ukraine, l&rsquo;\u00e9quipe de France de football affronte l&rsquo;Azerba\u00efdjan pour&hellip;\n","protected":false},"author":2,"featured_media":537640,"comment_status":"","ping_status":"","sticky":false,"template":"","format":"standard","meta":{"footnotes":""},"categories":[1589],"tags":[11,73,1866,12,1864,1865,1863,308],"class_list":{"0":"post-537639","1":"post","2":"type-post","3":"status-publish","4":"format-standard","5":"has-post-thumbnail","7":"category-etats-unis","8":"tag-actualites","9":"tag-etats-unis","10":"tag-etats-unis-damerique","11":"tag-news","12":"tag-united-states","13":"tag-united-states-of-america","14":"tag-us","15":"tag-usa"},"share_on_mastodon":{"url":"https:\/\/pubeurope.com\/@fr\/115558109876173874","error":""},"_links":{"self":[{"href":"https:\/\/www.europesays.com\/fr\/wp-json\/wp\/v2\/posts\/537639","targetHints":{"allow":["GET"]}}],"collection":[{"href":"https:\/\/www.europesays.com\/fr\/wp-json\/wp\/v2\/posts"}],"about":[{"href":"https:\/\/www.europesays.com\/fr\/wp-json\/wp\/v2\/types\/post"}],"author":[{"embeddable":true,"href":"https:\/\/www.europesays.com\/fr\/wp-json\/wp\/v2\/users\/2"}],"replies":[{"embeddable":true,"href":"https:\/\/www.europesays.com\/fr\/wp-json\/wp\/v2\/comments?post=537639"}],"version-history":[{"count":0,"href":"https:\/\/www.europesays.com\/fr\/wp-json\/wp\/v2\/posts\/537639\/revisions"}],"wp:featuredmedia":[{"embeddable":true,"href":"https:\/\/www.europesays.com\/fr\/wp-json\/wp\/v2\/media\/537640"}],"wp:attachment":[{"href":"https:\/\/www.europesays.com\/fr\/wp-json\/wp\/v2\/media?parent=537639"}],"wp:term":[{"taxonomy":"category","embeddable":true,"href":"https:\/\/www.europesays.com\/fr\/wp-json\/wp\/v2\/categories?post=537639"},{"taxonomy":"post_tag","embeddable":true,"href":"https:\/\/www.europesays.com\/fr\/wp-json\/wp\/v2\/tags?post=537639"}],"curies":[{"name":"wp","href":"https:\/\/api.w.org\/{rel}","templated":true}]}}