{"id":537647,"date":"2025-11-16T07:09:12","date_gmt":"2025-11-16T07:09:12","guid":{"rendered":"https:\/\/www.europesays.com\/fr\/537647\/"},"modified":"2025-11-16T07:09:12","modified_gmt":"2025-11-16T07:09:12","slug":"crypto-lunion-europeenne-veut-centraliser-la-surveillance-des-exchanges","status":"publish","type":"post","link":"https:\/\/www.europesays.com\/fr\/537647\/","title":{"rendered":"Crypto : L\u2019Union europ\u00e9enne veut centraliser la surveillance des exchanges"},"content":{"rendered":"<p data-beyondwords-marker=\"e8ef4d68-7483-465c-858e-99eccac329c9\" class=\"has-medium-font-size\">La fin du pouvoir de d\u00e9cision national ?\u00a0L\u2019<strong>Union europ\u00e9enne <\/strong>(UE) souhaite renforcer son contr\u00f4le sur les entreprises de cryptomonnaies en <strong>centralisant la surveillance<\/strong> des exchanges. Cette initiative, <strong><a href=\"https:\/\/journalducoin.com\/actualites\/banque-de-france-veut-renforcer-surveillance-entreprises-crypto-europe\/\" target=\"_blank\" rel=\"noreferrer noopener follow\" data-wpel-link=\"internal\" class=\"plausible-event-name=Liens+internes\">pouss\u00e9e \u00e9galement par la Banque de France<\/a><\/strong>, vise \u00e0 <strong>d\u00e9l\u00e9guer<\/strong> la r\u00e9gulation des crypto-bourses \u00e0 l\u2019Autorit\u00e9 europ\u00e9enne des march\u00e9s financiers (<strong>ESMA<\/strong>), plut\u00f4t que de laisser les r\u00e9gulateurs nationaux d\u00e9cid\u00e9s. Cette \u00e9ni\u00e8me centralisation, et la <strong>perte de souverainet\u00e9<\/strong> qu\u2019elle sous-entend, suscitent des inqui\u00e9tudes quant \u00e0 l\u2019innovation et \u00e0 la comp\u00e9titivit\u00e9 du secteur crypto europ\u00e9en, notamment face aux \u00c9tats-Unis, o\u00f9 les r\u00e9gulations sont plus souples et plus claires.<\/p>\n<p><strong style=\"font-size: 18px\">Les points cl\u00e9s de cet article :<\/strong><\/p>\n<ul style=\"font-size: 18px\">\n<li>L\u2019Union europ\u00e9enne envisage de centraliser la surveillance des entreprises de cryptomonnaies en confiant ce r\u00f4le \u00e0 l\u2019Autorit\u00e9 europ\u00e9enne des march\u00e9s financiers.<\/li>\n<p><\/p>\n<li>Cette initiative a suscit\u00e9 des inqui\u00e9tudes quant \u00e0 l\u2019innovation et la comp\u00e9titivit\u00e9 du secteur crypto en Europe, face \u00e0 des r\u00e9gulations plus souples aux \u00c9tats-Unis.<\/li>\n<\/ul>\n<p>Une surveillance accrue par une r\u00e9gulation hyper-centralis\u00e9e et supranationale<\/p>\n<p data-beyondwords-marker=\"4456a3a9-29a6-438e-b901-72c0a53e419a\">Selon une r\u00e9cente <a href=\"https:\/\/www.bloomberg.com\/news\/articles\/2025-11-14\/eu-pushes-to-centralize-oversight-of-region-s-crypto-businesses\" target=\"_blank\" rel=\"noreferrer noopener nofollow\" data-wpel-link=\"external\">publication<\/a> de Bloomberg, l\u2019<strong>Union europ\u00e9enne<\/strong> envisage de confier \u00e0 l\u2019<strong>Autorit\u00e9 europ\u00e9enne des march\u00e9s financiers<\/strong> le r\u00f4le de <strong>superviseur unique<\/strong> pour les plateformes d\u2019\u00e9change de cryptomonnaies op\u00e9rant au sein des pays membres.<\/p>\n<p data-beyondwords-marker=\"ca935e50-2a4d-4c42-bee1-0a74c28583e4\">Actuellement, avec l\u2019arriv\u00e9e du r\u00e8glement <strong>MiCA<\/strong> (Markets in Crypto-Assets), <strong>chaque r\u00e9gulateur national<\/strong> avait le droit souverain de d\u00e9cider ou non d\u2019accorder une licence \u00e0 une entreprise crypto.<\/p>\n<p data-beyondwords-marker=\"b77f92ce-1410-4902-a17f-670a80347494\">Mais la Commission de Bruxelles veut donc d\u00e9j\u00e0 tout rechambouler, pour <strong>imposer l\u2019ESMA<\/strong> comme <strong>superviseur direct<\/strong> de tous les prestataires de services li\u00e9s aux crypto-actifs, qui serait \u00e9galement charg\u00e9 d\u2019autoriser ou non les <strong>nouvelles entreprises<\/strong>.<\/p>\n<p>Des pr\u00e9occupations sur l\u2019innovation et la comp\u00e9titivit\u00e9 crypto en Europe<\/p>\n<p data-beyondwords-marker=\"0bf04a0b-a1aa-4ea8-b3e1-b841ff4f63f4\">Comme le signale <strong>Robert Kopitsch<\/strong>, secr\u00e9taire g\u00e9n\u00e9ral de Blockchain for Europe cit\u00e9 par Bloomberg, cette exigence de la Commission europ\u00e9enne pourrait cr\u00e9er de l\u2019<strong>incertitude<\/strong>, du <strong>flou<\/strong>, et donc de l\u2019<strong>inqui\u00e9tude<\/strong> pour le <strong><a href=\"https:\/\/journalducoin.com\/actualites\/mica-cadre-reglementaire-europeen-favorise-exchanges-crypto-plus-riches\/\" target=\"_blank\" rel=\"noreferrer noopener follow\" data-wpel-link=\"internal\" class=\"plausible-event-name=Liens+internes\">secteur crypto en Europe, qui croule d\u00e9j\u00e0 sous les d\u00e9penses dues aux complexes obligations de conformit\u00e9<\/a><\/strong>.<\/p>\n<blockquote data-beyondwords-marker=\"bcc63efb-3497-4f95-a7fc-96950e5ea2aa\" class=\"wp-block-quote is-layout-flow wp-block-quote-is-layout-flow\">\n<p data-beyondwords-marker=\"09593fd3-b24a-4f6e-882d-27a1bbf41e4c\"><strong>\u00ab\u00a0La r\u00e9ouverture du dossier MiCA \u00e0 ce stade introduirait une incertitude juridique, risquerait de retarder les processus d\u2019autorisation, et d\u00e9tournerait l\u2019attention et les ressources de la t\u00e2che pratique consistant \u00e0 assurer une mise en \u0153uvre coh\u00e9rente [de MiCA].\u00a0\u00bb<\/strong><\/p>\n<p>Robert Kopitsch, secr\u00e9taire g\u00e9n\u00e9ral de Blockchain for Europe<\/p><\/blockquote>\n<p data-beyondwords-marker=\"03441ef7-d5ad-477a-86fd-a0c85b13e6e8\" class=\"has-medium-font-size\">Cette centralisation, qui a \u00e9t\u00e9 \u00ab\u00a0<strong>d\u00e9fendue avec le plus d\u2019enthousiasme par la France<\/strong>\u00a0\u00bb comme l\u2019explique Bloomberg, entra\u00eenerait donc \u00e9galement une importante <strong>d\u00e9possession de souverainet\u00e9 nationale<\/strong> suppl\u00e9mentaire, en plus de <strong>l\u2019incertitude r\u00e9glementaire<\/strong>. En contraste, les <strong>\u00c9tats-Unis<\/strong> adoptent une approche beaucoup plus favorable, et apportent r\u00e9guli\u00e8rement de la <strong>clart\u00e9 r\u00e9glementaire<\/strong> au secteur, comme encore r\u00e9cemment <strong><a href=\"https:\/\/journalducoin.com\/actualites\/cryptos-quels-tokens-valeurs-mobilieres-securities-patron-sec-paul-atkins-repond\/\" target=\"_blank\" rel=\"noreferrer noopener follow\" data-wpel-link=\"internal\" class=\"plausible-event-name=Liens+internes\">Paul Atkins, pr\u00e9sident de la SEC, qui a clairement d\u00e9fini les cryptos pouvant \u00eatre consid\u00e9r\u00e9s comme des securities<\/a><\/strong> (valeurs mobili\u00e8res).<\/p>\n","protected":false},"excerpt":{"rendered":"La fin du pouvoir de d\u00e9cision national ?\u00a0L\u2019Union europ\u00e9enne (UE) souhaite renforcer son contr\u00f4le sur les entreprises de&hellip;\n","protected":false},"author":2,"featured_media":452676,"comment_status":"","ping_status":"","sticky":false,"template":"","format":"standard","meta":{"footnotes":""},"categories":[1586],"tags":[11,1777,674,1779,1011,27,12,14444,25,1778,364],"class_list":{"0":"post-537647","1":"post","2":"type-post","3":"status-publish","4":"format-standard","5":"has-post-thumbnail","7":"category-europe","8":"tag-actualites","9":"tag-eu","10":"tag-europe","11":"tag-european-union","12":"tag-fr","13":"tag-france","14":"tag-news","15":"tag-regulation-cryptomonnaie","16":"tag-republique-francaise","17":"tag-ue","18":"tag-union-europeenne"},"share_on_mastodon":{"url":"https:\/\/pubeurope.com\/@fr\/115558125672517184","error":""},"_links":{"self":[{"href":"https:\/\/www.europesays.com\/fr\/wp-json\/wp\/v2\/posts\/537647","targetHints":{"allow":["GET"]}}],"collection":[{"href":"https:\/\/www.europesays.com\/fr\/wp-json\/wp\/v2\/posts"}],"about":[{"href":"https:\/\/www.europesays.com\/fr\/wp-json\/wp\/v2\/types\/post"}],"author":[{"embeddable":true,"href":"https:\/\/www.europesays.com\/fr\/wp-json\/wp\/v2\/users\/2"}],"replies":[{"embeddable":true,"href":"https:\/\/www.europesays.com\/fr\/wp-json\/wp\/v2\/comments?post=537647"}],"version-history":[{"count":0,"href":"https:\/\/www.europesays.com\/fr\/wp-json\/wp\/v2\/posts\/537647\/revisions"}],"wp:featuredmedia":[{"embeddable":true,"href":"https:\/\/www.europesays.com\/fr\/wp-json\/wp\/v2\/media\/452676"}],"wp:attachment":[{"href":"https:\/\/www.europesays.com\/fr\/wp-json\/wp\/v2\/media?parent=537647"}],"wp:term":[{"taxonomy":"category","embeddable":true,"href":"https:\/\/www.europesays.com\/fr\/wp-json\/wp\/v2\/categories?post=537647"},{"taxonomy":"post_tag","embeddable":true,"href":"https:\/\/www.europesays.com\/fr\/wp-json\/wp\/v2\/tags?post=537647"}],"curies":[{"name":"wp","href":"https:\/\/api.w.org\/{rel}","templated":true}]}}