{"id":537651,"date":"2025-11-16T07:12:22","date_gmt":"2025-11-16T07:12:22","guid":{"rendered":"https:\/\/www.europesays.com\/fr\/537651\/"},"modified":"2025-11-16T07:12:22","modified_gmt":"2025-11-16T07:12:22","slug":"choose-france-un-sommet-pour-reconcilier-entreprises-et-politiques","status":"publish","type":"post","link":"https:\/\/www.europesays.com\/fr\/537651\/","title":{"rendered":"Choose France, un sommet pour r\u00e9concilier entreprises et politiques"},"content":{"rendered":"<p>Pour le lancement<strong> <\/strong>de la 14e \u00e9dition de la Semaine de l\u2019industrie lundi 17 novembre, l\u2019\u00c9lys\u00e9e a voulu marquer le coup. Organiser un sommet \u00e9conomique <a href=\"https:\/\/www.google.com\/url?client=internal-element-cse&amp;cx=7224492ce357c42ad&amp;q=https:\/\/www.latribune.fr\/economie\/france\/choose-france-macron-en-vrp-de-la-politique-de-l-offre-face-a-200-grands-patrons-1025357.html&amp;sa=U&amp;ved=2ahUKEwjp0N3D3PSQAxVVdqQEHcPwDpUQFnoECAUQAg&amp;usg=AOvVaw2okyVo1FxYvi9K2s0YGNlK&amp;fexp=73177438,73177439\" target=\"_blank\" rel=\"noopener\">Choose France<\/a> pour mettre en lumi\u00e8re les entreprises strictement fran\u00e7aises qui d\u00e9cident d\u2019investir et de produire dans l\u2019Hexagone. \u00ab\u202fIl s\u2019agit de c\u00e9l\u00e9brer la France qui r\u00e9ussit dans tous les secteurs de l\u2019\u00e9conomie, et les secteurs strat\u00e9giques en particulier, \u00e0 savoir la d\u00e9fense, l\u2019a\u00e9ronautique et l\u2019\u00e9nergie. Ce sera aussi la c\u00e9l\u00e9bration des investissements des entreprises et pas seulement des grands groupes\u202f\u00bb, promet l\u2019\u00c9lys\u00e9e.<\/p>\n<p>En soi, la formule n\u2019est pas nouvelle. Depuis 2018, Emmanuel Macron r\u00e9unit \u00e0 Versailles, tous les ans, <a href=\"https:\/\/www.google.com\/url?client=internal-element-cse&amp;cx=7224492ce357c42ad&amp;q=https:\/\/www.latribune.fr\/economie\/france\/choose-france-ces-patrons-qui-seront-presents-a-l-evenement-1025174.html&amp;sa=U&amp;ved=2ahUKEwjp0N3D3PSQAxVVdqQEHcPwDpUQFnoECAoQAg&amp;usg=AOvVaw25hawIU0pfRPRPgPW2njMw&amp;fexp=73177438,73177439\" target=\"_blank\" rel=\"noopener\">les patrons de grandes entreprises<\/a> \u00e9trang\u00e8res et investisseurs internationaux pour attirer des investissements sur le sol fran\u00e7ais. Ce sont ainsi plusieurs milliards d\u2019euros qui sont capt\u00e9s chaque ann\u00e9e par l\u2019\u00e9conomie tricolore. De quoi se targuer d\u2019\u00eatre le premier europ\u00e9en en nombre d\u2019investissements \u00e9trangers, bien que l\u2019\u00e9cart avec d\u2019autres pays voisins se r\u00e9duit ann\u00e9e apr\u00e8s ann\u00e9e.<\/p>\n","protected":false},"excerpt":{"rendered":"Pour le lancement de la 14e \u00e9dition de la Semaine de l\u2019industrie lundi 17 novembre, l\u2019\u00c9lys\u00e9e a voulu&hellip;\n","protected":false},"author":2,"featured_media":537652,"comment_status":"","ping_status":"","sticky":false,"template":"","format":"standard","meta":{"footnotes":""},"categories":[4],"tags":[17,11,22295,313,1011,27,3102,12,11480,65654,25,2764],"class_list":{"0":"post-537651","1":"post","2":"type-post","3":"status-publish","4":"format-standard","5":"has-post-thumbnail","7":"category-france","8":"tag-17","9":"tag-actualites","10":"tag-choose","11":"tag-entreprises","12":"tag-fr","13":"tag-france","14":"tag-la-tribune-dimanche","15":"tag-news","16":"tag-politiques","17":"tag-reconcilier","18":"tag-republique-francaise","19":"tag-sommet"},"share_on_mastodon":{"url":"https:\/\/pubeurope.com\/@fr\/115558137441948244","error":""},"_links":{"self":[{"href":"https:\/\/www.europesays.com\/fr\/wp-json\/wp\/v2\/posts\/537651","targetHints":{"allow":["GET"]}}],"collection":[{"href":"https:\/\/www.europesays.com\/fr\/wp-json\/wp\/v2\/posts"}],"about":[{"href":"https:\/\/www.europesays.com\/fr\/wp-json\/wp\/v2\/types\/post"}],"author":[{"embeddable":true,"href":"https:\/\/www.europesays.com\/fr\/wp-json\/wp\/v2\/users\/2"}],"replies":[{"embeddable":true,"href":"https:\/\/www.europesays.com\/fr\/wp-json\/wp\/v2\/comments?post=537651"}],"version-history":[{"count":0,"href":"https:\/\/www.europesays.com\/fr\/wp-json\/wp\/v2\/posts\/537651\/revisions"}],"wp:featuredmedia":[{"embeddable":true,"href":"https:\/\/www.europesays.com\/fr\/wp-json\/wp\/v2\/media\/537652"}],"wp:attachment":[{"href":"https:\/\/www.europesays.com\/fr\/wp-json\/wp\/v2\/media?parent=537651"}],"wp:term":[{"taxonomy":"category","embeddable":true,"href":"https:\/\/www.europesays.com\/fr\/wp-json\/wp\/v2\/categories?post=537651"},{"taxonomy":"post_tag","embeddable":true,"href":"https:\/\/www.europesays.com\/fr\/wp-json\/wp\/v2\/tags?post=537651"}],"curies":[{"name":"wp","href":"https:\/\/api.w.org\/{rel}","templated":true}]}}