{"id":537660,"date":"2025-11-16T07:22:12","date_gmt":"2025-11-16T07:22:12","guid":{"rendered":"https:\/\/www.europesays.com\/fr\/537660\/"},"modified":"2025-11-16T07:22:12","modified_gmt":"2025-11-16T07:22:12","slug":"jean-max-riviere-parolier-de-brigitte-bardot-juliette-greco-et-france-gall-est-mort-a-lage-de-88-ans","status":"publish","type":"post","link":"https:\/\/www.europesays.com\/fr\/537660\/","title":{"rendered":"Jean-Max Rivi\u00e8re, parolier de Brigitte Bardot, Juliette Gr\u00e9co et France Gall, est mort \u00e0 l\u2019\u00e2ge de 88 ans"},"content":{"rendered":"<p>\n    Aux c\u00f4t\u00e9s du compositeur G\u00e9rard Bourgeois, avec qui il a form\u00e9 un prolifique duo dans les ann\u00e9es 60 et 70, Jean-Max Rivi\u00e8re a sign\u00e9 pour Brigitte Bardot \u00abLa Madrague\u00bb en 1962, mais aussi \u00abC\u2019est rigolo\u00bb, \u00ab\u00c0 la fin de l\u2019\u00e9t\u00e9\u00bb, \u00abMoi je joue\u00bb&#8230;<\/p>\n<p class=\"fig-paragraph\"><a href=\"https:\/\/www.lefigaro.fr\/musique\/jean-max-riviere-chansons-coquillages-et-crustaces-20211214\" target=\"_blank\" data-fig-type=\"Article\" rel=\"noopener\" data-gtm-custom-categorie=\"navigation\" data-gtm-custom-action=\"crossclick\" data-gtm-custom-label=\"Contextuel\" data-gtm-event=\"customEventSPE\" data-fig-domain=\"LEFIGARO\">Jean-Max Rivi\u00e8re<\/a>, parolier de nombreuses chansons pour\u00a0<a href=\"https:\/\/video.lefigaro.fr\/figaro\/culture\/apres-des-rumeurs-sur-son-deces-brigitte-bardot-annonce-ne-pas-avoir-lintention-de-tirer-sa-reverence-20251023\" target=\"_blank\" data-fig-type=\"Video\" rel=\"noopener\" data-gtm-custom-categorie=\"navigation\" data-gtm-custom-action=\"crossclick\" data-gtm-custom-label=\"Contextuel\" data-gtm-event=\"customEventSPE\" data-fig-domain=\"LEFIGARO\">Brigitte Bardot<\/a>, Dalida, Juliette Gr\u00e9co,\u00a0<a href=\"http:\/\/www.lefigaro.fr\/musique\/francoise-hardy-une-luxueuse-anthologie-pour-lancer-sa-carriere-posthume-20250607\" target=\"_blank\" data-fig-type=\"Article\" rel=\"noopener\" data-gtm-custom-categorie=\"navigation\" data-gtm-custom-action=\"crossclick\" data-gtm-custom-label=\"Contextuel\" data-gtm-event=\"customEventSPE\" data-fig-domain=\"LEFIGARO\">Fran\u00e7oise Hardy<\/a>, France Gall, Sylvie Vartan ou Serge Reggiani, est d\u00e9c\u00e9d\u00e9 samedi 15 novembre \u00e0 88 ans \u00e0 Royan (Charente-Maritime), a appris l\u2019AFP de sa famille.<\/p>\n<p class=\"fig-paragraph\">Aux c\u00f4t\u00e9s du compositeur G\u00e9rard Bourgeois, avec qui il a form\u00e9 un prolifique duo dans les ann\u00e9es 1960 et 1970, Jean-Max Rivi\u00e8re a sign\u00e9 pour Brigitte Bardot \u00abLa Madrague\u00bb en 1962, mais aussi \u00abC&rsquo;est rigolo\u00bb, \u00ab\u00c0 la fin de l&rsquo;\u00e9t\u00e9\u00bb, \u00abMoi je joue\u00bb&#8230;<\/p>\n<p>                                    <a class=\"fig-a11y-skip a11y-hidden\" href=\"#fig-a11y-skip-main-inarticle\"><br \/>\n        Passer la publicit\u00e9<br \/>\n    <\/a><\/p>\n<p>Ex-membre du comit\u00e9 d\u2019administration de la Sacem<\/p>\n<p class=\"fig-paragraph\">Leurs centaines de productions communes ont \u00e9galement \u00e9t\u00e9 interpr\u00e9t\u00e9es par Juliette Gr\u00e9co (notamment \u00abUn petit poisson, un petit oiseau\u00bb en 1966), Les Compagnons de la chanson, Michel Delpech ou encore Dalida.<\/p>\n<p class=\"fig-paragraph\">Longtemps membre du conseil d&rsquo;administration de la Sacem, Jean-Max Rivi\u00e8re a adapt\u00e9 en 1964 pour Richard Anthony le tube am\u00e9ricain \u00abI Only want to be with you\u00bb, devenu \u00ab\u00c0 pr\u00e9sent tu peux t&rsquo;en aller\u00bb.<\/p>\n<p class=\"fig-paragraph\">Pour France Gall, Jean-Max Rivi\u00e8re et G\u00e9rard Bourgeois, d\u00e9c\u00e9d\u00e9 en 2016, ont sign\u00e9 en 1966 \u00abIl neige\u00bb et \u00abTu n&rsquo;as pas le droit\u00bb. Deux ans plus tard, Serge Reggiani a rencontr\u00e9 le succ\u00e8s avec une autre de leurs cr\u00e9ations, \u00abIl suffisait de presque rien\u00bb. Jean-Max Rivi\u00e8re a \u00e9galement particip\u00e9 \u00e0 l&rsquo;op\u00e9ra-rock \u00abLa R\u00e9volution fran\u00e7aise\u00bb de Claude-Michel Sch\u00f6nberg et Alain Boublil.<\/p>\n<p>Plusieurs disques enregistr\u00e9s dans les ann\u00e9es 1960<\/p>\n<p class=\"fig-paragraph\">\u00c9galement chanteur, il a enregistr\u00e9 plusieurs disques dans les ann\u00e9es 1960.<\/p>\n<p class=\"fig-paragraph\">\u00abL&rsquo;homme \u00e0 qui je dois toute ma carri\u00e8re vient de passer de l&rsquo;autre c\u00f4t\u00e9 de la vie&#8230; Son nom\u00a0: Jean-Max Rivi\u00e8re, grand auteur\u00bb, a \u00e9crit sur Facebook le chanteur Alain Turban, qui lui doit plusieurs titres dont \u00abMarionnette\u00bb et \u00abQuatri\u00e8me dimension\u00bb.<\/p>\n","protected":false},"excerpt":{"rendered":"Aux c\u00f4t\u00e9s du compositeur G\u00e9rard Bourgeois, avec qui il a form\u00e9 un prolifique duo dans les ann\u00e9es 60&hellip;\n","protected":false},"author":2,"featured_media":537661,"comment_status":"","ping_status":"","sticky":false,"template":"","format":"standard","meta":{"footnotes":""},"categories":[1359],"tags":[20224,58,59,1011,27,44286,17665,973],"class_list":{"0":"post-537660","1":"post","2":"type-post","3":"status-publish","4":"format-standard","5":"has-post-thumbnail","7":"category-people","8":"tag-brigitte-bardot","9":"tag-divertissement","10":"tag-entertainment","11":"tag-fr","12":"tag-france","13":"tag-france-gall","14":"tag-juliette-greco","15":"tag-people"},"share_on_mastodon":{"url":"https:\/\/pubeurope.com\/@fr\/115558176927819655","error":""},"_links":{"self":[{"href":"https:\/\/www.europesays.com\/fr\/wp-json\/wp\/v2\/posts\/537660","targetHints":{"allow":["GET"]}}],"collection":[{"href":"https:\/\/www.europesays.com\/fr\/wp-json\/wp\/v2\/posts"}],"about":[{"href":"https:\/\/www.europesays.com\/fr\/wp-json\/wp\/v2\/types\/post"}],"author":[{"embeddable":true,"href":"https:\/\/www.europesays.com\/fr\/wp-json\/wp\/v2\/users\/2"}],"replies":[{"embeddable":true,"href":"https:\/\/www.europesays.com\/fr\/wp-json\/wp\/v2\/comments?post=537660"}],"version-history":[{"count":0,"href":"https:\/\/www.europesays.com\/fr\/wp-json\/wp\/v2\/posts\/537660\/revisions"}],"wp:featuredmedia":[{"embeddable":true,"href":"https:\/\/www.europesays.com\/fr\/wp-json\/wp\/v2\/media\/537661"}],"wp:attachment":[{"href":"https:\/\/www.europesays.com\/fr\/wp-json\/wp\/v2\/media?parent=537660"}],"wp:term":[{"taxonomy":"category","embeddable":true,"href":"https:\/\/www.europesays.com\/fr\/wp-json\/wp\/v2\/categories?post=537660"},{"taxonomy":"post_tag","embeddable":true,"href":"https:\/\/www.europesays.com\/fr\/wp-json\/wp\/v2\/tags?post=537660"}],"curies":[{"name":"wp","href":"https:\/\/api.w.org\/{rel}","templated":true}]}}