{"id":537662,"date":"2025-11-16T07:23:17","date_gmt":"2025-11-16T07:23:17","guid":{"rendered":"https:\/\/www.europesays.com\/fr\/537662\/"},"modified":"2025-11-16T07:23:17","modified_gmt":"2025-11-16T07:23:17","slug":"la-folie-rubens-sempare-de-fontainebleau-avant-versailles","status":"publish","type":"post","link":"https:\/\/www.europesays.com\/fr\/537662\/","title":{"rendered":"la folie Rubens s&#8217;empare de Fontainebleau avant Versailles"},"content":{"rendered":"<p>                    Par<br \/>\n        <strong><br \/>\n            <a href=\"https:\/\/actu.fr\/auteur\/julien-vancaeyseele\" title=\"Consulter tous les articles de Julien Van Caeyseele\" target=\"_blank\" rel=\"noopener\">Julien Van Caeyseele<\/a><br \/>\n                    <\/strong><\/p>\n<p>        Publi\u00e9 le<\/p>\n<p>            15 nov. 2025 \u00e0 8h56        <\/p>\n<p>\u00ab La vision de cette toile m\u2019a tellement touch\u00e9e, que je suis r\u00e9concili\u00e9e avec l\u2019\u00e9glise, s\u2019absout Murielle. Pourtant, je suis une vraie rebelle en la mati\u00e8re : une m\u00e9cr\u00e9ante m\u00eame ! \u00bb Comme cette habitante <a href=\"https:\/\/actu.fr\/ile-de-france\/fontainebleau_77186\" target=\"_blank\" rel=\"noopener\">de Fontainebleau <\/a>(<b>Seine-et-Marne<\/b>), ils sont des centaines de curieux ou de fid\u00e8les \u00e0 s\u2019\u00eatre entass\u00e9s dans <b>l\u2019\u00e9glise Saint-Louis<\/b> de Fontainebleau, pour admirer le chef-d\u2019\u0153uvre\u2026 Ce mardi 11 novembre 2025, l<b>a<a href=\"https:\/\/www.osenat.com\/\" target=\"_blank\" rel=\"noopener\"> maison Osenat<\/a><\/b>\u00a0a propos\u00e9<a href=\"https:\/\/actu.fr\/ile-de-france\/fontainebleau_77186\/seine-et-marne-le-christ-en-croix-chef-doeuvre-disparu-de-rubens-expose-a-leglise-de-fontainebleau_63412807.html\" target=\"_blank\" rel=\"noopener\"> une pr\u00e9sentation en avant-premi\u00e8re de la toile<\/a> Le Christ en croix, une \u0153uvre du peintre flamand Pierre Paul Rubens (1577-1640).<\/p>\n<p>Des centaines de visiteurs \u00e0 l\u2019\u00e9glise de Fontainebleau pour admirer le chef-d\u2019oeuvre de Rubens<\/p>\n<p class=\" wall-content\">Cette peinture exceptionnelle \u2013 r\u00e9alis\u00e9e par le ma\u00eetre flamand vers 1614-1615 \u2013 disparue depuis 400\u00a0ans avait \u00e9t\u00e9 retrouv\u00e9e par hasard dans un h\u00f4tel particulier parisien en 2024. \u00ab Cette toile est la<a href=\"https:\/\/actu.fr\/ile-de-france\/versailles_78646\/cest-une-histoire-impossible-qui-mettra-la-main-sur-le-tableau-de-rubens-vendu-a-versailles_63426936.html\" target=\"_blank\" rel=\"noopener\"> justification m\u00eame de mon m\u00e9tier<\/a> de commissaire-priseur, a rappel\u00e9 <b>Me Jean-Pierre Osenat,<\/b> qui l\u2019a d\u00e9couverte. Elle d\u00e9gage une force et une \u00e9nergie incroyable : quand je l\u2019ai vue, \u00e7a a tout de suite fait tilt. \u00bb Pourtant, son authentification a eu des allures de chemin de croix pour plusieurs experts, de Paris \u00e0 Anvers. M\u00eame<b> Nils B\u00fcttner<\/b>, un des sp\u00e9cialistes de Rubens pensait au d\u00e9part \u00e0 une copie !<\/p>\n<p>    <img   decoding=\"async\" loading=\"lazy\" class=\"size-large\" src=\"https:\/\/www.europesays.com\/fr\/wp-content\/uploads\/2025\/11\/0353c3eaf6196f653c3eaf619ea53cv-960x640.jpg\" alt=\"Estim\u00e9 de 1 \u00e0 2 millions d'euros, cette toile de Rubens pourrait cependant bien voir les ench\u00e8res s'envoler\" width=\"960\" height=\"640\"\/><br \/>\n    Estim\u00e9 de 1 \u00e0 2 millions d\u2019euros, cette toile de Rubens pourrait cependant bien voir les ench\u00e8res s\u2019envoler \u00a9JVC\/RSM77<\/p>\n<p class=\" wall-content\"><b>Catherine Polnecq<\/b>, une <a href=\"https:\/\/www.catherine-polnecq.fr\/\" target=\"_blank\" rel=\"noopener\">restauratrice d\u2019\u0153uvres d\u2019art<\/a> experte en imagerie scientifique a notamment expliqu\u00e9 au public ses recherches et trouvailles\u2026 \u00ab Rayons X, ultraviolet, infrarouge : l\u2019imagerie permet d\u2019examiner une \u0153uvre en profondeur sans y toucher, a rappel\u00e9 l\u2019experte. Cela permet de comprendre les \u00e9tapes de cr\u00e9ations et pour cette toile, l\u2019imagerie a r\u00e9v\u00e9l\u00e9 la pr\u00e9sence de lignes sous jacentes, de repentirs \u2013 des modifications apport\u00e9es par l\u2019artiste en cours de cr\u00e9ation \u2013 voire des ajouts post\u00e9rieurs. \u00bb<\/p>\n<p>    <a href=\"https:\/\/www.youtube.com\/embed\/7DIvk3N55Yw?si=U7zLLDZXvsU1k9nP\" title=\"Ouvrie le lien\" target=\"_blank\" rel=\"noopener\">Cliquez ici pour visualiser le contenu<\/a><\/p>\n<p>Vid\u00e9os : en ce moment sur ActuLes m\u00eames esquisses\u2026<\/p>\n<p class=\" wall-content\">Ainsi, on apprend que Rubens a seulement plac\u00e9 quelques traits de crayons avant de peindre sa composition et qu\u2019il a beaucoup modifi\u00e9 la position du corps du Christ \u00ab pour insister sur la souffrance \u00bb, estime-t-elle. <b>Catherine Polnecq<\/b> a aussi compar\u00e9 la toile avec d\u2019autres de ses \u0153uvres : Le Bellerophon terrassant la chim\u00e8re, au Louvre ou Le Mariage de la Vierge, expos\u00e9 \u00e0 Dunkerque (Nord). La sp\u00e9cialiste est cat\u00e9gorique : \u00ab On y retrouve les m\u00eames esquisses, les m\u00eames traits de brosse \u00bb, insiste-t-elle, photos \u00e0 l\u2019appui.<\/p>\n<p>    <img   decoding=\"async\" loading=\"lazy\" class=\"size-large\" src=\"https:\/\/www.europesays.com\/fr\/wp-content\/uploads\/2025\/11\/ca1da3eaf61961f1da3eaf619332dav-960x640.jpg\" alt=\"La toile a pu \u00eatre authentifi\u00e9e, notamment gr\u00e2ce \u00e0 l'imagerie scientifique\" width=\"960\" height=\"640\"\/><br \/>\n    La toile a pu \u00eatre authentifi\u00e9e, notamment gr\u00e2ce \u00e0 l\u2019imagerie scientifique \u00a9JVC\/RSM77<\/p>\n<p>Votre r\u00e9gion, votre actu !<\/p>\n<p>Recevez chaque jour les infos qui comptent pour vous.<\/p>\n<p>\t<a href=\"https:\/\/actu.fr\/newsletter\" class=\"ac-btn ac-btn--corner ac-btn--medium ac-btn--blue800\" target=\"_blank\" rel=\"noopener\">S&rsquo;incrire<\/a><br \/>\n\u00a0\u00bb Lien spirituel \u00ab\u00a0<\/p>\n<p class=\" wall-content\">Mais au-del\u00e0 \u00ab de l\u2019\u00e9nergie qu\u2019il d\u00e9gage \u00bb, Catherine Polnecq a aussi rappel\u00e9 un aspect : \u00ab Il est extr\u00eamement rare de d\u00e9couvrir un tableau de cette p\u00e9riode dans un \u00e9tat de conservation aussi remarquable\u2026 \u00bb Des explications dont \u00c9velyne n\u2019a pas manqu\u00e9 une parole : \u00ab J\u2019aime beaucoup Rubens et avoir la chance de d\u00e9couvrir une nouvelle \u0153uvre est incroyable, sourit-elle. C\u2019est aussi tr\u00e8s \u00e9mouvant de savoir que d\u2019autres chefs-d\u2019\u0153uvre cach\u00e9s peuvent r\u00e9appara\u00eetre un jour ! \u00bb<\/p>\n<p class=\" wall-content\">De son c\u00f4t\u00e9, le p\u00e8re Jos\u00e9 Antonini <a href=\"https:\/\/actu.fr\/ile-de-france\/fontainebleau_77186\/bientot-vendu-a-versailles-le-chef-doeuvre-de-rubens-decouvert-a-paris-sera-bientot-expose-en-seine-et-marne_63290816.html\" target=\"_blank\" rel=\"noopener\">qui a \u0153uvr\u00e9 pour que la toile soit pr\u00e9sent\u00e9e <\/a>\u00e0 Fontainebleau estime que la manifestation est une r\u00e9ussite : \u00ab J\u2019avais eu la chance de voir tableau et mon souhait \u00e9tait que les Bellifontains puissent aussi en profiter, tant pour cette d\u00e9couverte artistique exceptionnelle, que pour l\u2019aspect spirituel, qui t\u00e9moigne d\u2019ailleurs de la foi de Rubens. \u00bb<\/p>\n<p>    <img   decoding=\"async\" loading=\"lazy\" class=\"size-large\" src=\"https:\/\/www.europesays.com\/fr\/wp-content\/uploads\/2025\/11\/d50504eaf61964a0504eaf6193e050v-960x640.jpg\" alt=\"Le p\u00e8re Jos\u00e9 Antonini, Jean-Pierre Osenat, C\u00e9dric Laborde et Jean-Christophe Chataignier de la maison Osenat devant le Christ en Croix\" width=\"960\" height=\"640\"\/><br \/>\n    Le p\u00e8re Jos\u00e9 Antonini, Jean-Pierre Osenat, C\u00e9dric Laborde et Jean-Christophe Chataignier de la maison Osenat \u00a9JVC\/RSM77<\/p>\n<p class=\" wall-content\">S\u00e9curit\u00e9 oblige, la toile \u2013 estim\u00e9e de 1 \u00e0 2 millions d\u2019euros mais dont le prix pourrait bien s\u2019envoler \u2013 \u00e9tait encadr\u00e9e par plusieurs agents de s\u00e9curit\u00e9 et une plaque de verre. \u00c0 l\u2019ext\u00e9rieur une petite dizaine de policiers quadrillaient les environs pour parer \u00e0 toute \u00e9ventualit\u00e9\u2026 jurisprudence du Louvre oblige. \u00c0 la fin de la pr\u00e9sentation, le public a pu observer la toile de plus pr\u00e8s et immortaliser la sc\u00e8ne.<\/p>\n<p class=\" wall-content\">\u00ab Son visage et la pr\u00e9cision des d\u00e9tails m\u2019ont beaucoup marqu\u00e9e, conclut Murielle. Gr\u00e2ce aux explications des experts, cela permet de mieux comprendre le travail de Rubens. Je crois que cette peinture m\u2019a permis de retrouver un lien spirituel. \u00bb Mais les Bellifontains et paroissiens devront cependant garder cette vision \u00e9ph\u00e9m\u00e8re de la toile en m\u00e9moire\u2026 La toile sera vendue aux ench\u00e8res \u00e0 Versailles le 30 novembre et il y a peu de risque que la paroisse de Fontainebleau puisse s\u2019aligner sur le prix.<\/p>\n<p class=\" wall-content\">Personnalisez votre actualit\u00e9 en ajoutant vos villes et m\u00e9dias en favori avec <a href=\"https:\/\/moncompte.actu.fr\" title=\"D\u00e9couvez Mon Actu\" rel=\"nofollow noopener\" data-trk=\"{&quot;cta&quot;:{&quot;action&quot;:&quot;https:\\\/\\\/moncompte.actu.fr&quot;,&quot;category&quot;:&quot;mon compte&quot;,&quot;from&quot;:&quot;article footer&quot;,&quot;name&quot;:&quot;Mon actu&quot;,&quot;type&quot;:&quot;cta&quot;}}\" target=\"_blank\">Mon Actu<\/a>.<\/p>\n","protected":false},"excerpt":{"rendered":"Par Julien Van Caeyseele Publi\u00e9 le 15 nov. 2025 \u00e0 8h56 \u00ab La vision de cette toile m\u2019a&hellip;\n","protected":false},"author":2,"featured_media":537663,"comment_status":"","ping_status":"","sticky":false,"template":"","format":"standard","meta":{"footnotes":""},"categories":[1358],"tags":[1348,1384,1385,1386,58,59,1011,27,1757,4020,104],"class_list":{"0":"post-537662","1":"post","2":"type-post","3":"status-publish","4":"format-standard","5":"has-post-thumbnail","7":"category-arts-et-design","8":"tag-arts","9":"tag-arts-and-design","10":"tag-arts-et-design","11":"tag-design","12":"tag-divertissement","13":"tag-entertainment","14":"tag-fr","15":"tag-france","16":"tag-insolite","17":"tag-religion","18":"tag-societe"},"share_on_mastodon":{"url":"https:\/\/pubeurope.com\/@fr\/115558181738849803","error":""},"_links":{"self":[{"href":"https:\/\/www.europesays.com\/fr\/wp-json\/wp\/v2\/posts\/537662","targetHints":{"allow":["GET"]}}],"collection":[{"href":"https:\/\/www.europesays.com\/fr\/wp-json\/wp\/v2\/posts"}],"about":[{"href":"https:\/\/www.europesays.com\/fr\/wp-json\/wp\/v2\/types\/post"}],"author":[{"embeddable":true,"href":"https:\/\/www.europesays.com\/fr\/wp-json\/wp\/v2\/users\/2"}],"replies":[{"embeddable":true,"href":"https:\/\/www.europesays.com\/fr\/wp-json\/wp\/v2\/comments?post=537662"}],"version-history":[{"count":0,"href":"https:\/\/www.europesays.com\/fr\/wp-json\/wp\/v2\/posts\/537662\/revisions"}],"wp:featuredmedia":[{"embeddable":true,"href":"https:\/\/www.europesays.com\/fr\/wp-json\/wp\/v2\/media\/537663"}],"wp:attachment":[{"href":"https:\/\/www.europesays.com\/fr\/wp-json\/wp\/v2\/media?parent=537662"}],"wp:term":[{"taxonomy":"category","embeddable":true,"href":"https:\/\/www.europesays.com\/fr\/wp-json\/wp\/v2\/categories?post=537662"},{"taxonomy":"post_tag","embeddable":true,"href":"https:\/\/www.europesays.com\/fr\/wp-json\/wp\/v2\/tags?post=537662"}],"curies":[{"name":"wp","href":"https:\/\/api.w.org\/{rel}","templated":true}]}}