{"id":537668,"date":"2025-11-16T07:27:32","date_gmt":"2025-11-16T07:27:32","guid":{"rendered":"https:\/\/www.europesays.com\/fr\/537668\/"},"modified":"2025-11-16T07:27:32","modified_gmt":"2025-11-16T07:27:32","slug":"miles-teller-sentait-que-ca-allait-etre-un-desastre","status":"publish","type":"post","link":"https:\/\/www.europesays.com\/fr\/537668\/","title":{"rendered":"Miles Teller sentait que \u00e7a allait \u00eatre un d\u00e9sastre"},"content":{"rendered":"<p><strong>10 ans apr\u00e8s la sortie des <a href=\"https:\/\/www.ecranlarge.com\/films\/866132-les-4-fantastiques\" data-type=\"films\" data-id=\"681319\" rel=\"nofollow noopener\" target=\"_blank\">4 Fantastiques<\/a> de <a href=\"https:\/\/www.ecranlarge.com\/personnalite\/783795-josh-trank\" data-type=\"people\" data-id=\"421442\" rel=\"nofollow noopener\" target=\"_blank\">Josh Trank<\/a>, c\u2019est au tour de l\u2019interpr\u00e8te de Mr Fantastique de donner son son de cloche sur le d\u00e9sastre. <\/strong><\/p>\n<p>Autant d\u00e9ception \u00e9conomique (168 millions de dollars de recettes pour un budget de 120 millions) que plantage critique (27\/100 sur Metacritic), <strong>Les 4 Fantastiques<\/strong> version 2015 a \u00e9t\u00e9 un v\u00e9ritable d\u00e9sastre. Son metteur en sc\u00e8ne, le jeune Josh Trank qui n\u2019avait alors r\u00e9alis\u00e9 qu\u2019un seul film de 15 millions de dollars, <strong>Chronicle<\/strong>, s\u2019\u00e9tait m\u00eame fendu d\u2019un tweet rageur pour bl\u00e2mer la Fox quelques jours avant la sortie du film. Le studio en a bien s\u00fbr \u00e9t\u00e9 tr\u00e8s m\u00e9content et, les hostilit\u00e9s ainsi lanc\u00e9es, tout le monde s\u2019est ensuite refil\u00e9 la patate chaude de la responsabilit\u00e9 du bazar.<\/p>\n<p>Il semblerait que le r\u00e9cit classique des m\u00e9chants producteurs contre l\u2019artiste pur comme la colombe n\u2019a pas tout \u00e0 fait \u00e9t\u00e9 de mise, cette fois-ci. Depuis, c\u2019est un peu un marronnier des news cin\u00e9. Au d\u00e9tour d\u2019une interview ou d\u2019un nouvel article sur le sujet, on en apprend plus sur le \u00ab Fantastic Four gate \u00bb. Derni\u00e8rement, c\u2019est<strong> <a href=\"https:\/\/www.ecranlarge.com\/personnalite\/760416-miles-teller\" data-type=\"people\" data-id=\"400293\" rel=\"nofollow noopener\" target=\"_blank\">Miles Teller<\/a>, interpr\u00e8te de Mr. Fantastique dans le long-m\u00e9trage, de donner de nouveaux d\u00e9tails sur ce cauchemar super-h\u00e9ro\u00efque. <\/strong><\/p>\n<p>                    <img decoding=\"async\" alt=\"\" class=\"wp-image-518375\" style=\"object-fit:cover;width:25px;height:25px\" src=\"https:\/\/www.ecranlarge.com\/content\/uploads\/2023\/09\/arrow-right-circle.svg\"\/><\/p>\n<p>FAIRE UN FANTASTIQUE FOUR <\/p>\n<p>Interview\u00e9 par le m\u00e9dia SiriusXM \u00e0 l\u2019occasion de la sortie de <strong>Pour l\u2019\u00e9ternit\u00e9<\/strong>, Miles Teller n\u2019a pas \u00e9chapp\u00e9 \u00e0 sa question sur l\u2019\u00e9chec qui a marqu\u00e9 son d\u00e9but de carri\u00e8re \u00e0 Hollywood. Plus pr\u00e9cis\u00e9ment, il s\u2019est vu demander s\u2019il savait, lors de la promotion, que l\u2019\u0153uvre \u00e9tait mauvaise. L\u2019int\u00e9ress\u00e9 a d\u2019abord r\u00e9pondu par un sourire silencieux assez explicite, avant d\u2019expliquer :<\/p>\n<blockquote class=\"wp-block-quote is-layout-flow wp-block-quote-is-layout-flow\">\n<p><strong>\u00ab Quand j\u2019ai vu le film pour la premi\u00e8re fois, je me souviens avoir parl\u00e9 \u00e0 l\u2019un des responsables du studio et lui avoir dit : \u00ab\u00a0Je crois qu\u2019on est dans le p\u00e9trin.\u00a0\u00bb \u00bb<\/strong><\/p>\n<\/blockquote>\n<p>Puis il a donn\u00e9 son son de cloche quant \u00e0 l\u2019origine de cet \u00e9chec :<\/p>\n<blockquote class=\"wp-block-quote is-layout-flow wp-block-quote-is-layout-flow\">\n<p><strong>\u00ab Je trouve \u00e7a dommage, parce que tellement de gens ont travaill\u00e9 dur sur ce film\u2026 Honn\u00eatement, il y a peut-\u00eatre une personne TR\u00c8S importante qui a tout g\u00e2ch\u00e9. Ouais\u2026 \u00bb<\/strong><\/p>\n<\/blockquote>\n<p><a href=\"https:\/\/www.ecranlarge.com\/content\/uploads\/2015\/04\/les-4-fantastiques-photo-casting-938114.jpg\" rel=\"nofollow noopener\" target=\"_blank\"><img loading=\"lazy\" decoding=\"async\" alt=\"Les 4 Fantastiques : Photo Casting\" class=\"wp-image-21755\" style=\"width:1024px;height:auto\" src=\"https:\/\/www.europesays.com\/fr\/wp-content\/uploads\/2025\/11\/les-4-fantastiques-photo-casting-938114-630x354.jpg\" width=\"630\" height=\"354\"  \/><\/a>Le casting qui s\u2019appr\u00eate \u00e0 assurer la promotion d\u2019un film de merde<\/p>\n<p>Il n\u2019est pas (du tout) absurde de penser que Teller met en cause son r\u00e9alisateur, Josh Trank. Surtout quand on sait que les deux hommes ne se sont pas entendus sur le plateau. Selon certains retours rapport\u00e9s par la presse aux lendemains de la sortie du film, <strong>le com\u00e9dien et le cin\u00e9aste en seraient presque venus aux mains<\/strong>, se d\u00e9fiant l\u2019un l\u2019autre de d\u00e9crocher le premier coup de poing. Ambiance.<\/p>\n<p>Toujours est-il que l\u2019acteur, qui tenait l\u00e0 l\u2019occasion de s\u2019imposer \u00e0 Hollywood, regrette le rendez-vous manqu\u00e9. Et ce n\u2019est pas le seul, en ce qui le concerne. On se souvient qu\u2019il avait aussi refus\u00e9 d\u2019incarner le r\u00f4le principal masculin dans <strong>La La Land<\/strong>. C\u2019est ce qu\u2019on appelle avoir de l\u2019instinct. R\u00e9sultat, Teller tourne toujours mais dans des productions plus modestes ou dans des seconds r\u00f4les (comme ce sera le cas dans <strong>Michael<\/strong>). <strong>Son prochain long-m\u00e9trage, Pour l\u2019\u00e9ternit\u00e9 de David Freyne, sortira le 3 d\u00e9cembre dans nos salles.<\/strong><\/p>\n","protected":false},"excerpt":{"rendered":"10 ans apr\u00e8s la sortie des 4 Fantastiques de Josh Trank, c\u2019est au tour de l\u2019interpr\u00e8te de Mr&hellip;\n","protected":false},"author":2,"featured_media":537669,"comment_status":"","ping_status":"","sticky":false,"template":"","format":"standard","meta":{"footnotes":""},"categories":[1354],"tags":[58,59,1346,1011,27,1360],"class_list":{"0":"post-537668","1":"post","2":"type-post","3":"status-publish","4":"format-standard","5":"has-post-thumbnail","7":"category-films","8":"tag-divertissement","9":"tag-entertainment","10":"tag-films","11":"tag-fr","12":"tag-france","13":"tag-movies"},"share_on_mastodon":{"url":"https:\/\/pubeurope.com\/@fr\/115558197686811682","error":""},"_links":{"self":[{"href":"https:\/\/www.europesays.com\/fr\/wp-json\/wp\/v2\/posts\/537668","targetHints":{"allow":["GET"]}}],"collection":[{"href":"https:\/\/www.europesays.com\/fr\/wp-json\/wp\/v2\/posts"}],"about":[{"href":"https:\/\/www.europesays.com\/fr\/wp-json\/wp\/v2\/types\/post"}],"author":[{"embeddable":true,"href":"https:\/\/www.europesays.com\/fr\/wp-json\/wp\/v2\/users\/2"}],"replies":[{"embeddable":true,"href":"https:\/\/www.europesays.com\/fr\/wp-json\/wp\/v2\/comments?post=537668"}],"version-history":[{"count":0,"href":"https:\/\/www.europesays.com\/fr\/wp-json\/wp\/v2\/posts\/537668\/revisions"}],"wp:featuredmedia":[{"embeddable":true,"href":"https:\/\/www.europesays.com\/fr\/wp-json\/wp\/v2\/media\/537669"}],"wp:attachment":[{"href":"https:\/\/www.europesays.com\/fr\/wp-json\/wp\/v2\/media?parent=537668"}],"wp:term":[{"taxonomy":"category","embeddable":true,"href":"https:\/\/www.europesays.com\/fr\/wp-json\/wp\/v2\/categories?post=537668"},{"taxonomy":"post_tag","embeddable":true,"href":"https:\/\/www.europesays.com\/fr\/wp-json\/wp\/v2\/tags?post=537668"}],"curies":[{"name":"wp","href":"https:\/\/api.w.org\/{rel}","templated":true}]}}