{"id":537682,"date":"2025-11-16T07:34:11","date_gmt":"2025-11-16T07:34:11","guid":{"rendered":"https:\/\/www.europesays.com\/fr\/537682\/"},"modified":"2025-11-16T07:34:11","modified_gmt":"2025-11-16T07:34:11","slug":"fortes-pluies-risque-dinondations-quatre-departements-en-vigilance-orange","status":"publish","type":"post","link":"https:\/\/www.europesays.com\/fr\/537682\/","title":{"rendered":"Fortes pluies, risque d\u2019inondations\u00a0: quatre d\u00e9partements en vigilance orange"},"content":{"rendered":"<p class=\"paragraph text_align_left lp-f-body-02\">L\u2019Ard\u00e8che, la Dr\u00f4me, les Alpes-Maritimes et d\u00e9sormais l\u2019Is\u00e8re\u00a0: M\u00e9t\u00e9o France place quatre d\u00e9partements en vigilance orange pluies et inondations dans son bulletin de 6\u00a0heures ce dimanche matin. Samedi <a href=\"https:\/\/www.leparisien.fr\/meteo\/pluies-deux-departements-en-vigilance-orange-des-risques-de-ruissellement-et-dinondations-15-11-2025-Q4TSSUYL3JB7FJ2JSRIEOFLOXQ.php\" target=\"_self\" rel=\"nofollow noopener\">l\u2019Is\u00e8re ne figurait pas<\/a> dans l\u2019alerte.<\/p>\n<p class=\"paragraph text_align_left lp-f-body-02\">\u00ab\u00a0De nouvelles pluies orageuses remontent sur le sud-est du pays et vont \u00e0 nouveau arroser notablement les plaines de l\u2019Ard\u00e8che et de la Dr\u00f4me, ainsi que les Alpes Maritimes et une partie de l\u2019Is\u00e8re\u00a0\u00bb, met en garde M\u00e9t\u00e9o France.<\/p>\n<p class=\"paragraph text_align_left lp-f-body-02\">Depuis quelques jours, <a href=\"https:\/\/www.leparisien.fr\/meteo\/temperatures-en-baisse-et-temps-agite-la-meteo-du-week-end-en-france-14-11-2025-R645NTGONJEV3MGRN7YRDPVS3U.php\" target=\"_self\" rel=\"nofollow noopener\">il est pr\u00e9vu<\/a> que des pluies orageuses remontant de M\u00e9diterran\u00e9e arrosent, parfois abondamment, la r\u00e9gion Provence-Alpes-C\u00f4te d\u2019Azur (Paca). La \u00ab\u00a0d\u00e9gradation pluvieuse remonte par le sud. Les pluies s\u2019intensifient en cours de matin\u00e9e et prennent localement un caract\u00e8re orageux\u00a0\u00bb, note l\u2019institut m\u00e9t\u00e9orologique, ajoutant que \u00ab\u00a0c\u2019est surtout l\u2019intensit\u00e9 des pr\u00e9cipitations qui est \u00e0 surveiller\u00a0\u00bb.<\/p>\n<p class=\"paragraph text_align_left lp-f-body-02\">Dans les Alpes-Maritimes en particulier, l\u2019intensit\u00e9 des \u00ab\u00a0nombreux passages pluvieux\u00a0\u00bb peut \u00eatre forte, \u00ab\u00a0surtout vers le littoral et les premiers reliefs\u00a0\u00bb, explique le bulletin\u00a0: \u00ab\u00a0des cumuls allant de 80 \u00e0 120 mm sont attendus, avec de possibles pointes \u00e0 pr\u00e8s de 150\u00a0mm\u00a0\u00bb.<\/p>\n<p>Les habitants de Nice invit\u00e9s \u00e0 limiter leurs d\u00e9placements<\/p>\n<p class=\"paragraph text_align_left lp-f-body-02\">Le Maire de Nice Christian Estrosi a annonc\u00e9 <a href=\"https:\/\/x.com\/cestrosi\/status\/1989815698517057859\" target=\"_self\" rel=\"nofollow\">sur son compte X<\/a> ouvrir \u00ab\u00a0une cellule de vigilance d\u00e8s (dimanche) matin pour surveiller l\u2019\u00e9volution de la situation\u00a0\u00bb, ajoutant que \u00ab\u00a0les parcs, jardins, cimeti\u00e8res, plages et sentier du littoral seront ferm\u00e9s\u00a0\u00bb. Les pluies doivent inciter les habitants \u00e0 limiter leurs d\u00e9placements.<\/p>\n<p class=\"paragraph text_align_left lp-f-body-02\">En Ard\u00e8che, Dr\u00f4me et Is\u00e8re, l\u2019\u00e9pisode de pluie est attendu \u00ab\u00a0assez court mais intense\u00a0\u00bb, avec \u00ab\u00a050 \u00e0 70\u00a0mm de pluie en six \u00e0 neuf heures\u00a0\u00bb. Le risque de ruissellement et d\u2019inondation est soulign\u00e9 par M\u00e9t\u00e9o France \u00ab\u00a0du pi\u00e9mont c\u00e9venol (situ\u00e9 au sud du parc national des C\u00e9vennes) jusqu\u2019au nord de l\u2019Is\u00e8re\u00a0\u00bb.<\/p>\n<p class=\"paragraph text_align_left lp-f-body-02\">Le statut de vigilance du d\u00e9partement du Var, en jaune pour l\u2019heure, pourrait \u00e9voluer car \u00ab\u00a0une incertitude concerne le risque de fortes pr\u00e9cipitations sur l\u2019est du Var\u00a0\u00bb, indique le pr\u00e9visionniste.<\/p>\n","protected":false},"excerpt":{"rendered":"L\u2019Ard\u00e8che, la Dr\u00f4me, les Alpes-Maritimes et d\u00e9sormais l\u2019Is\u00e8re\u00a0: M\u00e9t\u00e9o France place quatre d\u00e9partements en vigilance orange pluies et&hellip;\n","protected":false},"author":2,"featured_media":537683,"comment_status":"","ping_status":"","sticky":false,"template":"","format":"standard","meta":{"footnotes":""},"categories":[4],"tags":[11,1011,27,2487,12,25],"class_list":{"0":"post-537682","1":"post","2":"type-post","3":"status-publish","4":"format-standard","5":"has-post-thumbnail","7":"category-france","8":"tag-actualites","9":"tag-fr","10":"tag-france","11":"tag-meteo","12":"tag-news","13":"tag-republique-francaise"},"share_on_mastodon":{"url":"https:\/\/pubeurope.com\/@fr\/115558224064162551","error":""},"_links":{"self":[{"href":"https:\/\/www.europesays.com\/fr\/wp-json\/wp\/v2\/posts\/537682","targetHints":{"allow":["GET"]}}],"collection":[{"href":"https:\/\/www.europesays.com\/fr\/wp-json\/wp\/v2\/posts"}],"about":[{"href":"https:\/\/www.europesays.com\/fr\/wp-json\/wp\/v2\/types\/post"}],"author":[{"embeddable":true,"href":"https:\/\/www.europesays.com\/fr\/wp-json\/wp\/v2\/users\/2"}],"replies":[{"embeddable":true,"href":"https:\/\/www.europesays.com\/fr\/wp-json\/wp\/v2\/comments?post=537682"}],"version-history":[{"count":0,"href":"https:\/\/www.europesays.com\/fr\/wp-json\/wp\/v2\/posts\/537682\/revisions"}],"wp:featuredmedia":[{"embeddable":true,"href":"https:\/\/www.europesays.com\/fr\/wp-json\/wp\/v2\/media\/537683"}],"wp:attachment":[{"href":"https:\/\/www.europesays.com\/fr\/wp-json\/wp\/v2\/media?parent=537682"}],"wp:term":[{"taxonomy":"category","embeddable":true,"href":"https:\/\/www.europesays.com\/fr\/wp-json\/wp\/v2\/categories?post=537682"},{"taxonomy":"post_tag","embeddable":true,"href":"https:\/\/www.europesays.com\/fr\/wp-json\/wp\/v2\/tags?post=537682"}],"curies":[{"name":"wp","href":"https:\/\/api.w.org\/{rel}","templated":true}]}}