{"id":537688,"date":"2025-11-16T07:38:14","date_gmt":"2025-11-16T07:38:14","guid":{"rendered":"https:\/\/www.europesays.com\/fr\/537688\/"},"modified":"2025-11-16T07:38:14","modified_gmt":"2025-11-16T07:38:14","slug":"photos-les-laureats-du-baccalaureat-ont-recu-leurs-diplomes-au-lycee-poincare","status":"publish","type":"post","link":"https:\/\/www.europesays.com\/fr\/537688\/","title":{"rendered":"Photos. Les laur\u00e9ats du baccalaur\u00e9at ont re\u00e7u leurs dipl\u00f4mes au lyc\u00e9e Poincar\u00e9"},"content":{"rendered":"<p>Apr\u00e8s les brevets vendredi soir pour 87 \u00e9l\u00e8ves, la cit\u00e9 scolaire Raymond-Poincar\u00e9 a remis les dipl\u00f4mes du baccalaur\u00e9at g\u00e9n\u00e9ral (175 \u00e9l\u00e8ves) et technologique (80 \u00e9l\u00e8ves), ce samedi matin dans la chapelle de l&rsquo;\u00e9tablissement, en pr\u00e9sence de nombreux parents, fiers de la r\u00e9ussite de leurs enfants. Ce sera au tour des \u00e9l\u00e8ves de BTS de participer \u00e0 une telle c\u00e9r\u00e9monie, au m\u00eame endroit, vendredi 21 novembre \u00e0 17 h 30. F\u00e9licitations \u00e0 tous !<\/p>\n","protected":false},"excerpt":{"rendered":"Apr\u00e8s les brevets vendredi soir pour 87 \u00e9l\u00e8ves, la cit\u00e9 scolaire Raymond-Poincar\u00e9 a remis les dipl\u00f4mes du baccalaur\u00e9at&hellip;\n","protected":false},"author":2,"featured_media":537689,"comment_status":"","ping_status":"","sticky":false,"template":"","format":"standard","meta":{"footnotes":""},"categories":[9635],"tags":[1111,11,3600,3599,3602,1057,1777,674,10961,1011,27,2798,775,1702,12,25],"class_list":{"0":"post-537688","1":"post","2":"type-post","3":"status-publish","4":"format-standard","5":"has-post-thumbnail","7":"category-nancy","8":"tag-actu","9":"tag-actualites","10":"tag-bar-le-duc","11":"tag-college-lycee","12":"tag-edition-bar-le-duc","13":"tag-education","14":"tag-eu","15":"tag-europe","16":"tag-examen-diplome","17":"tag-fr","18":"tag-france","19":"tag-galerie-photo","20":"tag-grand-est","21":"tag-nancy","22":"tag-news","23":"tag-republique-francaise"},"share_on_mastodon":{"url":"https:\/\/pubeurope.com\/@fr\/115558239637928215","error":""},"_links":{"self":[{"href":"https:\/\/www.europesays.com\/fr\/wp-json\/wp\/v2\/posts\/537688","targetHints":{"allow":["GET"]}}],"collection":[{"href":"https:\/\/www.europesays.com\/fr\/wp-json\/wp\/v2\/posts"}],"about":[{"href":"https:\/\/www.europesays.com\/fr\/wp-json\/wp\/v2\/types\/post"}],"author":[{"embeddable":true,"href":"https:\/\/www.europesays.com\/fr\/wp-json\/wp\/v2\/users\/2"}],"replies":[{"embeddable":true,"href":"https:\/\/www.europesays.com\/fr\/wp-json\/wp\/v2\/comments?post=537688"}],"version-history":[{"count":0,"href":"https:\/\/www.europesays.com\/fr\/wp-json\/wp\/v2\/posts\/537688\/revisions"}],"wp:featuredmedia":[{"embeddable":true,"href":"https:\/\/www.europesays.com\/fr\/wp-json\/wp\/v2\/media\/537689"}],"wp:attachment":[{"href":"https:\/\/www.europesays.com\/fr\/wp-json\/wp\/v2\/media?parent=537688"}],"wp:term":[{"taxonomy":"category","embeddable":true,"href":"https:\/\/www.europesays.com\/fr\/wp-json\/wp\/v2\/categories?post=537688"},{"taxonomy":"post_tag","embeddable":true,"href":"https:\/\/www.europesays.com\/fr\/wp-json\/wp\/v2\/tags?post=537688"}],"curies":[{"name":"wp","href":"https:\/\/api.w.org\/{rel}","templated":true}]}}