{"id":537698,"date":"2025-11-16T07:46:38","date_gmt":"2025-11-16T07:46:38","guid":{"rendered":"https:\/\/www.europesays.com\/fr\/537698\/"},"modified":"2025-11-16T07:46:38","modified_gmt":"2025-11-16T07:46:38","slug":"fete-de-lhumanite-normandie-2025","status":"publish","type":"post","link":"https:\/\/www.europesays.com\/fr\/537698\/","title":{"rendered":"F\u00eate de l&rsquo;Humanit\u00e9 Normandie 2025"},"content":{"rendered":"<p class=\"fw-bold font-size-16 my-1\"> Le 16\/11\/2025<\/p>\n<p class=\"fw-bold font-size-16 my-1\"> Parc des Expositions de Rouen | <a href=\"https:\/\/www.jds.fr\/rouen\/le-grand-quevilly-31127_V\" rel=\"nofollow noopener\" target=\"_blank\">Le Grand-Quevilly<\/a><\/p>\n<p class=\"fw-bold font-size-16 my-1\"> <a href=\"#artistes\" class=\"js-scrollTo\">Plusieurs artistes pr\u00e9sents<\/a><\/p>\n<p>Seum 76<br \/>&#13;<br \/>\nSoul Trip<br \/>&#13;<br \/>\nJohan Nils &amp; Colin<br \/>&#13;<br \/>\nLa Machine<\/p>\n<p class=\"fw-bold font-size-16 my-1\"> 30 \u20ac\u00a0le pass 2 jours | &#13;<br \/>\nGratuit pour les moins de 12 ans  <\/p>\n<p>Apr\u00e8s le formidable succ\u00e8s de la F\u00eate de l\u2019Humanit\u00e9 \u00e0 Br\u00e9tigny, qui a rassembl\u00e9 plus de 610 000 personnes, nous avons h\u00e2te de vous retrouver pour cette 21\u1d49 \u00e9dition normande\u00a0!<\/p>\n<p><a data-lightbox=\"article\" data-title=\"F\u00eate de l&#039;Humanit\u00e9 Normandie \u00a9 mathieudurand2512@gmail.com\" class=\"image detail   position-relative d-block\" href=\"https:\/\/www.jds.fr\/medias\/image\/0-45352800-1762767759-768854-920-0-F.webp\" title=\"F\u00eate de l&#039;Humanit\u00e9 Normandie \u00a9 mathieudurand2512@gmail.com\" rel=\"nofollow noopener\" target=\"_blank\"><br \/>\n<img decoding=\"async\" loading=\"lazy\" src=\"https:\/\/www.europesays.com\/fr\/wp-content\/uploads\/2025\/11\/0-45352800-1762767759-768854-1200-0.webp.webp\"   width=\"685\" alt=\"F\u00eate de l'Humanit\u00e9 Normandie\" class=\"border\"\/><br \/>\n\u00a9 mathieudurand2512@gmail.com<br \/>\nF\u00eate de l&rsquo;Humanit\u00e9 Normandie<br \/>\n<\/a><\/p>\n<p>Rendez-vous les 15 et 16 novembre \u00e0 Rouen pour deux jours de rencontres, de d\u00e9bats, de musique et de convivialit\u00e9.<\/p>\n<p>Au programme\u00a0: Asian Dub Foundation, Marcel et son Orchestre, The Congos, et bien d\u2019autres artistes et invit\u00e9\u00b7es \u00e0 ne pas manquer\u00a0!<\/p>\n<p>Un week-end politique, populaire et festif vous attend\u00a0!<\/p>\n<p>            Renseignements<\/p>\n<p><strong class=\"font-size-18\">O\u00f9\u00a0:<\/strong><br \/> Parc des Expositions de Rouen<a class=\"mt-1 d-block ps-4\" href=\"https:\/\/www.jds.fr\/rouen\/le-grand-quevilly-31127_V\" rel=\"nofollow noopener\" target=\"_blank\"> 76120 Le Grand-Quevilly<\/a><\/p>\n<p>Artistes\u00a0:<\/p>\n<p>Seum 76<br \/>&#13;<br \/>\nSoul Trip<br \/>&#13;<br \/>\nJohan Nils &amp; Colin<br \/>&#13;<br \/>\nLa Machine<\/p>\n<p>Dates et horaires\u00a0: <\/p>\n<ul class=\"liste-dates list-unstyled\" id=\"liste-dates-691906f4e624e\">\n<li>Dimanche 16 Novembre 2025 de 11h \u00e0 18h<\/li>\n<\/ul>\n<p>Tarifs\u00a0: <\/p>\n<p>30 \u20ac\u00a0le pass 2 jours<br \/>&#13;<br \/>\nGratuit pour les moins de 12 ans <\/p>\n<p>Inscription, billetterie ou r\u00e9servation\u00a0: <\/p>\n<p>Dans la m\u00eame rubrique<\/p>\n<ul class=\"mt-3 list-unstyled list-articles-v2\">\n<li class=\"col-12 pt-4\" data-view-id-type=\"1\" data-view-id=\"1231914\" data-view-bc=\"0\"><a class=\"d-block titre text-black mb-1 mb-md-2\" href=\"https:\/\/www.jds.fr\/rouen\/manifestations\/festival\/marche-de-noel-de-bosc-le-hard-1231914_A\" rel=\"nofollow noopener\" target=\"_blank\">March\u00e9 de No\u00ebl de Bosc-le-Hard<\/a>Le 16\/11\/2025 Bosc-le-HardNo\u00ebl approche \u00e0 grands pas\u00a0!<br \/>\nBosc-le-Hard et les Enfants Maupassant organisent le march\u00e9 de No\u00ebl ce dimanche 16 novembre. Venez vous faire photographier avec le P\u00e8re [\u2026]<a class=\"image\" href=\"https:\/\/www.jds.fr\/rouen\/manifestations\/festival\/marche-de-noel-de-bosc-le-hard-1231914_A\" rel=\"nofollow noopener\" target=\"_blank\"><img decoding=\"async\" loading=\"lazy\" src=\"https:\/\/www.europesays.com\/fr\/wp-content\/uploads\/2025\/06\/festival-1-453565-180-180.webp.webp\" width=\"180\" height=\"180\" alt=\"March\u00e9 de No\u00ebl de Bosc-le-Hard\" class=\"border\"\/><\/a><\/li>\n<li class=\"col-12 pt-4\" data-view-id-type=\"1\" data-view-id=\"1103995\" data-view-bc=\"0\"><a class=\"image\" href=\"https:\/\/www.jds.fr\/rouen\/manifestations\/festival\/this-is-england-festival-du-court-metrage-britannique-1103995_A\" rel=\"nofollow noopener\" target=\"_blank\"><img decoding=\"async\" loading=\"lazy\" src=\"https:\/\/www.europesays.com\/fr\/wp-content\/uploads\/2025\/06\/festival-1-453565-180-180.webp.webp\" width=\"180\" height=\"180\" alt=\"This is England, Festival du court-m\u00e9trage britannique\" class=\"border\"\/><\/a><\/li>\n<li class=\"li_gp_div\">\n<\/li>\n<li class=\"col-12 pt-4\" data-view-id-type=\"1\" data-view-id=\"1244373\" data-view-bc=\"0\"><a class=\"d-block titre text-black mb-1 mb-md-2\" href=\"https:\/\/www.jds.fr\/rouen\/manifestations\/festival\/soiree-country-danses-americaines-et-beaujolais-1244373_A\" rel=\"nofollow noopener\" target=\"_blank\">Soir\u00e9e country, danses am\u00e9ricaines et beaujolais<\/a>Le 21\/11\/2025 Mont-CauvaireLe comit\u00e9 des f\u00eates de Mont-Cauvaire et l&rsquo;association Just Dance Together de Barentin vous invitent \u00e0 la soir\u00e9e country, danses am\u00e9ricaines et beaujolais, ce vendredi 21 [\u2026]<a class=\"image\" href=\"https:\/\/www.jds.fr\/rouen\/manifestations\/festival\/soiree-country-danses-americaines-et-beaujolais-1244373_A\" rel=\"nofollow noopener\" target=\"_blank\"><img decoding=\"async\" loading=\"lazy\" src=\"https:\/\/www.europesays.com\/fr\/wp-content\/uploads\/2025\/06\/festival-1-453565-180-180.webp.webp\" width=\"180\" height=\"180\" alt=\"Soir\u00e9e country, danses am\u00e9ricaines et beaujolais\" class=\"border\"\/><\/a><\/li>\n<li class=\"col-12 pt-4\" data-view-id-type=\"1\" data-view-id=\"1157076\" data-view-bc=\"0\"><a class=\"image\" href=\"https:\/\/www.jds.fr\/rouen\/manifestations\/festival\/repas-dansant-du-cacb-grande-soiree-annees-80-1157076_A\" rel=\"nofollow noopener\" target=\"_blank\"><img decoding=\"async\" loading=\"lazy\" src=\"https:\/\/www.europesays.com\/fr\/wp-content\/uploads\/2025\/06\/festival-1-453565-180-180.webp.webp\" width=\"180\" height=\"180\" alt=\"Repas dansant du CACB : Grande soir\u00e9e ann\u00e9es 80\" class=\"border\"\/><\/a><\/li>\n<li class=\"col-12 pt-4\" data-view-id-type=\"1\" data-view-id=\"1177667\" data-view-bc=\"0\"><a class=\"d-block titre text-black mb-1 mb-md-2\" href=\"https:\/\/www.jds.fr\/rouen\/manifestations\/festival\/marche-de-noel-1177667_A\" rel=\"nofollow noopener\" target=\"_blank\">March\u00e9 de No\u00ebl<\/a>Le 28\/11\/2025 Saint-Pierre-B\u00e9nouville<br \/>\n\u00c0 l&rsquo;occasion des f\u00eates de No\u00ebl, venez faire le plein de produits locaux et de cadeaux de No\u00ebl sur les stands install\u00e9s \u00e0 la salle des F\u00eates de [\u2026]<a class=\"image\" href=\"https:\/\/www.jds.fr\/rouen\/manifestations\/festival\/marche-de-noel-1177667_A\" rel=\"nofollow noopener\" target=\"_blank\"><img decoding=\"async\" loading=\"lazy\" src=\"https:\/\/www.europesays.com\/fr\/wp-content\/uploads\/2025\/06\/festival-1-453565-180-180.webp.webp\" width=\"180\" height=\"180\" alt=\"March\u00e9 de No\u00ebl\" class=\"border\"\/><\/a><\/li>\n<li class=\"li_gp_div li_gp_div_infeed\"\/>\n<li class=\"col-12 pt-4\" data-view-id-type=\"1\" data-view-id=\"796831\" data-view-bc=\"0\"><a class=\"image\" href=\"https:\/\/www.jds.fr\/rouen\/manifestations\/festival\/marche-de-noel-796831_A\" rel=\"nofollow noopener\" target=\"_blank\"><img decoding=\"async\" loading=\"lazy\" src=\"https:\/\/www.europesays.com\/fr\/wp-content\/uploads\/2025\/06\/festival-1-453565-180-180.webp.webp\" width=\"180\" height=\"180\" alt=\"March\u00e9 de no\u00ebl\" class=\"border\"\/><\/a><\/li>\n<li class=\"col-12 pt-4\" data-view-id-type=\"1\" data-view-id=\"915692\" data-view-bc=\"0\"><a class=\"d-block titre text-black mb-1 mb-md-2\" href=\"https:\/\/www.jds.fr\/rouen\/manifestations\/festival\/repas-dansant-915692_A\" rel=\"nofollow noopener\" target=\"_blank\">Repas dansant<\/a>Le 29\/11\/2025 Saint-Maclou-de-Folleville<br \/>\nVenez profiter d&rsquo;un repas dansant\u00a0!.<br \/>\nSur inscription, organis\u00e9 par le comit\u00e9 des f\u00eates de Saint-Maclou-de-Folleville.<br \/>\n<a class=\"image\" href=\"https:\/\/www.jds.fr\/rouen\/manifestations\/festival\/repas-dansant-915692_A\" rel=\"nofollow noopener\" target=\"_blank\"><img decoding=\"async\" loading=\"lazy\" src=\"https:\/\/www.europesays.com\/fr\/wp-content\/uploads\/2025\/06\/festival-1-453565-180-180.webp.webp\" width=\"180\" height=\"180\" alt=\"Repas dansant\" class=\"border\"\/><\/a><\/li>\n<li class=\"col-12 pt-4\" data-view-id-type=\"1\" data-view-id=\"1177691\" data-view-bc=\"0\"><a class=\"image\" href=\"https:\/\/www.jds.fr\/rouen\/manifestations\/festival\/bal-des-mouflets-spectacle-bal-pour-toute-la-famille-1177691_A\" rel=\"nofollow noopener\" target=\"_blank\"><img decoding=\"async\" loading=\"lazy\" src=\"https:\/\/www.europesays.com\/fr\/wp-content\/uploads\/2025\/06\/festival-1-453565-180-180.webp.webp\" width=\"180\" height=\"180\" alt=\"Bal des Mouflets - Spectacle bal pour toute la famille !\" class=\"border\"\/><\/a><\/li>\n<li class=\"col-12 pt-4\" data-view-id-type=\"1\" data-view-id=\"1244399\" data-view-bc=\"0\"><a class=\"d-block titre text-black mb-1 mb-md-2\" href=\"https:\/\/www.jds.fr\/rouen\/manifestations\/festival\/illuminations-de-fin-d-annee-1244399_A\" rel=\"nofollow noopener\" target=\"_blank\">Illuminations de fin d&rsquo;ann\u00e9e<\/a>Le 29\/11\/2025 MontvilleLe samedi 29 novembre, la mairie de Montville vous invite \u00e0 assister aux illuminations de fin d&rsquo;ann\u00e9e devant la mairie.<br \/>\nVenez d\u00e9guster un chocolat ou un vin chaud et assister \u00e0 [\u2026]<a class=\"image\" href=\"https:\/\/www.jds.fr\/rouen\/manifestations\/festival\/illuminations-de-fin-d-annee-1244399_A\" rel=\"nofollow noopener\" target=\"_blank\"><img decoding=\"async\" loading=\"lazy\" src=\"https:\/\/www.europesays.com\/fr\/wp-content\/uploads\/2025\/06\/festival-1-453565-180-180.webp.webp\" width=\"180\" height=\"180\" alt=\"Illuminations de fin d'ann\u00e9e\" class=\"border\"\/><\/a><\/li>\n<li class=\"li_gp_div li_gp_div_infeed\"\/>\n<li class=\"col-12 pt-4\" data-view-id-type=\"1\" data-view-id=\"1191062\" data-view-bc=\"0\"><a class=\"d-block titre text-black mb-1 mb-md-2\" href=\"https:\/\/www.jds.fr\/rouen\/manifestations\/festival\/atelier-enfant-les-decorations-de-fete-1191062_A\" rel=\"nofollow noopener\" target=\"_blank\">Atelier enfant\u00a0: Les d\u00e9corations de f\u00eate<\/a>Le 03\/12\/2025 Martainville-\u00c9preville<br \/>\nViens pr\u00e9parer la p\u00e9riode des f\u00eates en fabriquant une d\u00e9coration hivernale.<br \/>\nAtelier encadr\u00e9 par un m\u00e9diateur culturel du D\u00e9partement, sur r\u00e9servation.<\/p>\n<p>    Atelier pour [\u2026]<a class=\"image\" href=\"https:\/\/www.jds.fr\/rouen\/manifestations\/festival\/atelier-enfant-les-decorations-de-fete-1191062_A\" rel=\"nofollow noopener\" target=\"_blank\"><img decoding=\"async\" loading=\"lazy\" src=\"https:\/\/www.europesays.com\/fr\/wp-content\/uploads\/2025\/06\/festival-1-453565-180-180.webp.webp\" width=\"180\" height=\"180\" alt=\"Atelier enfant : Les d\u00e9corations de f\u00eate\" class=\"border\"\/><\/a><\/li>\n<li class=\"col-12 pt-4\" data-view-id-type=\"1\" data-view-id=\"1092524\" data-view-bc=\"0\"><a class=\"image\" href=\"https:\/\/www.jds.fr\/rouen\/manifestations\/festival\/le-trio-melting-avenue-chante-noel-eglise-saint-martin-cailly-76690-1092524_A\" rel=\"nofollow noopener\" target=\"_blank\"><img decoding=\"async\" loading=\"lazy\" src=\"https:\/\/www.europesays.com\/fr\/wp-content\/uploads\/2025\/06\/festival-1-453565-180-180.webp.webp\" width=\"180\" height=\"180\" alt=\"Le Trio Melting Avenue chante No\u00ebl - Eglise Saint-Martin - (Cailly 76690)\" class=\"border\"\/><\/a><\/li>\n<li class=\"col-12 pt-4\" data-view-id-type=\"1\" data-view-id=\"925236\" data-view-bc=\"0\"><a class=\"d-block titre text-black mb-1 mb-md-2\" href=\"https:\/\/www.jds.fr\/rouen\/manifestations\/festival\/sortie-nature-les-contes-d-hiver-925236_A\" rel=\"nofollow noopener\" target=\"_blank\">Sortie Nature\u00a0: Les contes d&rsquo;hiver<\/a>Le 06\/12\/2025 Flamanville<br \/>\nElise partagera ses histoires givr\u00e9es. Lors de cette balade, vous d\u00e9couvrirez les occupations hivernales des animaux et leurs techniques pour ne pas avoir froid.<br \/>\n<a class=\"image\" href=\"https:\/\/www.jds.fr\/rouen\/manifestations\/festival\/sortie-nature-les-contes-d-hiver-925236_A\" rel=\"nofollow noopener\" target=\"_blank\"><img decoding=\"async\" loading=\"lazy\" src=\"https:\/\/www.europesays.com\/fr\/wp-content\/uploads\/2025\/06\/festival-1-453565-180-180.webp.webp\" width=\"180\" height=\"180\" alt=\"Sortie Nature : Les contes d'hiver\" class=\"border\"\/><\/a><\/li>\n<li class=\"col-12 pt-4\" data-view-id-type=\"1\" data-view-id=\"1241357\" data-view-bc=\"0\"><a class=\"d-block titre text-black mb-1 mb-md-2\" href=\"https:\/\/www.jds.fr\/rouen\/manifestations\/festival\/marche-de-noel-des-artisans-d-art-1241357_A\" rel=\"nofollow noopener\" target=\"_blank\">March\u00e9 de No\u00ebl des artisans d&rsquo;art<\/a>Du 06\/12\/2025 au 07\/12\/2025 Martainville-\u00c9preville\u00c0 l\u2019approche des f\u00eates, venez d\u00e9couvrir, dans le cadre f\u00e9\u00e9rique du ch\u00e2teau de Martainville, le march\u00e9 de No\u00ebl des artisans d\u2019art.<br \/>\nPour cette seconde \u00e9dition, de [\u2026]<a class=\"image\" href=\"https:\/\/www.jds.fr\/rouen\/manifestations\/festival\/marche-de-noel-des-artisans-d-art-1241357_A\" rel=\"nofollow noopener\" target=\"_blank\"><img decoding=\"async\" loading=\"lazy\" src=\"https:\/\/www.europesays.com\/fr\/wp-content\/uploads\/2025\/06\/festival-1-453565-180-180.webp.webp\" width=\"180\" height=\"180\" alt=\"March\u00e9 de No\u00ebl des artisans d'art\" class=\"border\"\/><\/a><\/li>\n<li class=\"li_gp_div li_gp_div_infeed\"\/>\n<li class=\"col-12 pt-4\" data-view-id-type=\"1\" data-view-id=\"1116232\" data-view-bc=\"0\"><a class=\"d-block titre text-black mb-1 mb-md-2\" href=\"https:\/\/www.jds.fr\/rouen\/manifestations\/festival\/parade-de-noel-1116232_A\" rel=\"nofollow noopener\" target=\"_blank\">Parade de No\u00ebl<\/a>Le 07\/12\/2025 Rouen10 chars, 120 danseurs et le P\u00e8re No\u00ebl sur son tra\u00eeneau d\u00e9fileront dans les rues de Rouen le 7 d\u00e9cembre. D\u00e9part Place des Emmur\u00e9es \u00e0 17h, arriv\u00e9e vers 18h sur le parvis de [\u2026]<a class=\"image\" href=\"https:\/\/www.jds.fr\/rouen\/manifestations\/festival\/parade-de-noel-1116232_A\" rel=\"nofollow noopener\" target=\"_blank\"><img decoding=\"async\" loading=\"lazy\" src=\"https:\/\/www.europesays.com\/fr\/wp-content\/uploads\/2025\/06\/festival-1-453565-180-180.webp.webp\" width=\"180\" height=\"180\" alt=\"Parade de No\u00ebl\" class=\"border\"\/><\/a><\/li>\n<li class=\"col-12 pt-4\" data-view-id-type=\"1\" data-view-id=\"1191173\" data-view-bc=\"0\"><a class=\"d-block titre text-black mb-1 mb-md-2\" href=\"https:\/\/www.jds.fr\/rouen\/manifestations\/festival\/atelier-enfant-decorer-une-carte-de-voeux-1191173_A\" rel=\"nofollow noopener\" target=\"_blank\">Atelier enfant\u00a0: D\u00e9corer une carte de voeux<\/a>Le 17\/12\/2025 Martainville-\u00c9previlleEn s\u2019inspirant des collections du mus\u00e9e, viens cr\u00e9er une carte de v\u0153ux originale pour souhaiter une belle ann\u00e9e \u00e0 tes proches.\n<p>Atelier encadr\u00e9 par un m\u00e9diateur culturel [\u2026]<a class=\"image\" href=\"https:\/\/www.jds.fr\/rouen\/manifestations\/festival\/atelier-enfant-decorer-une-carte-de-voeux-1191173_A\" rel=\"nofollow noopener\" target=\"_blank\"><img decoding=\"async\" loading=\"lazy\" src=\"https:\/\/www.europesays.com\/fr\/wp-content\/uploads\/2025\/06\/festival-1-453565-180-180.webp.webp\" width=\"180\" height=\"180\" alt=\"Atelier enfant : D\u00e9corer une carte de voeux\" class=\"border\"\/><\/a><\/li>\n<li class=\"col-12 pt-4\" data-view-id-type=\"1\" data-view-id=\"1241361\" data-view-bc=\"0\"><a class=\"d-block titre text-black mb-1 mb-md-2\" href=\"https:\/\/www.jds.fr\/rouen\/manifestations\/festival\/noel-de-l-avent-1241361_A\" rel=\"nofollow noopener\" target=\"_blank\">No\u00ebl de l&rsquo;Avent<\/a>Le 17\/12\/2025 Saint-Martin-de-BoschervilleNo\u00ebl a un peu d&rsquo;avance aux jardins de l&rsquo;abbaye Saint-Georges\u00a0:\n<p>Lectures de contes<br \/>\nAcc\u00e8s aux jardins<br \/>\nCr\u00eapes et vin chaud<\/p>\n<p>C&rsquo;est le moment de faire vos derniers achats avant [\u2026]<a class=\"image\" href=\"https:\/\/www.jds.fr\/rouen\/manifestations\/festival\/noel-de-l-avent-1241361_A\" rel=\"nofollow noopener\" target=\"_blank\"><img decoding=\"async\" loading=\"lazy\" src=\"https:\/\/www.europesays.com\/fr\/wp-content\/uploads\/2025\/06\/festival-1-453565-180-180.webp.webp\" width=\"180\" height=\"180\" alt=\"No\u00ebl de l'Avent\" class=\"border\"\/><\/a><\/li>\n<li class=\"col-12 pt-4\" data-view-id-type=\"1\" data-view-id=\"1244363\" data-view-bc=\"0\"><a class=\"d-block titre text-black mb-1 mb-md-2\" href=\"https:\/\/www.jds.fr\/rouen\/manifestations\/festival\/pool-party-1244363_A\" rel=\"nofollow noopener\" target=\"_blank\">Pool Party<\/a>Le 17\/12\/2025 MontvillePool Party \u00e0 la piscine Andr\u00e9 Martin\u00a0!<br \/>\nLe mercredi 17 d\u00e9cembre\u00a0: boum des coll\u00e8ges de Montville, Cl\u00e8res et Isneauville. Vous pourrez vous amuser et profiter d&rsquo;une [\u2026]<a class=\"image\" href=\"https:\/\/www.jds.fr\/rouen\/manifestations\/festival\/pool-party-1244363_A\" rel=\"nofollow noopener\" target=\"_blank\"><img decoding=\"async\" loading=\"lazy\" src=\"https:\/\/www.europesays.com\/fr\/wp-content\/uploads\/2025\/06\/festival-1-453565-180-180.webp.webp\" width=\"180\" height=\"180\" alt=\"Pool Party\" class=\"border\"\/><\/a><\/li>\n<li class=\"li_gp_div li_gp_div_infeed\"\/>\n<li class=\"col-12 pt-4\" data-view-id-type=\"1\" data-view-id=\"1173268\" data-view-bc=\"0\"><a class=\"d-block titre text-black mb-1 mb-md-2\" href=\"https:\/\/www.jds.fr\/rouen\/manifestations\/festival\/festival-mondial-de-la-magie-troisieme-edition-1173268_A\" rel=\"nofollow noopener\" target=\"_blank\">Festival Mondial de la Magie &#8211; Troisi\u00e8me Edition<\/a>Le 06\/12\/2026<a href=\"https:\/\/www.jds.fr\/rouen\/le-grand-quevilly\/salle-de-concert\/zenith-de-rouen-15867_L\" class=\"lieu font-size-14 text-gray-700 d-block lh-sm my-1\" rel=\"nofollow noopener\" target=\"_blank\"> Z\u00e9nith de Rouen &#8211; Le Grand-Quevilly<\/a>Festival Mondial de la Magie &#8211; Troisi\u00e8me Edition, un \u00e9v\u00e9nement \u00e0 voir \u00e0 Rouen (Z\u00e9nith de Rouen Le Grand-Quevilly), le 6 d\u00e9cembre 2026. Toutes les informations pratiques [\u2026]<a class=\"image\" href=\"https:\/\/www.jds.fr\/rouen\/manifestations\/festival\/festival-mondial-de-la-magie-troisieme-edition-1173268_A\" rel=\"nofollow noopener\" target=\"_blank\"><img decoding=\"async\" loading=\"lazy\" src=\"https:\/\/www.europesays.com\/fr\/wp-content\/uploads\/2025\/11\/1763279197_335_\" width=\"180\" height=\"180\" alt=\"Festival Mondial de la Magie - Troisi\u00e8me Edition\"\/><\/a><\/li>\n<\/ul>\n<p>Les actualit\u00e9s \u00e0  Rouen<\/p>\n<ul class=\"mt-3 list-unstyled list-articles-v2\">\n<li class=\"col-12 pt-4\" data-view-id-type=\"1\" data-view-id=\"1248887\" data-view-bc=\"0\"><a class=\"image\" href=\"https:\/\/www.jds.fr\/rouen\/magazine\/sorties-du-week-end\/rouen-notre-selection-de-sorties-du-week-end-du-14-au-16-novembre-1248887_A\" rel=\"nofollow noopener\" target=\"_blank\"><img decoding=\"async\" loading=\"lazy\" src=\"https:\/\/www.europesays.com\/fr\/wp-content\/uploads\/2025\/11\/foire-saint-romain-a-rouen-769689-180-180.webp.webp\" width=\"180\" height=\"180\" alt=\"Rouen : notre s\u00e9lection de sorties du week-end du 14 au 16 novembre\" class=\"border\"\/><\/a><\/li>\n<\/ul>\n<p><a href=\"https:\/\/www.jds.fr\/rouen\/le-grand-quevilly-31127_V\/magazine\/\" class=\"btn btn-outline-primary py-2 px-4\" rel=\"nofollow noopener\" target=\"_blank\">Voir toutes les actualit\u00e9s \u00e0  Rouen<\/a><\/p>\n<p class=\"mt-0 mb-3 h2\">Newsletter JDS Rouen<\/p>\n<p class=\"font-size-18 fw-normal lh-sm\">Pr\u00eat pour un week-end de folie\u00a0? Chaque jeudi tous les bons plans sorties<\/p>\n","protected":false},"excerpt":{"rendered":"Le 16\/11\/2025 Parc des Expositions de Rouen | Le Grand-Quevilly Plusieurs artistes pr\u00e9sents Seum 76&#13; Soul Trip&#13; Johan&hellip;\n","protected":false},"author":2,"featured_media":537699,"comment_status":"","ping_status":"","sticky":false,"template":"","format":"standard","meta":{"footnotes":""},"categories":[9587],"tags":[1111,11,1777,674,1011,27,12,5161,25,9590],"class_list":{"0":"post-537698","1":"post","2":"type-post","3":"status-publish","4":"format-standard","5":"has-post-thumbnail","7":"category-rouen","8":"tag-actu","9":"tag-actualites","10":"tag-eu","11":"tag-europe","12":"tag-fr","13":"tag-france","14":"tag-news","15":"tag-normandie","16":"tag-republique-francaise","17":"tag-rouen"},"share_on_mastodon":{"url":"https:\/\/pubeurope.com\/@fr\/115558273760209361","error":""},"_links":{"self":[{"href":"https:\/\/www.europesays.com\/fr\/wp-json\/wp\/v2\/posts\/537698","targetHints":{"allow":["GET"]}}],"collection":[{"href":"https:\/\/www.europesays.com\/fr\/wp-json\/wp\/v2\/posts"}],"about":[{"href":"https:\/\/www.europesays.com\/fr\/wp-json\/wp\/v2\/types\/post"}],"author":[{"embeddable":true,"href":"https:\/\/www.europesays.com\/fr\/wp-json\/wp\/v2\/users\/2"}],"replies":[{"embeddable":true,"href":"https:\/\/www.europesays.com\/fr\/wp-json\/wp\/v2\/comments?post=537698"}],"version-history":[{"count":0,"href":"https:\/\/www.europesays.com\/fr\/wp-json\/wp\/v2\/posts\/537698\/revisions"}],"wp:featuredmedia":[{"embeddable":true,"href":"https:\/\/www.europesays.com\/fr\/wp-json\/wp\/v2\/media\/537699"}],"wp:attachment":[{"href":"https:\/\/www.europesays.com\/fr\/wp-json\/wp\/v2\/media?parent=537698"}],"wp:term":[{"taxonomy":"category","embeddable":true,"href":"https:\/\/www.europesays.com\/fr\/wp-json\/wp\/v2\/categories?post=537698"},{"taxonomy":"post_tag","embeddable":true,"href":"https:\/\/www.europesays.com\/fr\/wp-json\/wp\/v2\/tags?post=537698"}],"curies":[{"name":"wp","href":"https:\/\/api.w.org\/{rel}","templated":true}]}}