{"id":537700,"date":"2025-11-16T07:47:14","date_gmt":"2025-11-16T07:47:14","guid":{"rendered":"https:\/\/www.europesays.com\/fr\/537700\/"},"modified":"2025-11-16T07:47:14","modified_gmt":"2025-11-16T07:47:14","slug":"grenoble-le-grand-cinema-de-neyrpic-attaque-par-ses-concurrents-la-justice-saisie","status":"publish","type":"post","link":"https:\/\/www.europesays.com\/fr\/537700\/","title":{"rendered":"Grenoble. Le grand cin\u00e9ma de Neyrpic attaqu\u00e9 par ses concurrents, la justice saisie"},"content":{"rendered":"<p>                    Par<br \/>\n        <strong><br \/>\n            <a href=\"https:\/\/actu.fr\/auteur\/redaction-grenoble\" title=\"Consulter tous les articles de R\u00e9daction Grenoble\" target=\"_blank\" rel=\"noopener\">R\u00e9daction Grenoble<\/a><br \/>\n                    <\/strong><\/p>\n<p>        Publi\u00e9 le<\/p>\n<p>            16 nov. 2025 \u00e0 6h16        <\/p>\n<p>La cour administrative d\u2019appel de Lyon s\u2019est pench\u00e9e ce jeudi 13\u00a0novembre 2025 sur les recours d\u00e9pos\u00e9s par les repr\u00e9sentants des <strong>cin\u00e9mas d\u2019art et d\u2019essai, mais aussi par le groupe Path\u00e9<\/strong>, qui s\u2019opposent tous deux \u00e0 l\u2019installation d\u2019un nouveau <a href=\"https:\/\/actu.fr\/auvergne-rhone-alpes\/saint-martin-d-heres_38421\/grenoble-un-nouveau-cinema-va-ouvrir-a-neyrpic-on-en-sait-plus-sur-ce-grand-projet_63334475.html\" target=\"_blank\" rel=\"noopener\">cin\u00e9ma M\u00e9garama<\/a> dans le <a href=\"https:\/\/actu.fr\/auvergne-rhone-alpes\/saint-martin-d-heres_38421\/grenoble-un-an-apres-son-ouverture-neyrpic-cartonne-et-annonce-des-nouveautes_63334138.html\" target=\"_blank\" rel=\"noopener\">centre commercial Neyrpic<\/a> de Saint-Martin-d\u2019H\u00e8res (<a href=\"https:\/\/actu.fr\/auvergne-rhone-alpes\/isere_38\" target=\"_blank\" rel=\"noopener\">Is\u00e8re<\/a>), pr\u00e8s de <a href=\"https:\/\/actu.fr\/grenoble\/\" target=\"_blank\" rel=\"noopener\">Grenoble<\/a>.<br \/>Pour rappel, au lancement du projet, le complexe devait compter neuf salles de cin\u00e9mas, pour un total de 1\u2009500 places. Mais cette premi\u00e8re mouture du projet avait \u00e9t\u00e9 <a href=\"https:\/\/actu.fr\/auvergne-rhone-alpes\/saint-martin-d-heres_38421\/grenoble-le-cinema-geant-de-neyrpic-plus-petit-que-prevu-les-dernieres-infos_62097217.html\" target=\"_blank\" rel=\"noopener\">retoqu\u00e9e<\/a> et, en avril\u00a02024, la Commission nationale d\u2019am\u00e9nagement cin\u00e9matographique (CNAC) avait finalement autoris\u00e9 l\u2019installation d\u2019un cin\u00e9ma de \u00ab\u2009six salles et 1\u2009233 places\u2009\u00bb. Soit \u00ab\u200933\u2009% de salles en moins\u2009\u00bb et \u00ab\u200920\u2009% de si\u00e8ges en moins\u2009\u00bb, a r\u00e9sum\u00e9 en d\u2019autres termes l\u2019avocat des Halles de Neyrpic.<\/p>\n<p>\u00ab\u2009D\u2019apparence, le projet est r\u00e9duit, mais en r\u00e9alit\u00e9 pas tant que \u00e7a\u2009\u00bb<\/p>\n<p class=\" wall-content\">\u00ab\u2009D\u2019apparence, le projet est r\u00e9duit, mais en r\u00e9alit\u00e9 pas tant que \u00e7a\u2009\u00bb, a toutefois object\u00e9 l\u2019avocat des cin\u00e9mas Path\u00e9 d\u2019Echirolles et du centre-ville de Grenoble, qui comptent respectivement dix et douze salles. Le \u00ab\u2009nombre d\u2019entr\u00e9es attendues\u2009\u00bb n\u2019a en effet pas \u00e9t\u00e9 \u00ab\u2009r\u00e9duit\u2009\u00bb dans les m\u00eames proportions, a-t-il fait observer aux juges.<\/p>\n<p class=\" wall-content\">De son c\u00f4t\u00e9, l\u2019Association des cin\u00e9mas de recherche ind\u00e9pendants de la r\u00e9gion alpine (ACRIRA) et le Syndicat des cin\u00e9mas d\u2019art de r\u00e9pertoire et d\u2019essai (SCARE) ont, eux aussi, introduit leur propre recours contre l\u2019ouverture du nouveau M\u00e9garama. Il va avoir un \u00ab\u2009<strong>effet n\u00e9gatif<\/strong>\u2009\u00bb sur la \u00ab\u2009diversit\u00e9 cin\u00e9matographique\u2009\u00bb de la zone et sur \u00ab\u2009l\u2019am\u00e9nagement culturel du territoire\u2009\u00bb, sont-ils convaincus.<\/p>\n<p>Des \u00ab\u2009facilit\u00e9s d\u2019acc\u00e8s\u2009\u00bb d\u00e9loyales par rapport aux concurrents\u2009?<\/p>\n<p class=\" wall-content\">Les cin\u00e9mas d\u2019art et essai rencontrent d\u00e9j\u00e0 \u00ab\u2009des difficult\u00e9s d\u2019acc\u00e8s aux films\u2009\u00bb et leur \u00ab\u2009survie\u2009\u00bb d\u00e9pend de l\u2019arriv\u00e9e \u2013 ou non \u2013 du M\u00e9garama. Les \u00ab\u2009facilit\u00e9s d\u2019acc\u00e8s\u2009\u00bb \u00e0 ce nouveau concurrent \u2013 un parking, mais aussi des \u00ab\u2009mobilit\u00e9s douces\u2009\u00bb comme le bus, le v\u00e9lo ou encore le tramway \u2013 ne sont \u00ab\u2009pas donn\u00e9es aux cin\u00e9mas d\u2019art et essai\u2009\u00bb, souligne leur avocate. \u00ab\u2009Le public va se d\u00e9tourner\u2009\u00bb de leurs salles d\u2019art et d\u2019essai, pense-t-elle donc, d\u2019autant qu\u2019ils ne diffusent souvent pas les films \u00ab\u2009grand public\u2009\u00bb.<\/p>\n<p class=\" wall-content\">Mais la rapporteure publique \u2013 dont les avis sont souvent suivis par les juges \u2013 a estim\u00e9 ce jeudi 13\u00a0novembre 2025 que ni le SCARE ni l\u2019ACRIRA n\u2019avaient \u00ab\u2009d\u2019int\u00e9r\u00eat \u00e0 agir\u2009\u00bb dans ce dossier. Le premier, qui repr\u00e9sente pr\u00e8s de 450\u00a0salles de cin\u00e9mas partout en France, a un \u00ab\u2009champ d\u2019action national\u2009\u00bb alors que l\u2019ouverture du cin\u00e9ma M\u00e9garama <strong>n\u2019a qu\u2019une \u00ab\u2009port\u00e9e locale\u2009\u00bb<\/strong>.<\/p>\n<p class=\" wall-content\">L\u2019objet social du syndicat est par ailleurs \u00ab\u2009trop g\u00e9n\u00e9ral\u2009\u00bb et \u00ab\u2009peu pr\u00e9cis\u2009\u00bb. Quant au but de l\u2019ACRIRA, une association qui repr\u00e9sente soixante-sept cin\u00e9mas de la r\u00e9gion \u2013 dont le M\u00e9li\u00e8s et la Nef situ\u00e9s dans la zone industrielle commerciale (ZIC) \u2013 il est \u00ab\u2009trop vague\u2009\u00bb, \u00ab\u2009impr\u00e9cis\u2009\u00bb et \u00ab\u2009sans rapport\u2009\u00bb avec le litige.<\/p>\n<p>Un projet qui \u00ab\u2009s\u2019ins\u00e8re parfaitement dans le paysage\u2009\u00bb<\/p>\n<p class=\" wall-content\">En tout \u00e9tat de cause, le cin\u00e9ma M\u00e9garama devrait surtout accueillir les \u00ab\u2009habitants de l\u2019est de l\u2019agglom\u00e9ration\u2009\u00bb grenobloise et les \u00ab\u2009\u00e9tudiants\u2009\u00bb du campus voisin. Un atout pour la zone qui \u00ab\u2009ne compte plus de cin\u00e9ma g\u00e9n\u00e9raliste depuis 2024\u2009\u00bb et la fermeture du 6 Rex, consid\u00e8re la magistrate lyonnaise. Pour le reste, <strong>le projet \u00ab\u2009s\u2019ins\u00e8re parfaitement dans le paysage\u2009\u00bb<\/strong> et s\u2019implante \u00ab\u2009dans le nouveau c\u0153ur de ville de Saint-Martin-d\u2019H\u00e8res qui est desservi par les mobilit\u00e9s douces\u2009\u00bb, a-t-elle positiv\u00e9.<\/p>\n<p>Votre r\u00e9gion, votre actu !<\/p>\n<p>Recevez chaque jour les infos qui comptent pour vous.<\/p>\n<p>\t<a href=\"https:\/\/actu.fr\/newsletter\" class=\"ac-btn ac-btn--corner ac-btn--medium ac-btn--blue800\" target=\"_blank\" rel=\"noopener\">S&rsquo;incrire<\/a><\/p>\n<p class=\" wall-content\">Quant \u00e0 la programmation, il y a d\u00e9j\u00e0 eu un \u00ab\u2009accord\u2009\u00bb entre le cin\u00e9ma municipal Mon Cin\u00e9 et M\u00e9garama pour une \u00ab\u2009programmation compl\u00e9mentaire\u2009\u00bb, a rappel\u00e9 de son c\u00f4t\u00e9 l\u2019avocat des Halles de Neyrpic. L\u2019impact du projet sur les cin\u00e9mas ind\u00e9pendants \u00e0 proximit\u00e9 devrait donc \u00eatre \u00ab\u2009extr\u00eamement r\u00e9duit\u2009\u00bb, en a-t-il d\u00e9duit. La cour administrative d\u2019appel de Lyon, qui a mis sa d\u00e9cision en <strong>d\u00e9lib\u00e9r\u00e9<\/strong>, devrait rendre son arr\u00eat dans les prochaines semaines.<\/p>\n<p class=\" wall-content\"><strong>MJ et GF (PressPepper)<\/strong><\/p>\n<p class=\" wall-content\">Personnalisez votre actualit\u00e9 en ajoutant vos villes et m\u00e9dias en favori avec <a href=\"https:\/\/moncompte.actu.fr\" title=\"D\u00e9couvez Mon Actu\" rel=\"nofollow noopener\" data-trk=\"{&quot;cta&quot;:{&quot;action&quot;:&quot;https:\\\/\\\/moncompte.actu.fr&quot;,&quot;category&quot;:&quot;mon compte&quot;,&quot;from&quot;:&quot;article footer&quot;,&quot;name&quot;:&quot;Mon actu&quot;,&quot;type&quot;:&quot;cta&quot;}}\" target=\"_blank\">Mon Actu<\/a>.<\/p>\n","protected":false},"excerpt":{"rendered":"Par R\u00e9daction Grenoble Publi\u00e9 le 16 nov. 2025 \u00e0 6h16 La cour administrative d\u2019appel de Lyon s\u2019est pench\u00e9e&hellip;\n","protected":false},"author":2,"featured_media":537701,"comment_status":"","ping_status":"","sticky":false,"template":"","format":"standard","meta":{"footnotes":""},"categories":[9566],"tags":[1111,11,2430,9577,650,33,1777,674,1011,27,2731,303,12,25],"class_list":{"0":"post-537700","1":"post","2":"type-post","3":"status-publish","4":"format-standard","5":"has-post-thumbnail","7":"category-grenoble","8":"tag-actu","9":"tag-actualites","10":"tag-auvergne-rhone-alpes","11":"tag-centre-commercial-neyrpic","12":"tag-cinema","13":"tag-economie","14":"tag-eu","15":"tag-europe","16":"tag-fr","17":"tag-france","18":"tag-grenoble","19":"tag-justice","20":"tag-news","21":"tag-republique-francaise"},"share_on_mastodon":{"url":"https:\/\/pubeurope.com\/@fr\/115558275084870511","error":""},"_links":{"self":[{"href":"https:\/\/www.europesays.com\/fr\/wp-json\/wp\/v2\/posts\/537700","targetHints":{"allow":["GET"]}}],"collection":[{"href":"https:\/\/www.europesays.com\/fr\/wp-json\/wp\/v2\/posts"}],"about":[{"href":"https:\/\/www.europesays.com\/fr\/wp-json\/wp\/v2\/types\/post"}],"author":[{"embeddable":true,"href":"https:\/\/www.europesays.com\/fr\/wp-json\/wp\/v2\/users\/2"}],"replies":[{"embeddable":true,"href":"https:\/\/www.europesays.com\/fr\/wp-json\/wp\/v2\/comments?post=537700"}],"version-history":[{"count":0,"href":"https:\/\/www.europesays.com\/fr\/wp-json\/wp\/v2\/posts\/537700\/revisions"}],"wp:featuredmedia":[{"embeddable":true,"href":"https:\/\/www.europesays.com\/fr\/wp-json\/wp\/v2\/media\/537701"}],"wp:attachment":[{"href":"https:\/\/www.europesays.com\/fr\/wp-json\/wp\/v2\/media?parent=537700"}],"wp:term":[{"taxonomy":"category","embeddable":true,"href":"https:\/\/www.europesays.com\/fr\/wp-json\/wp\/v2\/categories?post=537700"},{"taxonomy":"post_tag","embeddable":true,"href":"https:\/\/www.europesays.com\/fr\/wp-json\/wp\/v2\/tags?post=537700"}],"curies":[{"name":"wp","href":"https:\/\/api.w.org\/{rel}","templated":true}]}}