{"id":537707,"date":"2025-11-16T07:53:11","date_gmt":"2025-11-16T07:53:11","guid":{"rendered":"https:\/\/www.europesays.com\/fr\/537707\/"},"modified":"2025-11-16T07:53:11","modified_gmt":"2025-11-16T07:53:11","slug":"rencontre-avec-deux-refuzniks-israeliens-mercredi-19-novembre-a-strasbourg","status":"publish","type":"post","link":"https:\/\/www.europesays.com\/fr\/537707\/","title":{"rendered":"Rencontre avec deux refuzniks isra\u00e9liens mercredi 19 novembre \u00e0 Strasbourg"},"content":{"rendered":"<p class=\"wp-block-post-excerpt__excerpt\">Deux jeunes militants isra\u00e9liens ayant refus\u00e9 de s\u2019engager dans l\u2019arm\u00e9e seront \u00e0 Strasbourg pour une rencontre mercredi 19 novembre. Ils raconteront cet engagement face au gouvernement d\u2019extr\u00eame droite de Benjamin Netanyahou.\u00a0 <\/p>\n<p class=\"font-sans\">\n\t\t\tCet article est en acc\u00e8s libre. Pour soutenir Rue89 Strasbourg,<br \/>\n\t\t\t<a class=\"underline\" href=\"https:\/\/www.rue89strasbourg.com\/abonnement\" target=\"_blank\" rel=\"noopener\">abonnez-vous<\/a>.\n\t\t<\/p>\n<p>Antoine Hild<\/p>\n<p>Publi\u00e9 le 16 novembre 2025\u00a0\u00a0\u00b7\u00a0\u00a0<\/p>\n<p>Imprim\u00e9 le 16 novembre 2025 \u00e0 08h10\u00a0\u00a0\u00b7\u00a0\u00a0<\/p>\n<p>\t\t\t\t\t2\u00a0minutes\n<\/p>\n<p>\u00c0 la mani\u00e8re du D\u00e9serteur de Boris Vian, Itamar Greenberg et Soul Behar Tsalik, 19 ans tous les deux, ont refus\u00e9 de servir dans l\u2019arm\u00e9e de leur pays, Isra\u00ebl. Ne pas r\u00e9aliser son service militaire obligatoire (2 ans et 8 mois pour les hommes et 2 ans pour les femmes)<a href=\"https:\/\/www.mediapart.fr\/journal\/international\/040525\/nous-refusons-ces-israeliens-qui-ne-veulent-plus-servir-sous-les-drapeaux\" target=\"_blank\" rel=\"noreferrer noopener\"> y est passible d\u2019une peine de prison militaire<\/a>. <a href=\"https:\/\/www.amnesty.be\/infos\/notre-magazine-le-fil\/automne-2025\/article\/israeliens-refusent-combattre\" target=\"_blank\" rel=\"noreferrer noopener\">L\u2019objection de conscience<\/a> est pourtant un droit humain.<\/p>\n<p>Les deux militants viennent t\u00e9moigner \u00e0 l\u2019invitation du Mouvement pour une alternative non-violente (<a href=\"https:\/\/nonviolence.fr\/\" target=\"_blank\" rel=\"noopener\">MAN<\/a>) et de <a href=\"http:\/\/raja.tikva.free.fr\/\" target=\"_blank\" rel=\"noopener\">Raja Tikva<\/a>, association d\u2019amiti\u00e9 arabo-juive en Rh\u00f4ne-Alpes, dans le cadre d\u2019une tourn\u00e9e \u00e0 travers la France. Itamar Greenberg et Soul Behar Tsalik militent eux dans l\u2019association isra\u00e9lienne <a href=\"https:\/\/en.wikipedia.org\/wiki\/Mesarvot\" target=\"_blank\" rel=\"noreferrer noopener\">Mesarvot<\/a>, qui soutient des objecteurs de conscience.<\/p>\n<p>Ces deux <a href=\"https:\/\/fr.wikipedia.org\/wiki\/Refuznik_(Isra%C3%ABl)\" target=\"_blank\" rel=\"noopener\">\u00ab\u00a0refuzniks\u00a0\u00bb<\/a> (personnes refusant le service militaire) se sont engag\u00e9s dans cette d\u00e9marche en r\u00e9action \u00e0 la politique d\u2019extr\u00eame droite du gouvernement de Benjamin Netanyahou, qui encourage la colonisation en Cisjordanie et qui a men\u00e9 une guerre dans la bande de Gaza ayant fait pr\u00e8s de <a href=\"https:\/\/www.humanite.fr\/monde\/armee-israelienne\/67-869-palestiniens-tues-leffroyable-bilan-de-deux-ans-de-genocide-a-gaza\" target=\"_blank\" rel=\"noopener\">70\u00a0000 morts<\/a> \u00e0 la suite des attaques du 7 octobre 2023.<\/p>\n<blockquote class=\"wp-block-pullquote\" id=\"quote-623591\">\n<p>\u00ab\u00a0Je ne voulais pas \u00eatre impliqu\u00e9 dans un g\u00e9nocide\u00a0\u00bb<\/p>\n<p>Itamar Greenberg<\/p><\/blockquote>\n<p>Itamar Greenberg, \u00e9tudiant en droit \u00e0 Tel-Aviv et issu d\u2019une famille <a href=\"https:\/\/fr.wikipedia.org\/wiki\/Haredim\" target=\"_blank\" rel=\"noreferrer noopener\">haredim ultra-orthodoxe<\/a>, a d\u00e9j\u00e0 purg\u00e9 197 jours de d\u00e9tention. Cinq peines cons\u00e9cutives de prison ont \u00e9t\u00e9 prononc\u00e9es contre lui suite \u00e0 son refus d\u2019effectuer son service militaire. C\u2019est la plus longue d\u00e9tention pour un objecteur de conscience depuis les ann\u00e9es 2000, <a href=\"https:\/\/nonviolence.fr\/Tournee-de-2-objecteurs-israeliens-du-14-au-27-novembre-2025\" target=\"_blank\" rel=\"noopener\">selon le MAN<\/a>.<\/p>\n<p>Itamar Greenberg, explique dans une <a href=\"https:\/\/www.amnesty.fr\/actualites\/temoignage-jeune-militant-israelien-refuse-servir-armee\" target=\"_blank\" rel=\"noopener\">tribune<\/a> pour Amnesty International\u00a0:<\/p>\n<blockquote class=\"wp-block-quote is-layout-flow wp-block-quote-is-layout-flow\">\n<p>\u00ab\u00a0Je n\u2019ai pas pris cette d\u00e9cision de mani\u00e8re soudaine, je l\u2019ai m\u00fbrie au cours d\u2019un long processus d\u2019apprentissage et de prise de conscience morale. Plus j\u2019avan\u00e7ais dans mes r\u00e9flexions, plus j\u2019\u00e9tais convaincu que je ne pourrais pas rev\u00eatir un uniforme symbole de meurtre et d\u2019oppression.\u202f Ces consid\u00e9rations ont \u00e0 voir avec le fait de refuser de servir dans le contexte de l\u2019occupation. Mais dans mon cas, j\u2019ai \u00e9galement refus\u00e9 de m\u2019enr\u00f4ler parce que je ne voulais pas \u00eatre impliqu\u00e9 dans la perp\u00e9tration du g\u00e9nocide \u00e0 Gaza.\u00a0\u00bb <\/p>\n<\/blockquote>\n<p>Soul Behar Tsalik est aussi originaire de Tel-Aviv. Il a pass\u00e9 deux mois en prison militaire apr\u00e8s son refus de s\u2019engager. \u00ab\u00a0Mettre fin \u00e0 la pr\u00e9sence isra\u00e9lienne \u00e0 Gaza n\u2019est pas seulement la bonne chose \u00e0 faire pour les Palestiniens. C\u2019est aussi ce qu\u2019il faut faire pour la s\u00e9curit\u00e9 et l\u2019avenir des Isra\u00e9liens\u00a0\u00bb, indique-t-il dans une <a href=\"https:\/\/www.pressenza.com\/fr\/2024\/12\/deux-objecteurs-de-conscience-ne-veulent-pas-sengager-dans-larmee-israelienne-sortez-de-gaza-maintenant\/\" target=\"_blank\" rel=\"noopener\">tribune<\/a> pour Mesarvot.<\/p>\n<p>Y <strong>aller<\/strong><\/p>\n<p><strong>Conf\u00e9rence \u00ab\u00a0Ils refusent de servir dans l\u2019arm\u00e9e isra\u00e9lienne\u00a0\u00bb, <\/strong>mercredi 19 novembre 2025 \u00e0 20h, Foyer de l\u2019\u00e9tudiant catholique (FEC), salle L\u00e9on XIII, 17 place Saint-\u00c9tienne \u00e0 Strasbourg \u2013 centre-ville.<\/p>\n","protected":false},"excerpt":{"rendered":"Deux jeunes militants isra\u00e9liens ayant refus\u00e9 de s\u2019engager dans l\u2019arm\u00e9e seront \u00e0 Strasbourg pour une rencontre mercredi 19&hellip;\n","protected":false},"author":2,"featured_media":537708,"comment_status":"","ping_status":"","sticky":false,"template":"","format":"standard","meta":{"footnotes":""},"categories":[2820],"tags":[1111,11,1813,1777,674,1011,27,775,664,12,3518,25,640],"class_list":{"0":"post-537707","1":"post","2":"type-post","3":"status-publish","4":"format-standard","5":"has-post-thumbnail","7":"category-strasbourg","8":"tag-actu","9":"tag-actualites","10":"tag-armee","11":"tag-eu","12":"tag-europe","13":"tag-fr","14":"tag-france","15":"tag-grand-est","16":"tag-israel","17":"tag-news","18":"tag-palestine","19":"tag-republique-francaise","20":"tag-strasbourg"},"share_on_mastodon":{"url":"https:\/\/pubeurope.com\/@fr\/115558298659296246","error":""},"_links":{"self":[{"href":"https:\/\/www.europesays.com\/fr\/wp-json\/wp\/v2\/posts\/537707","targetHints":{"allow":["GET"]}}],"collection":[{"href":"https:\/\/www.europesays.com\/fr\/wp-json\/wp\/v2\/posts"}],"about":[{"href":"https:\/\/www.europesays.com\/fr\/wp-json\/wp\/v2\/types\/post"}],"author":[{"embeddable":true,"href":"https:\/\/www.europesays.com\/fr\/wp-json\/wp\/v2\/users\/2"}],"replies":[{"embeddable":true,"href":"https:\/\/www.europesays.com\/fr\/wp-json\/wp\/v2\/comments?post=537707"}],"version-history":[{"count":0,"href":"https:\/\/www.europesays.com\/fr\/wp-json\/wp\/v2\/posts\/537707\/revisions"}],"wp:featuredmedia":[{"embeddable":true,"href":"https:\/\/www.europesays.com\/fr\/wp-json\/wp\/v2\/media\/537708"}],"wp:attachment":[{"href":"https:\/\/www.europesays.com\/fr\/wp-json\/wp\/v2\/media?parent=537707"}],"wp:term":[{"taxonomy":"category","embeddable":true,"href":"https:\/\/www.europesays.com\/fr\/wp-json\/wp\/v2\/categories?post=537707"},{"taxonomy":"post_tag","embeddable":true,"href":"https:\/\/www.europesays.com\/fr\/wp-json\/wp\/v2\/tags?post=537707"}],"curies":[{"name":"wp","href":"https:\/\/api.w.org\/{rel}","templated":true}]}}