{"id":537711,"date":"2025-11-16T07:55:12","date_gmt":"2025-11-16T07:55:12","guid":{"rendered":"https:\/\/www.europesays.com\/fr\/537711\/"},"modified":"2025-11-16T07:55:12","modified_gmt":"2025-11-16T07:55:12","slug":"retards-et-annulations-laeroport-de-nice-parmi-les-pires-eleves-en-2025-des-chiffres-accablants","status":"publish","type":"post","link":"https:\/\/www.europesays.com\/fr\/537711\/","title":{"rendered":"Retards et annulations, l&rsquo;a\u00e9roport de Nice parmi les pires \u00e9l\u00e8ves en 2025 : des chiffres accablants"},"content":{"rendered":"<p>                    Par<br \/>\n        <strong><br \/>\n            <a href=\"https:\/\/actu.fr\/auteur\/arthur-frand\" title=\"Consulter tous les articles de Arthur Frand\" rel=\"nofollow noopener\" target=\"_blank\">Arthur Frand<\/a><br \/>\n                    <\/strong><\/p>\n<p>        Publi\u00e9 le<\/p>\n<p>            16 nov. 2025 \u00e0 8h14        <\/p>\n<p>C\u2019est un <a href=\"https:\/\/actu.fr\/provence-alpes-cote-d-azur\/nice_06088\/retards-de-vols-en-pagaille-a-l-aeroport-de-nice-la-direction-designe-un-coupable_63234894.html\" rel=\"nofollow noopener\" target=\"_blank\">probl\u00e8me identifi\u00e9<\/a> mais qui continue d\u2019agacer les passagers. Au d\u00e9part et \u00e0 l\u2019arriv\u00e9e de l\u2019a\u00e9roport de <a href=\"https:\/\/actu.fr\/nice\/\" rel=\"nofollow noopener\" target=\"_blank\">Nice<\/a> C\u00f4te d\u2019Azur (<a href=\"https:\/\/actu.fr\/provence-alpes-cote-d-azur\/alpes-maritimes_06\" rel=\"nofollow noopener\" target=\"_blank\">Alpes-Maritimes<\/a>), les retards sont devenus <strong>une habitude<\/strong> sur une grande partie des vols. Des retards qui vont de 15\u00a0minutes \u00e0 plusieurs heures parfois. Au niveau national, l\u2019a\u00e9roport ni\u00e7ois figure parmi<strong> les plus mauvais \u00e9l\u00e8ves<\/strong> en la mati\u00e8re en 2025.<\/p>\n<p>    <a href=\"https:\/\/www.google.com\/maps\/embed?pb=!1m18!1m12!1m3!1d11545.312100822071!2d7.204237600684263!3d43.66214728440655!2m3!1f0!2f0!3f0!3m2!1i1024!2i768!4f13.1!3m3!1m2!1s0x12cdd11897ae99f3%3A0x80532b1cc923c1b4!2zQcOpcm9wb3J0IE5pY2UgQ8O0dGUgZOKAmUF6dXI!5e0!3m2!1sfr!2sfr!4v1763131932240!5m2!1sfr!2sfr\" title=\"Ouvrie le lien\" rel=\"nofollow noopener\" target=\"_blank\">Cliquez ici pour visualiser le contenu<\/a><\/p>\n<p class=\" wall-content\">L\u2019a\u00e9roport de Nice C\u00f4te d\u2019Azur est le deuxi\u00e8me a\u00e9roport qui enregistre <strong>le plus de retards<\/strong>, au d\u00e9part des vols selon un classement de la soci\u00e9t\u00e9 Flightright, sp\u00e9cialis\u00e9e dans l\u2019indemnisation des passagers victimes de perturbations. Derri\u00e8re l\u2019a\u00e9roport Paris-Charles-de-Gaulle.<\/p>\n<p>38\u2009% des vols retard\u00e9s au d\u00e9part \u00e0 Nice<\/p>\n<p class=\" wall-content\">Selon Flightright, 21\u2009018 vols ne sont partis \u00e0 l\u2019heure au d\u00e9part sur 55\u2009275 vols comptabilis\u00e9s entre le 1er\u00a0janvier et le 27\u00a0octobre 2025. Soit <strong>38\u2009% des vols retard\u00e9s<\/strong> (contre 39\u2009% pour Paris CDG). \u00c0 titre de comparaison, l\u2019a\u00e9roport de Marseille n\u2019enregistre que 29\u2009% de vols retard\u00e9s.<\/p>\n<p class=\" wall-content\">Cette augmentation des retards s\u2019est g\u00e9n\u00e9ralis\u00e9e dans l\u2019Hexagone. Selon Flightright, depuis le d\u00e9but de l\u2019ann\u00e9e, en moyenne plus de 30\u2009% des vols sont retard\u00e9s dans les principaux a\u00e9roports fran\u00e7ais. Une tendance stable sur les trois derni\u00e8res ann\u00e9es, mais qui affecte les usagers.<\/p>\n<p>L\u2019a\u00e9roport o\u00f9 il y a eu le plus de vols annul\u00e9s en 2025<\/p>\n<p class=\" wall-content\">Outre les retards, selon Flightright, c\u2019est \u00e0 l\u2019a\u00e9roport Nice C\u00f4te d\u2019Azur qu\u2019il y a eu le plus de vols purement et simplement<strong> annul\u00e9s<\/strong>\u2009en 2025\u2009: 709 sur 55\u2009275 vols, soit 1,28\u2009% de vols annul\u00e9s. L\u2019a\u00e9roport Paris CDG en comptabilise 0,96\u2009%.<\/p>\n<p class=\" wall-content\">Pour analyser le trafic a\u00e9rien, Flightright explique recenser les vols annul\u00e9s et retard\u00e9s d\u00e8s 15\u00a0minutes \u00e0 l\u2019arriv\u00e9e, un seuil \u00e0 partir duquel les correspondances peuvent \u00eatre compromises. Si ce retard exc\u00e8de les 3\u00a0heures \u00e0 destination alors les voyageurs peuvent demander une indemnisation comprise entre 250 et 600\u00a0\u20ac. La soci\u00e9t\u00e9 aide alors les passagers \u00e0 obtenir une indemnisation.<\/p>\n<p>Votre r\u00e9gion, votre actu !<\/p>\n<p>Recevez chaque jour les infos qui comptent pour vous.<\/p>\n<p>\t<a href=\"https:\/\/actu.fr\/newsletter\" class=\"ac-btn ac-btn--corner ac-btn--medium ac-btn--blue800\" rel=\"nofollow noopener\" target=\"_blank\">S&rsquo;incrire<\/a><\/p>\n<p class=\" wall-content\">En r\u00e9ponse \u00e0 ces retards r\u00e9p\u00e9t\u00e9s, Franck Goldnadel avait d\u00e9clar\u00e9, en octobre\u00a02025, que \u00ab\u2009l\u2019a\u00e9roport de Nice \u00e9tait <a href=\"https:\/\/actu.fr\/provence-alpes-cote-d-azur\/nice_06088\/retards-de-vols-en-pagaille-a-l-aeroport-de-nice-la-direction-designe-un-coupable_63234894.html\" rel=\"nofollow noopener\" target=\"_blank\">le plus maltrait\u00e9<\/a>\u2009\u00bb, ciblant directement <strong>cibl\u00e9 le contr\u00f4le a\u00e9rien<\/strong>. \u00ab\u2009L\u2019immense majorit\u00e9 des retards est due au contr\u00f4le a\u00e9rien, pilot\u00e9 depuis Aix-en-Provence\u2009\u00bb, a assur\u00e9 le pr\u00e9sident de l\u2019a\u00e9roport de Nice. Un manque r\u00e9el de contr\u00f4leurs a\u00e9riens \u00e9tait avanc\u00e9.<\/p>\n<p class=\" wall-content\">Personnalisez votre actualit\u00e9 en ajoutant vos villes et m\u00e9dias en favori avec <a href=\"https:\/\/moncompte.actu.fr\" title=\"D\u00e9couvez Mon Actu\" rel=\"nofollow noopener\" data-trk=\"{&quot;cta&quot;:{&quot;action&quot;:&quot;https:\\\/\\\/moncompte.actu.fr&quot;,&quot;category&quot;:&quot;mon compte&quot;,&quot;from&quot;:&quot;article footer&quot;,&quot;name&quot;:&quot;Mon actu&quot;,&quot;type&quot;:&quot;cta&quot;}}\" target=\"_blank\">Mon Actu<\/a>.<\/p>\n","protected":false},"excerpt":{"rendered":"Par Arthur Frand Publi\u00e9 le 16 nov. 2025 \u00e0 8h14 C\u2019est un probl\u00e8me identifi\u00e9 mais qui continue d\u2019agacer&hellip;\n","protected":false},"author":2,"featured_media":537712,"comment_status":"","ping_status":"","sticky":false,"template":"","format":"standard","meta":{"footnotes":""},"categories":[2819],"tags":[1111,11,1777,674,1011,27,12,2401,2897,882,25,104],"class_list":{"0":"post-537711","1":"post","2":"type-post","3":"status-publish","4":"format-standard","5":"has-post-thumbnail","7":"category-nice","8":"tag-actu","9":"tag-actualites","10":"tag-eu","11":"tag-europe","12":"tag-fr","13":"tag-france","14":"tag-news","15":"tag-nice","16":"tag-nice-cote-dazur","17":"tag-provence-alpes-cote-dazur","18":"tag-republique-francaise","19":"tag-societe"},"share_on_mastodon":{"url":"https:\/\/pubeurope.com\/@fr\/115558306594948881","error":""},"_links":{"self":[{"href":"https:\/\/www.europesays.com\/fr\/wp-json\/wp\/v2\/posts\/537711","targetHints":{"allow":["GET"]}}],"collection":[{"href":"https:\/\/www.europesays.com\/fr\/wp-json\/wp\/v2\/posts"}],"about":[{"href":"https:\/\/www.europesays.com\/fr\/wp-json\/wp\/v2\/types\/post"}],"author":[{"embeddable":true,"href":"https:\/\/www.europesays.com\/fr\/wp-json\/wp\/v2\/users\/2"}],"replies":[{"embeddable":true,"href":"https:\/\/www.europesays.com\/fr\/wp-json\/wp\/v2\/comments?post=537711"}],"version-history":[{"count":0,"href":"https:\/\/www.europesays.com\/fr\/wp-json\/wp\/v2\/posts\/537711\/revisions"}],"wp:featuredmedia":[{"embeddable":true,"href":"https:\/\/www.europesays.com\/fr\/wp-json\/wp\/v2\/media\/537712"}],"wp:attachment":[{"href":"https:\/\/www.europesays.com\/fr\/wp-json\/wp\/v2\/media?parent=537711"}],"wp:term":[{"taxonomy":"category","embeddable":true,"href":"https:\/\/www.europesays.com\/fr\/wp-json\/wp\/v2\/categories?post=537711"},{"taxonomy":"post_tag","embeddable":true,"href":"https:\/\/www.europesays.com\/fr\/wp-json\/wp\/v2\/tags?post=537711"}],"curies":[{"name":"wp","href":"https:\/\/api.w.org\/{rel}","templated":true}]}}