{"id":537713,"date":"2025-11-16T07:56:12","date_gmt":"2025-11-16T07:56:12","guid":{"rendered":"https:\/\/www.europesays.com\/fr\/537713\/"},"modified":"2025-11-16T07:56:12","modified_gmt":"2025-11-16T07:56:12","slug":"quatre-departements-du-sud-est-en-vigilance-orange-pluie-inondation-nice-en-alerte","status":"publish","type":"post","link":"https:\/\/www.europesays.com\/fr\/537713\/","title":{"rendered":"Quatre d\u00e9partements du sud-est en vigilance orange pluie-inondation, Nice en alerte"},"content":{"rendered":"<p>La situation m\u00e9t\u00e9orologique inqui\u00e8te dans le Sud-Est. Dans son dernier bulletin, <a href=\"https:\/\/www.20minutes.fr\/dossier\/meteo_france\" target=\"_blank\" class=\"c-link c-link--is-underlined\" rel=\"noopener\">M\u00e9t\u00e9o-France<\/a> place ce dimanche quatre d\u00e9partements en vigilance orange pour pluie et risques d\u2019<a href=\"https:\/\/www.20minutes.fr\/planete\/rechauffement-climatique\/4172015-20250909-ign-publie-premiere-cartographie-detaillee-risques-inondation\" target=\"_blank\" class=\"c-link c-link--is-underlined\" rel=\"noopener\">inondation<\/a>.<\/p>\n<p>Les Alpes-Maritimes, la Dr\u00f4me, l\u2019Ard\u00e8che et l\u2019Is\u00e8re vont \u00eatre confront\u00e9s \u00e0 des pr\u00e9cipitations tr\u00e8s intenses, a indiqu\u00e9 M\u00e9t\u00e9o-France \u00e0 6 heures. La vigilance orange doit s\u2019appliquer jusqu\u2019\u00e0 18 heures. La \u00ab\u00a0d\u00e9gradation pluvieuse remonte par le sud. Les pluies s\u2019intensifient en cours de matin\u00e9e et prennent localement un caract\u00e8re orageux\u00a0\u00bb, note l\u2019agence m\u00e9t\u00e9orologique, ajoutant que \u00ab\u00a0c\u2019est surtout l\u2019intensit\u00e9 des pr\u00e9cipitations qui est \u00e0 surveiller\u00a0\u00bb.<\/p>\n<p>Estrosi incite les Ni\u00e7ois \u00e0 limiter leurs d\u00e9placements<\/p>\n<p>Dans les Alpes-Maritimes en particulier, l\u2019intensit\u00e9 des \u00ab\u00a0nombreux passages pluvieux\u00a0\u00bb peut \u00eatre forte, \u00ab\u00a0surtout vers le littoral et les premiers reliefs\u00a0\u00bb, explique le bulletin\u00a0: \u00ab\u00a0Des cumuls allant de 80 \u00e0 120\u00a0mm sont attendus, avec de possibles pointes \u00e0 pr\u00e8s de 150\u00a0mm.\u00a0\u00bb<\/p>\n<\/p>\n<p>Sur X, le Maire de Nice <a href=\"https:\/\/www.20minutes.fr\/politique\/4180530-20251021-nice-couple-estrosi-vise-plainte-deposee-parquet-national-financier\" target=\"_blank\" class=\"c-link c-link--is-underlined\" rel=\"noopener\">Christian Estrosi<\/a> a annonc\u00e9 ouvrir \u00ab\u00a0une cellule de vigilance d\u00e8s (ce dimanche) matin pour surveiller l\u2019\u00e9volution de la situation\u00a0\u00bb, ajoutant que \u00ab\u00a0les parcs, jardins, cimeti\u00e8res, plages et sentier du littoral seront ferm\u00e9s\u00a0\u00bb et incit\u00e9 les habitants \u00e0 limiter leurs d\u00e9placements.<\/p>\n<p>La situation pourrait se d\u00e9t\u00e9riorer dans le Var<\/p>\n<p>Ailleurs, en Ard\u00e8che, Dr\u00f4me et Is\u00e8re, l\u2019\u00e9pisode de pluie est attendu \u00ab\u00a0assez court mais intense\u00a0\u00bb, avec \u00ab\u00a050 \u00e0 70\u00a0mm de pluie (attendus) en 6 \u00e0 9 heures\u00a0\u00bb. Le risque de ruissellement et d\u2019inondation est soulign\u00e9 par M\u00e9t\u00e9o-France \u00ab\u00a0du pi\u00e9mont c\u00e9venol (situ\u00e9 au sud du parc national des C\u00e9vennes) jusqu\u2019au nord de l\u2019Is\u00e8re\u00a0\u00bb.<\/p>\n<p><a href=\"https:\/\/www.20minutes.fr\/dossier\/meteo_france\" target=\"_blank\" class=\"c-link c-btn c-btn--primary\" rel=\"noopener\">Notre dossier M\u00e9t\u00e9o-France<\/a><\/p>\n<p>Enfin, le statut de vigilance du d\u00e9partement du Var, en jaune pour l\u2019heure, pourrait \u00e9voluer car \u00ab\u00a0une incertitude concerne le risque de fortes pr\u00e9cipitations sur l\u2019est du Var\u00a0\u00bb, indique le pr\u00e9visionniste.<\/p>\n","protected":false},"excerpt":{"rendered":"La situation m\u00e9t\u00e9orologique inqui\u00e8te dans le Sud-Est. Dans son dernier bulletin, M\u00e9t\u00e9o-France place ce dimanche quatre d\u00e9partements en&hellip;\n","protected":false},"author":2,"featured_media":537714,"comment_status":"","ping_status":"","sticky":false,"template":"","format":"standard","meta":{"footnotes":""},"categories":[2819],"tags":[1111,47,11,2898,4646,2430,2397,2730,1777,674,1011,27,4458,108,2487,2357,12,2401,883,4459,882,25,2431,104,27202],"class_list":{"0":"post-537713","1":"post","2":"type-post","3":"status-publish","4":"format-standard","5":"has-post-thumbnail","7":"category-nice","8":"tag-actu","9":"tag-actualite","10":"tag-actualites","11":"tag-alpes-maritimes","12":"tag-ardeche","13":"tag-auvergne-rhone-alpes","14":"tag-christian-estrosi","15":"tag-drome","16":"tag-eu","17":"tag-europe","18":"tag-fr","19":"tag-france","20":"tag-inondation","21":"tag-isere","22":"tag-meteo","23":"tag-meteo-france","24":"tag-news","25":"tag-nice","26":"tag-paca","27":"tag-pluie","28":"tag-provence-alpes-cote-dazur","29":"tag-republique-francaise","30":"tag-rhone-alpes","31":"tag-societe","32":"tag-vigilance-orange"},"share_on_mastodon":{"url":"https:\/\/pubeurope.com\/@fr\/115558310518958932","error":""},"_links":{"self":[{"href":"https:\/\/www.europesays.com\/fr\/wp-json\/wp\/v2\/posts\/537713","targetHints":{"allow":["GET"]}}],"collection":[{"href":"https:\/\/www.europesays.com\/fr\/wp-json\/wp\/v2\/posts"}],"about":[{"href":"https:\/\/www.europesays.com\/fr\/wp-json\/wp\/v2\/types\/post"}],"author":[{"embeddable":true,"href":"https:\/\/www.europesays.com\/fr\/wp-json\/wp\/v2\/users\/2"}],"replies":[{"embeddable":true,"href":"https:\/\/www.europesays.com\/fr\/wp-json\/wp\/v2\/comments?post=537713"}],"version-history":[{"count":0,"href":"https:\/\/www.europesays.com\/fr\/wp-json\/wp\/v2\/posts\/537713\/revisions"}],"wp:featuredmedia":[{"embeddable":true,"href":"https:\/\/www.europesays.com\/fr\/wp-json\/wp\/v2\/media\/537714"}],"wp:attachment":[{"href":"https:\/\/www.europesays.com\/fr\/wp-json\/wp\/v2\/media?parent=537713"}],"wp:term":[{"taxonomy":"category","embeddable":true,"href":"https:\/\/www.europesays.com\/fr\/wp-json\/wp\/v2\/categories?post=537713"},{"taxonomy":"post_tag","embeddable":true,"href":"https:\/\/www.europesays.com\/fr\/wp-json\/wp\/v2\/tags?post=537713"}],"curies":[{"name":"wp","href":"https:\/\/api.w.org\/{rel}","templated":true}]}}