{"id":537717,"date":"2025-11-16T07:58:40","date_gmt":"2025-11-16T07:58:40","guid":{"rendered":"https:\/\/www.europesays.com\/fr\/537717\/"},"modified":"2025-11-16T07:58:40","modified_gmt":"2025-11-16T07:58:40","slug":"bloquons-tout-une-mobilisation-en-demi-teinte-en-loire-atlantique","status":"publish","type":"post","link":"https:\/\/www.europesays.com\/fr\/537717\/","title":{"rendered":"\u00ab\u00a0Bloquons tout\u00a0\u00bb\u00a0: une mobilisation en demi-teinte en Loire-Atlantique"},"content":{"rendered":"<p>\u00c0 14\u00a0h, \u00e0 a la crois\u00e9e des tramways pr\u00e8s de Commerce, une cinquantaine de militants sont r\u00e9unis dans le cadre de la mobilisation \u00ab\u00a0Bloquons tout\u00a0\u00bb. Cette manifestation est organis\u00e9e apr\u00e8s celle du 10\u00a0septembre, sans syndicats cette fois-ci.<\/p>\n<p>\t<img decoding=\"async\" src=\"https:\/\/www.europesays.com\/fr\/wp-content\/uploads\/2025\/11\/P35583296D7065759G_px_640_.jpg\" alt=\"photo les manifestants ont rapidement \u00e9t\u00e9 bloqu\u00e9s \u00e0 nantes.  \u00a9  photo presse oc\u00e9an-thierry butzbach\" width=\"640\" title=\" Les manifestants ont rapidement \u00e9t\u00e9 bloqu\u00e9s \u00e0 Nantes.   Photo Presse Oc\u00e9an-Thierry Butzbach \"\/><\/p>\n<p class=\"elmt-legende\"> Les manifestants ont rapidement \u00e9t\u00e9 bloqu\u00e9s \u00e0 Nantes.   Photo Presse Oc\u00e9an-Thierry Butzbach <\/p>\n<p>\t<img decoding=\"async\" src=\"https:\/\/www.europesays.com\/fr\/wp-content\/uploads\/2025\/11\/P35583297D7065759G_px_640_.jpg\" alt=\"photo environ une cinquantaine de manifestants ont particip\u00e9 \u00e0 cette mobilisation.  \u00a9  photo po-ct\" width=\"640\" title=\" Environ une cinquantaine de manifestants ont particip\u00e9 \u00e0 cette mobilisation.   Photo PO-CT \"\/><\/p>\n<p class=\"elmt-legende\"> Environ une cinquantaine de manifestants ont particip\u00e9 \u00e0 cette mobilisation.   Photo PO-CT <\/p>\n<p>\t<img decoding=\"async\" src=\"https:\/\/www.europesays.com\/fr\/wp-content\/uploads\/2025\/11\/P35583298D7065759G_px_640_.jpg\" alt=\"photo les manifestants et les forces de l\u2019ordre \u00e0 feydeau.  \u00a9  photo presse oc\u00e9an-thierry butzbach\" width=\"640\" title=\" Les manifestants et les forces de l\u2019ordre \u00e0 Feydeau.   Photo Presse Oc\u00e9an-Thierry Butzbach \"\/><\/p>\n<p class=\"elmt-legende\"> Les manifestants et les forces de l\u2019ordre \u00e0 Feydeau.   Photo Presse Oc\u00e9an-Thierry Butzbach <\/p>\n<p>\t<img decoding=\"async\" src=\"https:\/\/www.europesays.com\/fr\/wp-content\/uploads\/2025\/11\/P35583299D7065759G_px_640_.jpg\" alt=\"photo la mobilisation \u00e0 nantes.  \u00a9  photo po-ct\" width=\"640\" title=\" La mobilisation \u00e0 Nantes.   Photo PO-CT \"\/><\/p>\n<p class=\"elmt-legende\"> La mobilisation \u00e0 Nantes.   Photo PO-CT <\/p>\n<p>\t<img decoding=\"async\" src=\"https:\/\/www.europesays.com\/fr\/wp-content\/uploads\/2025\/11\/P35583300D7065759G_px_640_.jpg\" alt=\"photo la mobilisation \u00e0 nantes.  \u00a9  photo po-ct\" width=\"640\" title=\" La mobilisation \u00e0 Nantes.   Photo PO-CT \"\/><\/p>\n<p class=\"elmt-legende\"> La mobilisation \u00e0 Nantes.   Photo PO-CT <\/p>\n<p>Ce samedi apr\u00e8s-midi, le dispositif des forces de l\u2019ordre est tr\u00e8s impressionnant dans le &#8230;<\/p>\n<p>\u00a0<\/p>\n","protected":false},"excerpt":{"rendered":"\u00c0 14\u00a0h, \u00e0 a la crois\u00e9e des tramways pr\u00e8s de Commerce, une cinquantaine de militants sont r\u00e9unis dans&hellip;\n","protected":false},"author":2,"featured_media":537718,"comment_status":"","ping_status":"","sticky":false,"template":"","format":"standard","meta":{"footnotes":""},"categories":[2818],"tags":[49970,1111,11,65656,1777,674,1011,27,3047,10234,766,12,2636,25],"class_list":{"0":"post-537717","1":"post","2":"type-post","3":"status-publish","4":"format-standard","5":"has-post-thumbnail","7":"category-nantes","8":"tag-bloquons","9":"tag-actu","10":"tag-actualites","11":"tag-demi-teinte","12":"tag-eu","13":"tag-europe","14":"tag-fr","15":"tag-france","16":"tag-loire-atlantique","17":"tag-mobilisation","18":"tag-nantes","19":"tag-news","20":"tag-pays-de-la-loire","21":"tag-republique-francaise"},"share_on_mastodon":{"url":"https:\/\/pubeurope.com\/@fr\/115558320903410184","error":""},"_links":{"self":[{"href":"https:\/\/www.europesays.com\/fr\/wp-json\/wp\/v2\/posts\/537717","targetHints":{"allow":["GET"]}}],"collection":[{"href":"https:\/\/www.europesays.com\/fr\/wp-json\/wp\/v2\/posts"}],"about":[{"href":"https:\/\/www.europesays.com\/fr\/wp-json\/wp\/v2\/types\/post"}],"author":[{"embeddable":true,"href":"https:\/\/www.europesays.com\/fr\/wp-json\/wp\/v2\/users\/2"}],"replies":[{"embeddable":true,"href":"https:\/\/www.europesays.com\/fr\/wp-json\/wp\/v2\/comments?post=537717"}],"version-history":[{"count":0,"href":"https:\/\/www.europesays.com\/fr\/wp-json\/wp\/v2\/posts\/537717\/revisions"}],"wp:featuredmedia":[{"embeddable":true,"href":"https:\/\/www.europesays.com\/fr\/wp-json\/wp\/v2\/media\/537718"}],"wp:attachment":[{"href":"https:\/\/www.europesays.com\/fr\/wp-json\/wp\/v2\/media?parent=537717"}],"wp:term":[{"taxonomy":"category","embeddable":true,"href":"https:\/\/www.europesays.com\/fr\/wp-json\/wp\/v2\/categories?post=537717"},{"taxonomy":"post_tag","embeddable":true,"href":"https:\/\/www.europesays.com\/fr\/wp-json\/wp\/v2\/tags?post=537717"}],"curies":[{"name":"wp","href":"https:\/\/api.w.org\/{rel}","templated":true}]}}