{"id":537721,"date":"2025-11-16T08:00:14","date_gmt":"2025-11-16T08:00:14","guid":{"rendered":"https:\/\/www.europesays.com\/fr\/537721\/"},"modified":"2025-11-16T08:00:14","modified_gmt":"2025-11-16T08:00:14","slug":"trop-de-noirs-et-darabes-le-gerant-dun-cafe-vise-par-une-plainte-de-17-salaries-pour-racisme","status":"publish","type":"post","link":"https:\/\/www.europesays.com\/fr\/537721\/","title":{"rendered":"\u00ab\u00a0Trop de Noirs et d\u2019Arabes\u00a0\u00bb\u2026 Le g\u00e9rant d\u2019un caf\u00e9 vis\u00e9 par une plainte de 17 salari\u00e9s pour racisme"},"content":{"rendered":"<p>Ils d\u00e9noncent des \u00ab\u00a0propos <a href=\"https:\/\/www.20minutes.fr\/dossier\/racisme\" class=\"c-link c-link--is-underlined\" target=\"_blank\" rel=\"noopener\">racistes<\/a>, islamophobes, x\u00e9nophobes, sexistes et homophobes\u00a0\u00bb, qui auraient \u00e9t\u00e9 tenus par le cog\u00e9rant de l\u2019\u00e9tablissement. Le parquet de <a href=\"https:\/\/www.20minutes.fr\/bordeaux\/\" class=\"c-link c-link--is-underlined\" target=\"_blank\" rel=\"noopener\">Bordeaux<\/a> a confirm\u00e9 que la police \u00e9tait \u00ab\u00a0saisie des investigations\u00a0\u00bb, apr\u00e8s une plainte de \u00ab\u00a0plusieurs salari\u00e9s de la brasserie Le R\u00e9gent Caf\u00e9\u00a0\u00bb.<\/p>\n<p>Fin octobre, 17 employ\u00e9s de cet \u00e9tablissement situ\u00e9 face \u00e0 l\u2019Op\u00e9ra et au Grand H\u00f4tel de Bordeaux ont d\u00e9pos\u00e9 plainte. Selon leur avocate, Me Anne-Charlotte Moulins, cinq autres vont se joindre \u00e0 la proc\u00e9dure, r\u00e9v\u00e9l\u00e9e d\u00e9but novembre par Mediapart et Rue89 Bordeaux.<\/p>\n<p>Des personnes \u00ab\u00a0vuln\u00e9rables\u00a0\u00bb<\/p>\n<p>Lors d\u2019une apr\u00e8s-midi d\u2019octobre, le g\u00e9rant aurait lanc\u00e9 aux salari\u00e9s \u00ab\u00a0qu\u2019il s\u2019\u00e9tait laiss\u00e9 envahir, qu\u2019il y avait trop de noirs et d\u2019Arabes dans son \u00e9tablissement\u00a0\u00bb, avant de menacer de \u00ab\u00a0tous nous virer\u00a0\u00bb, a d\u00e9crit un employ\u00e9 originaire de <a href=\"https:\/\/www.20minutes.fr\/france\/guadeloupe\/\" class=\"c-link c-link--is-underlined\" target=\"_blank\" rel=\"noopener\">Guadeloupe<\/a>, aujourd\u2019hui en arr\u00eat maladie.<\/p>\n<\/p>\n<p>\u00c0 un serveur passant le balais, le patron a expliqu\u00e9 que \u00ab\u00a0c\u2019est un travail d\u2019Arabe\u00a0\u00bb, indiquant \u00ab\u00a0\u00e0 un coll\u00e8gue s\u00e9n\u00e9galais\u00a0\u00bb que \u00ab\u00a0la place des noirs \u00e9tait \u00e0 la cave\u00a0\u00bb, poursuit ce chef de rang de 42 ans, en pr\u00e9cisant que les personnes prises \u00e0 partie \u00e9taient \u00ab\u00a0vuln\u00e9rables\u00a0\u00bb car \u00ab\u00a0en situation de r\u00e9gularisation\u00a0\u00bb.<\/p>\n<p>Fortement alcoolis\u00e9 lors des faits<\/p>\n<p>Selon le r\u00e9cit des plaignants, le responsable de l\u2019\u00e9tablissement, \u00e9galement g\u00e9rant de brasseries \u00e0 Paris et sur la c\u00f4te basque, \u00e9tait fortement alcoolis\u00e9 lors des faits. Pour son avocat, Me Fabien-Jean Garrigues, il \u00ab\u00a0n\u2019a aucun souvenir du d\u00e9roulement\u00a0\u00bb de la journ\u00e9e en question et \u00ab\u00a0\u00e9met l\u2019hypoth\u00e8se d\u2019avoir \u00e9t\u00e9 drogu\u00e9\u00a0\u00bb.<\/p>\n<p><a href=\"https:\/\/www.20minutes.fr\/dossier\/racisme\" class=\"c-link c-btn c-btn--primary\" target=\"_blank\" rel=\"noopener\">Notre dossier sur le racisme<\/a><\/p>\n<p>\u00ab\u00a0Les dits faits sont n\u00e9anmoins, de son point de vue et d\u2019apr\u00e8s ce qui est rapport\u00e9, inexplicables et, \u00e0 les consid\u00e9rer av\u00e9r\u00e9s, inqualifiables et intol\u00e9rables\u00a0\u00bb, a ajout\u00e9 le conseil.<\/p>\n","protected":false},"excerpt":{"rendered":"Ils d\u00e9noncent des \u00ab\u00a0propos racistes, islamophobes, x\u00e9nophobes, sexistes et homophobes\u00a0\u00bb, qui auraient \u00e9t\u00e9 tenus par le cog\u00e9rant de&hellip;\n","protected":false},"author":2,"featured_media":537722,"comment_status":"","ping_status":"","sticky":false,"template":"","format":"standard","meta":{"footnotes":""},"categories":[2817],"tags":[1111,47,11,3177,1997,4305,1067,1777,674,1011,27,2905,12,2219,10162,25,2021,104],"class_list":{"0":"post-537721","1":"post","2":"type-post","3":"status-publish","4":"format-standard","5":"has-post-thumbnail","7":"category-bordeaux","8":"tag-actu","9":"tag-actualite","10":"tag-actualites","11":"tag-aquitaine","12":"tag-bordeaux","13":"tag-brasserie","14":"tag-enquete","15":"tag-eu","16":"tag-europe","17":"tag-fr","18":"tag-france","19":"tag-gironde","20":"tag-news","21":"tag-nouvelle-aquitaine","22":"tag-racisme","23":"tag-republique-francaise","24":"tag-restauration","25":"tag-societe"},"share_on_mastodon":{"url":"","error":""},"_links":{"self":[{"href":"https:\/\/www.europesays.com\/fr\/wp-json\/wp\/v2\/posts\/537721","targetHints":{"allow":["GET"]}}],"collection":[{"href":"https:\/\/www.europesays.com\/fr\/wp-json\/wp\/v2\/posts"}],"about":[{"href":"https:\/\/www.europesays.com\/fr\/wp-json\/wp\/v2\/types\/post"}],"author":[{"embeddable":true,"href":"https:\/\/www.europesays.com\/fr\/wp-json\/wp\/v2\/users\/2"}],"replies":[{"embeddable":true,"href":"https:\/\/www.europesays.com\/fr\/wp-json\/wp\/v2\/comments?post=537721"}],"version-history":[{"count":0,"href":"https:\/\/www.europesays.com\/fr\/wp-json\/wp\/v2\/posts\/537721\/revisions"}],"wp:featuredmedia":[{"embeddable":true,"href":"https:\/\/www.europesays.com\/fr\/wp-json\/wp\/v2\/media\/537722"}],"wp:attachment":[{"href":"https:\/\/www.europesays.com\/fr\/wp-json\/wp\/v2\/media?parent=537721"}],"wp:term":[{"taxonomy":"category","embeddable":true,"href":"https:\/\/www.europesays.com\/fr\/wp-json\/wp\/v2\/categories?post=537721"},{"taxonomy":"post_tag","embeddable":true,"href":"https:\/\/www.europesays.com\/fr\/wp-json\/wp\/v2\/tags?post=537721"}],"curies":[{"name":"wp","href":"https:\/\/api.w.org\/{rel}","templated":true}]}}