{"id":537725,"date":"2025-11-16T08:03:13","date_gmt":"2025-11-16T08:03:13","guid":{"rendered":"https:\/\/www.europesays.com\/fr\/537725\/"},"modified":"2025-11-16T08:03:13","modified_gmt":"2025-11-16T08:03:13","slug":"detenu-au-venezuela-depuis-quatre-mois-le-toulousain-camilo-castro-a-ete-libere","status":"publish","type":"post","link":"https:\/\/www.europesays.com\/fr\/537725\/","title":{"rendered":"d\u00e9tenu au Venezuela depuis quatre mois, le Toulousain Camilo Castro a \u00e9t\u00e9 lib\u00e9r\u00e9"},"content":{"rendered":"<p>                    Par<br \/>\n        <strong><br \/>\n            <a href=\"https:\/\/actu.fr\/auteur\/redaction-actu\" title=\"Consulter tous les articles de R\u00e9daction Actu\" target=\"_blank\" rel=\"noopener\">R\u00e9daction Actu<\/a><br \/>\n                    <\/strong><\/p>\n<p>        Publi\u00e9 le<\/p>\n<p>            16 nov. 2025 \u00e0 7h37<br \/>\n        ; mis \u00e0 jour le 16 nov. 2025 \u00e0 8h08    <\/p>\n<p>Originaire de <strong><a href=\"https:\/\/actu.fr\/toulouse\/\" target=\"_blank\" rel=\"noopener\">Toulouse<\/a><\/strong>, le Fran\u00e7ais Camilo Castro, <strong>d\u00e9tenu au Venezuela depuis fin juin 2025, a \u00e9t\u00e9 lib\u00e9r\u00e9<\/strong>, a annonc\u00e9 Emmanuel Macron sur le r\u00e9seau social X, ce dimanche 16 novembre 2025.\u00a0<\/p>\n<p class=\" wall-content\">\u00ab\u00a0<a href=\"https:\/\/actu.fr\/occitanie\/toulouse_31555\/toulouse-emprisonne-sans-motif-au-venezuela-depuis-100-jours-camilo-castro-est-use-et-malade_63253024.html\" target=\"_blank\" rel=\"noopener\">Camilo Castro<\/a> est libre. Je partage le soulagement de ses proches et remercie tous ceux qui ont \u0153uvr\u00e9 \u00e0 sa lib\u00e9ration\u00a0\u00bb, a indiqu\u00e9 le chef de l\u2019\u00c9tat fran\u00e7ais, assurant que <strong>\u00ab\u00a0la France avance parfois sans bruit<\/strong>, mais toujours avec d\u00e9termination et sang-froid\u00a0\u00bb.<\/p>\n<p class=\" wall-content\">\n<p>Une famille sans nouvelle, sauf un message audio<\/p>\n<p class=\" wall-content\"><a href=\"https:\/\/actu.fr\/occitanie\/toulouse_31555\/camilo-castro-otage-d-etat-au-venezuela-ses-proches-se-mobilisent-a-toulouse-pour-sa-liberation_63152046.html\" target=\"_blank\" rel=\"noopener\">Camilo Castro<\/a>, professeur de yoga de 41 ans, avait disparu le 26 juin au poste-fronti\u00e8re de Paraguachon, s\u00e9parant le Venezuela de la Colombie, o\u00f9 il r\u00e9side. <strong>Il s\u2019y \u00e9tait rendu pour renouveler son visa de s\u00e9jour<\/strong> <strong>colombien<\/strong> arriv\u00e9 \u00e0 \u00e9ch\u00e9ance, avait expliqu\u00e9 en ao\u00fbt sa famille.<\/p>\n<p class=\" wall-content\">Mi-septembre, sa m\u00e8re confiait n\u2019avoir plus eu de nouvelles de lui, \u00e0 l\u2019exception d\u2019un <strong>message audio<\/strong> re\u00e7u fin juillet, dans lequel Camilo Castro avait \u00ab\u00a0appel\u00e9 au secours\u00a0\u00bb.<br \/>Selon des recherches de ses proches et Amnesty international, il \u00e9tait d\u00e9tenu par les autorit\u00e9s v\u00e9n\u00e9zu\u00e9liennes.<\/p>\n<p>\u00ab\u00a0Us\u00e9 et fatigu\u00e9\u00a0\u00bb<\/p>\n<p class=\" wall-content\">En octobre dernier, il avait re\u00e7u une <strong>visite consulaire<\/strong> qui avait permis d\u2019en savoir plus sur son \u00e9tat de sant\u00e9 d\u00e9grad\u00e9 par les conditions de d\u00e9tention.\u00a0<\/p>\n<p>Vid\u00e9os : en ce moment sur Actu<\/p>\n<p class=\" wall-content\">Il \u00e9tait<strong> \u00ab\u00a0us\u00e9 et fatigu\u00e9\u00a0par la longueur de la d\u00e9tention<\/strong>, l\u2019isolement et l\u2019inaction\u00a0\u00bb. Si Camilo a indiqu\u00e9 ne pas avoir subi de s\u00e9vice, son \u00e9tat de sant\u00e9 n\u2019est pour autant pas optimum. Son \u00e9tat physique se d\u00e9grade en effet, en lien avec un <strong>pneumothorax<\/strong> dont il a souffert il y a une vingtaine d\u2019ann\u00e9es.<\/p>\n<p>Votre r\u00e9gion, votre actu !<\/p>\n<p>Recevez chaque jour les infos qui comptent pour vous.<\/p>\n<p>\t<a href=\"https:\/\/actu.fr\/newsletter\" class=\"ac-btn ac-btn--corner ac-btn--medium ac-btn--blue800\" target=\"_blank\" rel=\"noopener\">S&rsquo;incrire<\/a><br \/>\nPolitique \u00ab\u00a0de disparitions forc\u00e9es\u00a0\u00bb<\/p>\n<p class=\" wall-content\">Dans un rapport publi\u00e9 mi-juillet, Amnesty International avait d\u00e9nonc\u00e9 <strong>la politique de \u00ab\u00a0disparitions forc\u00e9es\u00a0\u00bb<\/strong> men\u00e9e depuis <a href=\"https:\/\/actu.fr\/monde\/venezuela-violentes-manifestations-apres-la-reelection-du-president-nicolas-maduro-au-moins-un-mort_61420882.html\" target=\"_blank\" rel=\"noopener\">la r\u00e9\u00e9lection du pr\u00e9sident v\u00e9n\u00e9zu\u00e9lien Nicolas Maduro<\/a> contre des opposants et des ressortissants \u00e9trangers.<\/p>\n<p class=\" wall-content\">\u00ab\u00a0Les autorit\u00e9s v\u00e9n\u00e9zu\u00e9liennes semblent utiliser cette pratique pour justifier leurs r\u00e9cits sur les \u2018conspirations \u00e9trang\u00e8res\u2019 et comme monnaie d\u2019\u00e9change dans les n\u00e9gociations avec d\u2019autres pays\u00a0\u00bb, avait accus\u00e9 l\u2019ONG de d\u00e9fense des droits humains.<\/p>\n<p class=\" wall-content\"><strong>Avec AFP<\/strong><\/p>\n<p class=\" wall-content\">Personnalisez votre actualit\u00e9 en ajoutant vos villes et m\u00e9dias en favori avec <a href=\"https:\/\/moncompte.actu.fr\" title=\"D\u00e9couvez Mon Actu\" rel=\"nofollow noopener\" data-trk=\"{&quot;cta&quot;:{&quot;action&quot;:&quot;https:\\\/\\\/moncompte.actu.fr&quot;,&quot;category&quot;:&quot;mon compte&quot;,&quot;from&quot;:&quot;article footer&quot;,&quot;name&quot;:&quot;Mon actu&quot;,&quot;type&quot;:&quot;cta&quot;}}\" target=\"_blank\">Mon Actu<\/a>.<\/p>\n","protected":false},"excerpt":{"rendered":"Par R\u00e9daction Actu Publi\u00e9 le 16 nov. 2025 \u00e0 7h37 ; mis \u00e0 jour le 16 nov. 2025&hellip;\n","protected":false},"author":2,"featured_media":537726,"comment_status":"","ping_status":"","sticky":false,"template":"","format":"standard","meta":{"footnotes":""},"categories":[2816],"tags":[1111,11,3676,1777,674,1011,27,12,2680,25,104,2312],"class_list":{"0":"post-537725","1":"post","2":"type-post","3":"status-publish","4":"format-standard","5":"has-post-thumbnail","7":"category-toulouse","8":"tag-actu","9":"tag-actualites","10":"tag-disparition-inquietante","11":"tag-eu","12":"tag-europe","13":"tag-fr","14":"tag-france","15":"tag-news","16":"tag-occitanie","17":"tag-republique-francaise","18":"tag-societe","19":"tag-toulouse"},"share_on_mastodon":{"url":"https:\/\/pubeurope.com\/@fr\/115558338060958434","error":""},"_links":{"self":[{"href":"https:\/\/www.europesays.com\/fr\/wp-json\/wp\/v2\/posts\/537725","targetHints":{"allow":["GET"]}}],"collection":[{"href":"https:\/\/www.europesays.com\/fr\/wp-json\/wp\/v2\/posts"}],"about":[{"href":"https:\/\/www.europesays.com\/fr\/wp-json\/wp\/v2\/types\/post"}],"author":[{"embeddable":true,"href":"https:\/\/www.europesays.com\/fr\/wp-json\/wp\/v2\/users\/2"}],"replies":[{"embeddable":true,"href":"https:\/\/www.europesays.com\/fr\/wp-json\/wp\/v2\/comments?post=537725"}],"version-history":[{"count":0,"href":"https:\/\/www.europesays.com\/fr\/wp-json\/wp\/v2\/posts\/537725\/revisions"}],"wp:featuredmedia":[{"embeddable":true,"href":"https:\/\/www.europesays.com\/fr\/wp-json\/wp\/v2\/media\/537726"}],"wp:attachment":[{"href":"https:\/\/www.europesays.com\/fr\/wp-json\/wp\/v2\/media?parent=537725"}],"wp:term":[{"taxonomy":"category","embeddable":true,"href":"https:\/\/www.europesays.com\/fr\/wp-json\/wp\/v2\/categories?post=537725"},{"taxonomy":"post_tag","embeddable":true,"href":"https:\/\/www.europesays.com\/fr\/wp-json\/wp\/v2\/tags?post=537725"}],"curies":[{"name":"wp","href":"https:\/\/api.w.org\/{rel}","templated":true}]}}