{"id":537727,"date":"2025-11-16T08:04:10","date_gmt":"2025-11-16T08:04:10","guid":{"rendered":"https:\/\/www.europesays.com\/fr\/537727\/"},"modified":"2025-11-16T08:04:10","modified_gmt":"2025-11-16T08:04:10","slug":"une-troisieme-boutique-ephemere-annoncee-au-centre-commercial-mcarthurglen","status":"publish","type":"post","link":"https:\/\/www.europesays.com\/fr\/537727\/","title":{"rendered":"une troisi\u00e8me boutique \u00e9ph\u00e9m\u00e8re annonc\u00e9e au centre commercial McArthurglen"},"content":{"rendered":"<p>                    Par<br \/>\n        <strong><br \/>\n            <a href=\"https:\/\/actu.fr\/auteur\/nicolas-demollien\" title=\"Consulter tous les articles de Nicolas Demollien\" rel=\"nofollow noopener\" target=\"_blank\">Nicolas Demollien<\/a><br \/>\n                    <\/strong><\/p>\n<p>        Publi\u00e9 le<\/p>\n<p>            16 nov. 2025 \u00e0 8h40        <\/p>\n<p>D\u00e9cid\u00e9ment, il y a du <b>mouvement au centre commercial outlet<\/b> <a href=\"https:\/\/actu.fr\/tag\/mcarthurglen\" rel=\"nofollow noopener\" target=\"_blank\">McArthurGlen<\/a> de <a href=\"https:\/\/actu.fr\/hauts-de-france\/roubaix_59512\" rel=\"nofollow noopener\" target=\"_blank\">Roubaix<\/a> (Nord) ! En attendant l\u2019<a href=\"https:\/\/actu.fr\/hauts-de-france\/roubaix_59512\/roubaix-cette-marque-de-chaussures-mondialement-connue-qui-cartonne-ouvre-une-boutique-chez-mcarthurglen_63397829.html\" rel=\"nofollow noopener\" target=\"_blank\">ouverture tr\u00e8s attendue de Crocs<\/a>, une <b>troisi\u00e8me boutique \u00e9ph\u00e9m\u00e8re<\/b> est annonc\u00e9e \u00e0 la date du samedi 22 novembre 2025, <a href=\"https:\/\/actu.fr\/hauts-de-france\/roubaix_59512\/roubaix-deux-nouvelles-boutiques-surprenantes-ouvrent-a-mcarthurglen-pile-a-temps-pour-les-cadeaux-de-noel_63382508.html\" rel=\"nofollow noopener\" target=\"_blank\">apr\u00e8s So Candles et Thyo<\/a>.<\/p>\n<p>La Lune Dor\u00e9e d\u00e9barque chez McarthurGlen \u00e0 Roubaix<\/p>\n<p class=\" wall-content\">Cette enseigne c\u2019est la <b>marque Lune Dor\u00e9e<\/b>. \u00ab\u00a0Elle posera ses valises au c\u0153ur de notre village de marques le temps d\u2019une journ\u00e9e\u00a0\u00bb, d\u00e9taille le centre commercial.<\/p>\n<p class=\" wall-content\">R\u00e9put\u00e9e pour ses <b>bijoux 100% personnalisables en acier inoxydable<\/b>, elle proposera un large choix de colliers, bracelets, bagues, boucles d\u2019oreilles et bijoux de sacs, ainsi que plus de 100 pendentifs pour cr\u00e9er un bijou unique, \u00e0 s\u2019offrir ou \u00e0 offrir. De bon augure alors que les f\u00eates de <a href=\"https:\/\/actu.fr\/tag\/noel\" rel=\"nofollow noopener\" target=\"_blank\">No\u00ebl<\/a> approchent \u00e0 grands pas.<\/p>\n<p class=\" wall-content\">Notons que cette \u00ab\u00a0animation\u00a0\u00bb est organis\u00e9e dans le cadre du Black Friday qui va rythmer les all\u00e9es du centre du 21 novembre au 1er d\u00e9cembre 2025, \u00ab\u00a0avec des remises exceptionnelles dans les boutiques participantes\u00a0\u00bb.<\/p>\n<p class=\" wall-content\">Plus d\u2019informations sur le site <a href=\"https:\/\/www.mcarthurglen.com\/fr\/outlets\/fr\/designer-outlet-roubaix\/\" rel=\"nofollow noopener\" target=\"_blank\">mcarthurglen.com<\/a><\/p>\n<p class=\" wall-content\">Personnalisez votre actualit\u00e9 en ajoutant vos villes et m\u00e9dias en favori avec <a href=\"https:\/\/moncompte.actu.fr\" title=\"D\u00e9couvez Mon Actu\" rel=\"nofollow noopener\" data-trk=\"{&quot;cta&quot;:{&quot;action&quot;:&quot;https:\\\/\\\/moncompte.actu.fr&quot;,&quot;category&quot;:&quot;mon compte&quot;,&quot;from&quot;:&quot;article footer&quot;,&quot;name&quot;:&quot;Mon actu&quot;,&quot;type&quot;:&quot;cta&quot;}}\" target=\"_blank\">Mon Actu<\/a>.<\/p>\n","protected":false},"excerpt":{"rendered":"Par Nicolas Demollien Publi\u00e9 le 16 nov. 2025 \u00e0 8h40 D\u00e9cid\u00e9ment, il y a du mouvement au centre&hellip;\n","protected":false},"author":2,"featured_media":537728,"comment_status":"","ping_status":"","sticky":false,"template":"","format":"standard","meta":{"footnotes":""},"categories":[2815],"tags":[1111,11,1777,674,1011,27,811,1307,34684,12,3147,25,104],"class_list":{"0":"post-537727","1":"post","2":"type-post","3":"status-publish","4":"format-standard","5":"has-post-thumbnail","7":"category-lille","8":"tag-actu","9":"tag-actualites","10":"tag-eu","11":"tag-europe","12":"tag-fr","13":"tag-france","14":"tag-hauts-de-france","15":"tag-lille","16":"tag-mcarthurglen","17":"tag-news","18":"tag-nouveaux-commerces","19":"tag-republique-francaise","20":"tag-societe"},"share_on_mastodon":{"url":"https:\/\/pubeurope.com\/@fr\/115558341931838642","error":""},"_links":{"self":[{"href":"https:\/\/www.europesays.com\/fr\/wp-json\/wp\/v2\/posts\/537727","targetHints":{"allow":["GET"]}}],"collection":[{"href":"https:\/\/www.europesays.com\/fr\/wp-json\/wp\/v2\/posts"}],"about":[{"href":"https:\/\/www.europesays.com\/fr\/wp-json\/wp\/v2\/types\/post"}],"author":[{"embeddable":true,"href":"https:\/\/www.europesays.com\/fr\/wp-json\/wp\/v2\/users\/2"}],"replies":[{"embeddable":true,"href":"https:\/\/www.europesays.com\/fr\/wp-json\/wp\/v2\/comments?post=537727"}],"version-history":[{"count":0,"href":"https:\/\/www.europesays.com\/fr\/wp-json\/wp\/v2\/posts\/537727\/revisions"}],"wp:featuredmedia":[{"embeddable":true,"href":"https:\/\/www.europesays.com\/fr\/wp-json\/wp\/v2\/media\/537728"}],"wp:attachment":[{"href":"https:\/\/www.europesays.com\/fr\/wp-json\/wp\/v2\/media?parent=537727"}],"wp:term":[{"taxonomy":"category","embeddable":true,"href":"https:\/\/www.europesays.com\/fr\/wp-json\/wp\/v2\/categories?post=537727"},{"taxonomy":"post_tag","embeddable":true,"href":"https:\/\/www.europesays.com\/fr\/wp-json\/wp\/v2\/tags?post=537727"}],"curies":[{"name":"wp","href":"https:\/\/api.w.org\/{rel}","templated":true}]}}